{"id":2453,"date":"2025-06-08T08:02:10","date_gmt":"2025-06-08T07:02:10","guid":{"rendered":"https:\/\/renouvelable-habitat.fr\/bretagne-un-immense-projet-denergie-solaire-sur-une-gigantesque-plateforme-logistique\/"},"modified":"2025-06-08T08:02:10","modified_gmt":"2025-06-08T07:02:10","slug":"bretagne-un-immense-projet-denergie-solaire-sur-une-gigantesque-plateforme-logistique","status":"publish","type":"post","link":"https:\/\/renouvelable-habitat.fr\/de\/bretagne-un-immense-projet-denergie-solaire-sur-une-gigantesque-plateforme-logistique\/","title":{"rendered":"Bretagne : un immense projet d&rsquo;\u00e9nergie solaire sur une gigantesque plateforme logistique"},"content":{"rendered":"<p>En Bretagne, un projet ambitieux m\u00ealant logistique et \u00e9nergie renouvelable prend forme \u00e0 Saint-Caradec, dans les C\u00f4tes-d\u2019Armor. La plateforme logistique ID Logistics, \u00e9tendue sur 48 000 m\u00b2 et situ\u00e9e sur un terrain de 96 000 m\u00b2, se distingue aujourd\u2019hui par son int\u00e9gration d\u2019une toiture solaire photovolta\u00efque \u00e0 grande \u00e9chelle, op\u00e9rationnelle depuis mars 2025. Gr\u00e2ce \u00e0 la collaboration de Solstyce, sp\u00e9cialiste en installation solaire, cette infrastructure illustre parfaitement la dynamique d\u2019<strong>EcoBretagne<\/strong> und von <strong>BreizhDurable<\/strong>, int\u00e9grant pleinement l\u2019\u00e9nergie solaire dans les op\u00e9rations logistiques.<\/p>\n\n<p>La plateforme, con\u00e7ue avec le concours du groupe ID Logistics, du cabinet d\u2019architecture AFA + SANAE et d\u2019APRC Group en immobilier logistique, vise \u00e0 allier performance \u00e9conomique et respect environnemental. Sa toiture, compos\u00e9e de pr\u00e8s de 6 000 panneaux solaires et 11 onduleurs, produit une \u00e9nergie estim\u00e9e \u00e0 2,4 GWh par an, alimentant l\u2019\u00e9quivalent de <strong>513 foyers bretons<\/strong>. Ce projet s\u2019inscrit dans une tendance croissante en Bretagne vers l\u2019utilisation massive du solaire, comme en t\u00e9moigne la mont\u00e9e en puissance de projets similaires autour de Rennes ou dans le Finist\u00e8re, renfor\u00e7ant ainsi la position de la r\u00e9gion dans le paysage des \u00e9nergies renouvelables.<\/p>\n\n<p>Ce d\u00e9veloppement illustre le partenariat entre logistique et \u00e9nergie photovolta\u00efque, mettant en lumi\u00e8re l\u2019essor de la <strong>LogistiqueSolaire<\/strong> dans la r\u00e9gion. La plateforme re\u00e7oit la certification BREEAM \u00ab\u00a0very good\u00a0\u00bb, attestant de la qualit\u00e9 environnementale et \u00e9nerg\u00e9tique du b\u00e2timent. Le volet production d\u2019\u00e9nergie s\u2019enrichit d\u2019un mod\u00e8le \u00e9conomique hybride o\u00f9 2,1 MWc sont inject\u00e9s dans le r\u00e9seau public tandis que 500 kWc sont consomm\u00e9s directement pour les besoins du site, renfor\u00e7ant ainsi le concept de <strong>PlatformEnergie<\/strong> innovante alliant productivit\u00e9 et durabilit\u00e9.<\/p>\n\n<figure class=\"wp-block-image size-full\"><img decoding=\"async\" width=\"1344\" height=\"768\" src=\"https:\/\/renouvelable-habitat.fr\/wp-content\/uploads\/2025\/06\/Bretagne-un-immense-projet-denergie-solaire-sur-une-gigantesque-plateforme-logistique-1.jpg\" alt=\"d\u00e9couvrez le projet r\u00e9volutionnaire en bretagne : une vaste installation d&#039;\u00e9nergie solaire sur une plateforme logistique gigantesque, visant \u00e0 promouvoir les \u00e9nergies renouvelables et \u00e0 transformer le paysage \u00e9nerg\u00e9tique r\u00e9gional.\" class=\"wp-image-2451\" srcset=\"https:\/\/renouvelable-habitat.fr\/wp-content\/uploads\/2025\/06\/Bretagne-un-immense-projet-denergie-solaire-sur-une-gigantesque-plateforme-logistique-1.jpg 1344w, https:\/\/renouvelable-habitat.fr\/wp-content\/uploads\/2025\/06\/Bretagne-un-immense-projet-denergie-solaire-sur-une-gigantesque-plateforme-logistique-1-300x171.jpg 300w, https:\/\/renouvelable-habitat.fr\/wp-content\/uploads\/2025\/06\/Bretagne-un-immense-projet-denergie-solaire-sur-une-gigantesque-plateforme-logistique-1-1024x585.jpg 1024w, https:\/\/renouvelable-habitat.fr\/wp-content\/uploads\/2025\/06\/Bretagne-un-immense-projet-denergie-solaire-sur-une-gigantesque-plateforme-logistique-1-768x439.jpg 768w, https:\/\/renouvelable-habitat.fr\/wp-content\/uploads\/2025\/06\/Bretagne-un-immense-projet-denergie-solaire-sur-une-gigantesque-plateforme-logistique-1-18x10.jpg 18w\" sizes=\"(max-width: 1344px) 100vw, 1344px\" \/><\/figure>\n\n<h2 class=\"wp-block-heading\">Un gigantesque projet solaire photovolta\u00efque pour une plateforme logistique en Bretagne<\/h2>\n\n<p>La r\u00e9gion Bretagne voit se concr\u00e9tiser un exemple majeur de transition \u00e9nerg\u00e9tique avec la mise en service d\u2019une toiture solaire de 50 000 m\u00b2 sur la plateforme ID Logistics \u00e0 Saint-Caradec. Cette installation, pourvoyeuse d\u2019\u00e9nergie renouvelable, s\u2019ins\u00e8re pleinement dans la strat\u00e9gie r\u00e9gionale <strong>BreizhEnergie<\/strong> visant \u00e0 d\u00e9ployer l\u2019\u00e9nergie photovolta\u00efque sur des infrastructures \u00e0 fort potentiel d\u2019usage.<\/p>\n\n<ul class=\"wp-block-list\"><li>Surface toiture photovolta\u00efque : environ 50 000 m\u00b2<\/li><li>Puissance install\u00e9e : 2,6 MWc<\/li><li>Production annuelle estim\u00e9e : 2,4 GWh<\/li><li>Nombre de panneaux solaires : pr\u00e8s de 6 000<\/li><li>Nombre d\u2019onduleurs : 11<\/li><li>Consommation couverte : \u00e9quivalent de 513 foyers<\/li><li>Certification environnementale : BREEAM \u00ab\u00a0very good\u00a0\u00bb<\/li><\/ul>\n\n<figure class=\"wp-block-table\"><table>\n<thead>\n<tr>\n<th>Merkmal<\/th>\n<th>Donn\u00e9es<\/th>\n<th>Auswirkungen<\/th>\n<\/tr>\n<\/thead>\n<tbody>\n<tr>\n<td>Superficie totale du site<\/td>\n<td>96 000 m\u00b2<\/td>\n<td>Plateforme logistique importante taille<\/td>\n<\/tr>\n<tr>\n<td>Surface toiture \u00e9quip\u00e9e<\/td>\n<td>~50 000 m\u00b2<\/td>\n<td>Large int\u00e9gration solaire<\/td>\n<\/tr>\n<tr>\n<td>Puissance \u00e9lectrique totale<\/td>\n<td>2,6 MWc<\/td>\n<td>Production \u00e9nerg\u00e9tique \u00e9lev\u00e9e<\/td>\n<\/tr>\n<tr>\n<td>Production annuelle d\u2019\u00e9lectricit\u00e9<\/td>\n<td>2,4 GWh<\/td>\n<td>Alimentation pour 513 foyers<\/td>\n<\/tr>\n<tr>\n<td>Nombre de panneaux solaires<\/td>\n<td>~6 000<\/td>\n<td>Technologie photovolta\u00efque avanc\u00e9e<\/td>\n<\/tr>\n<\/tbody>\n<\/table><\/figure>\n\n<p>Ce projet traduit une r\u00e9elle avanc\u00e9e dans le secteur de l\u2019<strong>EnergiBreizh<\/strong>, d\u00e9montrant comment la <strong>SoleilLogistique<\/strong> peut s\u2019imposer en Bretagne comme une r\u00e9ponse concr\u00e8te \u00e0 la demande croissante d\u2019<strong>GreenLogistique<\/strong>. La toiture solaire fonctionne d\u00e9sormais en deux modes : une part importante d\u2019\u00e9nergie est inject\u00e9e (2,1 MWc) dans le r\u00e9seau \u00e9lectrique public tandis qu\u2019une puissance d\u2019autoconsommation de 500 kWc permet de r\u00e9pondre directement aux besoins \u00e9nerg\u00e9tiques du b\u00e2timent.<\/p>\n\n<figure class=\"is-provider-youtube is-type-video wp-block-embed wp-block-embed-youtube wp-embed-aspect-16-9 wp-has-aspect-ratio\"><div class=\"wp-block-embed__wrapper\">\n<iframe title=\"Le 1er parc photovolta\u00efque financ\u00e9, cr\u00e9\u00e9 et g\u00e9r\u00e9 par des citoyens\" width=\"1200\" height=\"675\" src=\"https:\/\/www.youtube.com\/embed\/yrqa_TpWybg?feature=oembed\" frameborder=\"0\" allow=\"accelerometer; autoplay; clipboard-write; encrypted-media; gyroscope; picture-in-picture; web-share\" referrerpolicy=\"strict-origin-when-cross-origin\" allowfullscreen><\/iframe>\n<\/div><\/figure>\n\n<h3 class=\"wp-block-heading\">Les acteurs majeurs de l\u2019\u00e9nergie solaire en Bretagne \u00e0 travers des projets logistiques<\/h3>\n\n<p>Le d\u00e9veloppement de projets comme celui de Saint-Caradec s\u2019appuie sur des partenariats solides r\u00e9unissant divers acteurs sp\u00e9cialis\u00e9s :<\/p>\n\n<ul class=\"wp-block-list\"><li><strong>ID Logistics<\/strong> : ma\u00eetre d\u2019ouvrage du site logistique<\/li><li><strong>Solstyce<\/strong> : expert en installation de toitures photovolta\u00efques<\/li><li><strong>APRC Group<\/strong> : sp\u00e9cialiste immobilier logistique<\/li><li><strong>AFA + SANAE Architecture<\/strong> : conception \u00e0 haute performance \u00e9nerg\u00e9tique<\/li><\/ul>\n\n<p>Cette synergie a permis la certification BREEAM, un standard minimal reconnu au niveau europ\u00e9en garantissant un impact r\u00e9duit sur l\u2019environnement et une optimisation \u00e9nerg\u00e9tique pour les b\u00e2timents. Ce mod\u00e8le fait \u00e9cho \u00e0 d\u2019autres initiatives telles que la centrale solaire au Rheu pr\u00e8s de Rennes ou la grande ferme photovolta\u00efque de Lorient Agglom\u00e9ration, illustrant la dynamique r\u00e9gionale <strong>BretagneSolaire<\/strong> port\u00e9e par la vision <a href=\"https:\/\/www.ambition-climat-energie.bzh\/page-d-exemple\/la-strategie-regionale-ambition-climat-energie\/lenergie-solaire-photovoltaique\/\" target=\"_blank\">Ambition Climat Energie<\/a>.<\/p>\n\n<figure class=\"wp-block-image size-full\"><img decoding=\"async\" width=\"1344\" height=\"768\" src=\"https:\/\/renouvelable-habitat.fr\/wp-content\/uploads\/2025\/06\/Bretagne-un-immense-projet-denergie-solaire-sur-une-gigantesque-plateforme-logistique-2.jpg\" alt=\"d\u00e9couvrez le projet r\u00e9volutionnaire d&#039;\u00e9nergie solaire en bretagne, qui transforme une immense plateforme logistique en un mod\u00e8le de durabilit\u00e9. explorez comment cette initiative ambitieuse s&#039;inscrit dans la transition \u00e9nerg\u00e9tique et contribuera \u00e0 un avenir plus vert.\" class=\"wp-image-2452\" srcset=\"https:\/\/renouvelable-habitat.fr\/wp-content\/uploads\/2025\/06\/Bretagne-un-immense-projet-denergie-solaire-sur-une-gigantesque-plateforme-logistique-2.jpg 1344w, https:\/\/renouvelable-habitat.fr\/wp-content\/uploads\/2025\/06\/Bretagne-un-immense-projet-denergie-solaire-sur-une-gigantesque-plateforme-logistique-2-300x171.jpg 300w, https:\/\/renouvelable-habitat.fr\/wp-content\/uploads\/2025\/06\/Bretagne-un-immense-projet-denergie-solaire-sur-une-gigantesque-plateforme-logistique-2-1024x585.jpg 1024w, https:\/\/renouvelable-habitat.fr\/wp-content\/uploads\/2025\/06\/Bretagne-un-immense-projet-denergie-solaire-sur-une-gigantesque-plateforme-logistique-2-768x439.jpg 768w, https:\/\/renouvelable-habitat.fr\/wp-content\/uploads\/2025\/06\/Bretagne-un-immense-projet-denergie-solaire-sur-une-gigantesque-plateforme-logistique-2-18x10.jpg 18w\" sizes=\"(max-width: 1344px) 100vw, 1344px\" \/><\/figure>\n\n<figure class=\"is-provider-youtube is-type-video wp-block-embed wp-block-embed-youtube wp-embed-aspect-16-9 wp-has-aspect-ratio\"><div class=\"wp-block-embed__wrapper\">\n<iframe title=\"Plateforme Logistique GLD Villard-Bonnot\" width=\"1200\" height=\"675\" src=\"https:\/\/www.youtube.com\/embed\/edHFxdC-aPo?feature=oembed\" frameborder=\"0\" allow=\"accelerometer; autoplay; clipboard-write; encrypted-media; gyroscope; picture-in-picture; web-share\" referrerpolicy=\"strict-origin-when-cross-origin\" allowfullscreen><\/iframe>\n<\/div><\/figure>\n\n<h2 class=\"wp-block-heading\">Mod\u00e8les \u00e9conomiques innovants et impacts environnementaux du projet de Saint-Caradec<\/h2>\n\n<p>Le projet s\u2019inscrit dans une logique duale innovante, combinant production d\u00e9centralis\u00e9e et consommation optimis\u00e9e :<\/p>\n\n<ol class=\"wp-block-list\"><li>Injection dans le r\u00e9seau \u00e9lectrique public \u00e0 hauteur de <strong>2,1 MWc<\/strong> depuis mars 2025, participant activement \u00e0 la transition \u00e9nerg\u00e9tique r\u00e9gionale.<\/li><li>Autoconsommation d\u2019une puissance photovolta\u00efque de <strong>500 kWc<\/strong>, couvrant les besoins en \u00e9lectricit\u00e9 du b\u00e2timent, r\u00e9duisant ainsi la d\u00e9pendance aux \u00e9nergies fossiles.<\/li><\/ol>\n\n<figure class=\"wp-block-table\"><table>\n<thead>\n<tr>\n<th>Aspekt<\/th>\n<th>Valeur<\/th>\n<th>Vorteile<\/th>\n<\/tr>\n<\/thead>\n<tbody>\n<tr>\n<td>Injection au r\u00e9seau<\/td>\n<td>2,1 MWc<\/td>\n<td>Alimentation en \u00e9nergie renouvelable<\/td>\n<\/tr>\n<tr>\n<td>Eigenverbrauch<\/td>\n<td>500 kWc<\/td>\n<td>R\u00e9duction des d\u00e9penses \u00e9nerg\u00e9tiques<\/td>\n<\/tr>\n<tr>\n<td>Certification BREEAM<\/td>\n<td>Very good<\/td>\n<td>Garantie qualit\u00e9 environnementale<\/td>\n<\/tr>\n<tr>\n<td>\u00c9missions \u00e9vit\u00e9es<\/td>\n<td>&#8211;<\/td>\n<td>R\u00e9duction de gaz \u00e0 effet de serre estim\u00e9e<\/td>\n<\/tr>\n<\/tbody>\n<\/table><\/figure>\n\n<p>Ce mod\u00e8le <strong>PlatformEnergie<\/strong> s\u2019appuie sur une approche pragmatique et durable, exemplaire pour d\u2019autres implantations logistiques qui souhaitent b\u00e9n\u00e9ficier de l\u2019apport \u00e9nerg\u00e9tique du solaire tout en renfor\u00e7ant leur empreinte environnementale. Il rejoint ainsi la strat\u00e9gie <strong>BreizhDurable<\/strong> et l\u2019ambition d\u2019une <strong>BretagneSolaire<\/strong> prosp\u00e8re et respectueuse. D\u2019autres projets sont en cours, notamment aux portes de Rennes, avec un parc photovolta\u00efque majeur en d\u00e9veloppement (<a href=\"https:\/\/www.letelegramme.fr\/ille-et-vilaine\/rennes-35000\/aux-portes-de-rennes-un-mega-parc-photovoltaique-va-voir-le-jour-6643013.php\" target=\"_blank\">source<\/a>).<\/p>\n\n<h3 class=\"wp-block-heading\">Engagement de la r\u00e9gion Bretagne dans la transition \u00e9nerg\u00e9tique<\/h3>\n\n<p>La mont\u00e9e en puissance des installations photovolta\u00efques en Bretagne repr\u00e9sente une ambition claire pour r\u00e9pondre aux objectifs climatiques et \u00e9nerg\u00e9tiques r\u00e9gionaux. Le soutien aux infrastructures comme la plateforme ID Logistics illustre la convergence entre innovation technologique et d\u00e9veloppement durable.<\/p>\n\n<ul class=\"wp-block-list\"><li>Participation active aux objectifs r\u00e9gionaux de r\u00e9duction des \u00e9missions de gaz \u00e0 effet de serre<\/li><li>Mise en \u0153uvre de solutions d\u2019<strong>EnergiBreizh<\/strong> respectueuses des paysages locaux<\/li><li>Am\u00e9lioration de la r\u00e9silience \u00e9nerg\u00e9tique gr\u00e2ce \u00e0 la production locale d\u2019\u00e9lectricit\u00e9<\/li><li>Soutien aux initiatives de <strong>SoleilBretagne<\/strong> und <strong>BretagneSolaire<\/strong><\/li><li>Engagement dans la certification environnementale des b\u00e2timents industriels<\/li><\/ul>\n\n<p>Cet investissement dans la <strong>GreenLogistique<\/strong> est une r\u00e9ponse concr\u00e8te aux enjeux \u00e9nerg\u00e9tiques actuels, valorisant le mod\u00e8le breton par son exemplarit\u00e9 et sa capacit\u00e9 \u00e0 allier comp\u00e9titivit\u00e9 \u00e9conomique et responsabilit\u00e9 \u00e9cologique.<\/p>\n\n<h2 class=\"wp-block-heading\">FAQ sur le projet \u00e9nerg\u00e9tique solaire de la plateforme logistique ID Logistics \u00e0 Saint-Caradec<\/h2>\n\n<ul class=\"wp-block-list\"><li><strong>Quelle est la capacit\u00e9 de production annuelle de la toiture solaire ?<\/strong><br>La production est estim\u00e9e \u00e0 2,4 GWh par an, suffisante pour alimenter environ 513 foyers.<\/li><li><strong>Quels sont les avantages de la certification BREEAM \u00ab\u00a0very good\u00a0\u00bb ?<\/strong><br>Elle garantit que le b\u00e2timent respecte des crit\u00e8res rigoureux en mati\u00e8re d\u2019impact environnemental, d\u2019efficacit\u00e9 \u00e9nerg\u00e9tique et de confort int\u00e9rieur.<\/li><li><strong>Comment fonctionne le mod\u00e8le \u00e9conomique dual de la centrale solaire ?<\/strong><br>Une partie de l\u2019\u00e9nergie (2,1 MWc) est inject\u00e9e dans le r\u00e9seau public, tandis que 500 kWc sont consomm\u00e9s directement sur place en autoconsommation.<\/li><li><strong>Quels acteurs ont particip\u00e9 \u00e0 la r\u00e9alisation de ce projet ?<\/strong><br>Le groupe ID Logistics, Solstyce, APRC Group et le cabinet AFA + SANAE Architecture.<\/li><li><strong>Quelles d\u00e9marches r\u00e9gionales soutiennent ce type de projets ?<\/strong><br>La strat\u00e9gie <a href=\"https:\/\/www.ambition-climat-energie.bzh\/page-d-exemple\/la-strategie-regionale-ambition-climat-energie\/lenergie-solaire-photovoltaique\/\" target=\"_blank\">Ambition Climat Energie<\/a> encourage le d\u00e9ploiement raisonn\u00e9 du photovolta\u00efque sur des structures existantes et nouvelles.<\/li><\/ul>","protected":false},"excerpt":{"rendered":"<p>En Bretagne, un projet ambitieux m\u00ealant logistique et \u00e9nergie renouvelable prend forme \u00e0 Saint-Caradec, dans les C\u00f4tes-d\u2019Armor. La plateforme logistique ID Logistics, \u00e9tendue sur 48 000 m\u00b2 et situ\u00e9e sur un terrain de 96 000 m\u00b2, se distingue aujourd\u2019hui par son int\u00e9gration d\u2019une toiture solaire photovolta\u00efque \u00e0 grande \u00e9chelle, op\u00e9rationnelle depuis mars 2025. Gr\u00e2ce \u00e0 &#8230; <a title=\"Bretagne : un immense projet d&rsquo;\u00e9nergie solaire sur une gigantesque plateforme logistique\" class=\"read-more\" href=\"https:\/\/renouvelable-habitat.fr\/de\/bretagne-un-immense-projet-denergie-solaire-sur-une-gigantesque-plateforme-logistique\/\" aria-label=\"Mehr Informationen \u00fcber Bretagne : un immense projet d&rsquo;\u00e9nergie solaire sur une gigantesque plateforme logistique\">Weiterlesen\u2026<\/a><\/p>","protected":false},"author":3,"featured_media":2450,"comment_status":"open","ping_status":"open","sticky":false,"template":"","format":"standard","meta":{"_seopress_robots_primary_cat":"","_seopress_titles_title":"Bretagne : une plateforme logistique au service de l'\u00e9nergie solaire","_seopress_titles_desc":"D\u00e9couvrez le projet d'\u00e9nergie solaire en Bretagne : une plateforme logistique g\u00e9ante qui mise sur l'\u00e9nergie renouvelable et l'innovation.","_seopress_robots_index":"","inline_featured_image":false,"footnotes":""},"categories":[16],"tags":[],"class_list":["post-2453","post","type-post","status-publish","format-standard","has-post-thumbnail","hentry","category-actualite","generate-columns","tablet-grid-50","mobile-grid-100","grid-parent","grid-33"],"_links":{"self":[{"href":"https:\/\/renouvelable-habitat.fr\/de\/wp-json\/wp\/v2\/posts\/2453","targetHints":{"allow":["GET"]}}],"collection":[{"href":"https:\/\/renouvelable-habitat.fr\/de\/wp-json\/wp\/v2\/posts"}],"about":[{"href":"https:\/\/renouvelable-habitat.fr\/de\/wp-json\/wp\/v2\/types\/post"}],"author":[{"embeddable":true,"href":"https:\/\/renouvelable-habitat.fr\/de\/wp-json\/wp\/v2\/users\/3"}],"replies":[{"embeddable":true,"href":"https:\/\/renouvelable-habitat.fr\/de\/wp-json\/wp\/v2\/comments?post=2453"}],"version-history":[{"count":0,"href":"https:\/\/renouvelable-habitat.fr\/de\/wp-json\/wp\/v2\/posts\/2453\/revisions"}],"wp:featuredmedia":[{"embeddable":true,"href":"https:\/\/renouvelable-habitat.fr\/de\/wp-json\/wp\/v2\/media\/2450"}],"wp:attachment":[{"href":"https:\/\/renouvelable-habitat.fr\/de\/wp-json\/wp\/v2\/media?parent=2453"}],"wp:term":[{"taxonomy":"category","embeddable":true,"href":"https:\/\/renouvelable-habitat.fr\/de\/wp-json\/wp\/v2\/categories?post=2453"},{"taxonomy":"post_tag","embeddable":true,"href":"https:\/\/renouvelable-habitat.fr\/de\/wp-json\/wp\/v2\/tags?post=2453"}],"curies":[{"name":"wp","href":"https:\/\/api.w.org\/{rel}","templated":true}]}}