{"id":2942,"date":"2025-08-20T08:01:13","date_gmt":"2025-08-20T07:01:13","guid":{"rendered":"https:\/\/renouvelable-habitat.fr\/das-solar-une-entreprise-chinoise-annonce-limplantation-dune-nouvelle-usine-de-panneaux-solaires-dans-le-doubs\/"},"modified":"2025-08-20T08:01:13","modified_gmt":"2025-08-20T07:01:13","slug":"das-solar-une-entreprise-chinoise-annonce-limplantation-dune-nouvelle-usine-de-panneaux-solaires-dans-le-doubs","status":"publish","type":"post","link":"https:\/\/renouvelable-habitat.fr\/de\/das-solar-une-entreprise-chinoise-annonce-limplantation-dune-nouvelle-usine-de-panneaux-solaires-dans-le-doubs\/","title":{"rendered":"DAS Solar, une entreprise chinoise, annonce l&rsquo;implantation d&rsquo;une nouvelle usine de panneaux solaires dans le Doubs"},"content":{"rendered":"<p>En 2025, DAS Solar, un leader chinois du secteur photovolta\u00efque, marque une \u00e9tape majeure en annon\u00e7ant l&rsquo;implantation d&rsquo;une usine d&rsquo;assemblage de panneaux solaires dans la commune de Mandeure, situ\u00e9e dans le Doubs. Cette initiative s\u2019inscrit dans une strat\u00e9gie visant \u00e0 renforcer la pr\u00e9sence de l&rsquo;entreprise sur le march\u00e9 europ\u00e9en, tout en r\u00e9pondant aux enjeux g\u00e9opolitiques et industriels li\u00e9s \u00e0 l&rsquo;autonomie \u00e9nerg\u00e9tique. Le site, issu de la reconversion d&rsquo;une friche industrielle autrefois d\u00e9di\u00e9e \u00e0 la production automobile, b\u00e9n\u00e9ficiera d\u2019un investissement de 109 millions d&rsquo;euros. Avec une capacit\u00e9 cibl\u00e9e de 3 gigawatts, la future usine devrait g\u00e9n\u00e9rer jusqu\u2019\u00e0 600 emplois, consolidant ainsi la dynamique \u00e9conomique locale. Cette d\u00e9marche s\u2019inscrit au c\u0153ur d\u2019un \u00e9cosyst\u00e8me \u00e9nerg\u00e9tique europ\u00e9en o\u00f9 se c\u00f4toient des acteurs comme TotalEnergies, EDF ENR ou Q CELLS, tous engag\u00e9s dans le d\u00e9veloppement des \u00e9nergies renouvelables.<\/p>\n\n<h2 class=\"wp-block-heading\">Implantation strat\u00e9gique de DAS Solar dans le Doubs : un levier pour l\u2019industrie solaire fran\u00e7aise<\/h2>\n\n<p>Le choix de Mandeure pour accueillir la premi\u00e8re usine europ\u00e9enne de DAS Solar repose sur plusieurs facteurs cl\u00e9s li\u00e9s \u00e0 sa position g\u00e9ographique et \u00e0 son histoire industrielle. La zone industrielle rachet\u00e9e en 2024, d\u2019une surface d\u2019environ 100 000 m\u00b2, repr\u00e9sente un emplacement strat\u00e9gique \u00e0 proximit\u00e9 des fronti\u00e8res allemandes et suisses, favorisant les \u00e9changes transfrontaliers. Ce site, abandonn\u00e9 par l\u2019\u00e9quipementier automobile Forvia, offre ainsi un cadre id\u00e9al pour relancer la production locale de panneaux photovolta\u00efques.<\/p>\n\n<ul class=\"wp-block-list\"><li>Reconversion d\u2019une friche industrielle au potentiel logistique favorable.<\/li><li>Investissement de 109 millions d\u2019euros pour la construction et l\u2019\u00e9quipement.<\/li><li>Capacit\u00e9 annuelle pr\u00e9vue : 3 GW, soit environ 5 millions de modules par an.<\/li><li>Une cr\u00e9ation d\u2019emplois pouvant atteindre 600 postes directs.<\/li><li>Rapprochement du site avec les clients europ\u00e9ens pour r\u00e9duire les contraintes logistiques.<\/li><\/ul>\n\n<p>Dans ce contexte, DAS Solar ambitionne de rivaliser avec d\u2019autres acteurs majeurs du march\u00e9 tels que REC Solar ou SolarEdge, tout en collaborant indirectement avec des entreprises comme Photowatt et DualSun, qui d\u00e9veloppent des solutions compatibles avec les standards europ\u00e9ens. L&rsquo;implantation fait \u00e9galement \u00e9cho aux r\u00e9cents mouvements de soci\u00e9t\u00e9s locales comme Systovi, qui ont renforc\u00e9 leur position dans le secteur des panneaux solaires hybrides.<\/p>\n\n\n\n<h3 class=\"wp-block-heading\">Capacit\u00e9s de production et int\u00e9gration dans la cha\u00eene de valeur solaire europ\u00e9enne<\/h3>\n\n<p>DAS Solar pr\u00e9pare une usine \u00e9quip\u00e9e de trois lignes de production sophistiqu\u00e9es permettant de produire des panneaux \u00e0 haute efficacit\u00e9. Le calendrier pr\u00e9voit un d\u00e9marrage d\u2019activit\u00e9 d\u00e8s l\u2019automne 2025. La production locale permettra non seulement d&rsquo;am\u00e9liorer la r\u00e9activit\u00e9 commerciale vis-\u00e0-vis des besoins europ\u00e9ens, mais aussi de r\u00e9duire la d\u00e9pendance aux importations asiatiques, un enjeu de souverainet\u00e9 \u00e9nerg\u00e9tique mis en lumi\u00e8re par les acteurs fran\u00e7ais et europ\u00e9ens.<\/p>\n\n<ul class=\"wp-block-list\"><li>Installation de lignes d\u2019assemblage d\u2019une capacit\u00e9 totale de 3 GW.<\/li><li>Utilisation de technologies compatibles avec les standards europ\u00e9ens.<\/li><li>Partenariats potentiels avec des fabricants locaux comme Photowatt, connu pour son expertise en modules photovolta\u00efques.<\/li><li>Coordination avec EDF ENR et SunPower pour dynamiser le march\u00e9 r\u00e9sidentiel et industriel.<\/li><li>Synergies envisag\u00e9es avec TotalEnergies pour le d\u00e9veloppement des projets solaires \u00e0 grande \u00e9chelle.<\/li><\/ul>\n\n<figure class=\"wp-block-table\"><table>\n<thead>\n<tr>\n<th>Kriterien<\/th>\n<th>DAS Solar (Mandeure)<\/th>\n<th>Concurrents Europ\u00e9ens<\/th>\n<\/tr>\n<\/thead>\n<tbody>\n<tr>\n<td>Capacit\u00e9 de production annuelle<\/td>\n<td>3 GW<\/td>\n<td>1,5-4 GW (selon les sites)<\/td>\n<\/tr>\n<tr>\n<td>Arbeitspl\u00e4tze geschaffen<\/td>\n<td>Jusqu\u2019\u00e0 600<\/td>\n<td>Variable (entre 200 et 800)<\/td>\n<\/tr>\n<tr>\n<td>Technologie utilis\u00e9e<\/td>\n<td>Assemblage avanc\u00e9, respect normes CE<\/td>\n<td>Technologies diverses, souvent locales<\/td>\n<\/tr>\n<tr>\n<td>Dates de mise en service<\/td>\n<td>Automne 2025<\/td>\n<td>Entre 2023 et 2026<\/td>\n<\/tr>\n<\/tbody>\n<\/table><\/figure>\n\n<p>Cette usine s\u2019ins\u00e8re dans une mouvance qui voit la consolidation progressive des cha\u00eenes de production solaires en Europe, face aux d\u00e9fis logistiques et aux tensions commerciales internationales. L\u2019investissement massif s\u2019adosse \u00e0 la volont\u00e9 de DAS Solar de soutenir une politique d\u2019\u00e9nergie propre tout en assurant une forte comp\u00e9titivit\u00e9.<\/p>\n\n<figure class=\"is-provider-youtube is-type-video wp-block-embed wp-block-embed-youtube wp-embed-aspect-16-9 wp-has-aspect-ratio\"><div class=\"wp-block-embed__wrapper\">\n<iframe title=\"Chine : l&#039;empire du solaire\" width=\"1200\" height=\"675\" src=\"https:\/\/www.youtube.com\/embed\/2-BFR03mHiU?feature=oembed\" frameborder=\"0\" allow=\"accelerometer; autoplay; clipboard-write; encrypted-media; gyroscope; picture-in-picture; web-share\" referrerpolicy=\"strict-origin-when-cross-origin\" allowfullscreen><\/iframe>\n<\/div><\/figure>\n\n<h2 class=\"wp-block-heading\">DAS Solar en France : un impact \u00e9conomique et environnemental attendu<\/h2>\n\n<p>Au-del\u00e0 de la simple cr\u00e9ation d\u2019emplois, l\u2019implantation de DAS Solar dans le Doubs porte un message fort envers la transition \u00e9nerg\u00e9tique nationale. Cette initiative concorde avec la strat\u00e9gie du gouvernement fran\u00e7ais d\u2019accro\u00eetre la part des \u00e9nergies renouvelables \u00e0 l\u2019horizon 2030. Ce projet b\u00e9n\u00e9ficie aussi d\u2019un contexte o\u00f9 des entreprises comme EDF ENR et Q CELLS intensifient leurs efforts dans le domaine des panneaux photovolta\u00efques et syst\u00e8mes hybrides.<\/p>\n\n<ul class=\"wp-block-list\"><li>Cr\u00e9ation initiale de 450 emplois, avec une mont\u00e9e en puissance progressive vers 600.<\/li><li>Revitalisation d\u2019une zone industrielle d\u00e9laiss\u00e9e, favorisant l\u2019\u00e9conomie locale.<\/li><li>Soutien aux fili\u00e8res industrielles fran\u00e7aises d\u00e9ficientes dans la production locale de modules.<\/li><li>Contributions indirectes \u00e0 la r\u00e9duction des \u00e9missions carbone nationales gr\u00e2ce \u00e0 l\u2019essor du solaire.<\/li><li>Incitation \u00e0 la recherche et d\u00e9veloppement locale, notamment avec des partenariats technologiques.<\/li><\/ul>\n\n<p>De plus, DES liens \u00e9troits sont envisag\u00e9s avec des acteurs technologiques comme SolarEdge, qui fournissent des optimiseurs et onduleurs pour am\u00e9liorer le rendement des installations. L\u2019influence de ce projet s\u2019\u00e9tendra ainsi au-del\u00e0 du simple cadre industriel pour toucher le secteur r\u00e9sidentiel et commercial du photovolta\u00efque en France.<\/p>\n\n\n\n<figure class=\"is-provider-youtube is-type-video wp-block-embed wp-block-embed-youtube wp-embed-aspect-16-9 wp-has-aspect-ratio\"><div class=\"wp-block-embed__wrapper\">\n<iframe title=\"Les panneaux solaires quand il y a des nuages ? Solo Energie 460w Production, rentabilit\u00e9 2023\" width=\"1200\" height=\"675\" src=\"https:\/\/www.youtube.com\/embed\/mUuyIdbtDYs?feature=oembed\" frameborder=\"0\" allow=\"accelerometer; autoplay; clipboard-write; encrypted-media; gyroscope; picture-in-picture; web-share\" referrerpolicy=\"strict-origin-when-cross-origin\" allowfullscreen><\/iframe>\n<\/div><\/figure>\n\n<h3 class=\"wp-block-heading\">Coop\u00e9rations et d\u00e9veloppement durable : vers une industrie solaire responsable<\/h3>\n\n<p>L\u2019int\u00e9gration de DAS Solar dans le tissu industriel fran\u00e7ais s\u2019articule autour de multiples coop\u00e9rations avec des entreprises nationales et europ\u00e9ennes sp\u00e9cialis\u00e9es. La reprise du site de Photowatt \u00e0 Bourgoin-Jallieu, un acteur historique de la fili\u00e8re solaire fran\u00e7aise, illustre cette volont\u00e9 de synergie. Le groupe s\u2019inscrit dans une d\u00e9marche qui vise \u00e0 concilier performance \u00e9conomique et respect de l\u2019environnement.<\/p>\n\n<ul class=\"wp-block-list\"><li>Collaboration avec Photowatt pour le d\u00e9veloppement de panneaux adapt\u00e9s aux sp\u00e9cificit\u00e9s europ\u00e9ennes.<\/li><li>Partenariats avec des soci\u00e9t\u00e9s innovantes telles que DualSun et Systovi, actives dans le solaire hybride.<\/li><li>Engagement dans des programmes de recyclage et gestion des d\u00e9chets photovolta\u00efques.<\/li><li>Promotion des normes environnementales strictes dans la production industrielle.<\/li><li>Soutien aux initiatives locales pour promouvoir l\u2019efficacit\u00e9 \u00e9nerg\u00e9tique et l\u2019innovation.<\/li><\/ul>\n\n<p>Ce projet exemplaire illustre une tendance \u00e0 l\u2019autonomie renforc\u00e9e dans le secteur de l\u2019\u00e9nergie solaire, en r\u00e9ponse aux pressions g\u00e9opolitiques observ\u00e9es depuis le d\u00e9but des ann\u00e9es 2000. Dans ce contexte, la mont\u00e9e en puissance de DAS Solar en France encourage la diversification et le renforcement des capacit\u00e9s industrielles europ\u00e9ennes.<\/p>\n\n\n\n<h2 class=\"wp-block-heading\">Questions essentielles sur la nouvelle usine de DAS Solar dans le Doubs<\/h2>\n\n<figure class=\"wp-block-table\"><table>\n<thead>\n<tr>\n<th>Question<\/th>\n<th>R\u00e9ponse<\/th>\n<\/tr>\n<\/thead>\n<tbody>\n<tr>\n<td>Quelle est la capacit\u00e9 de production annuelle pr\u00e9vue de l\u2019usine DAS Solar \u00e0 Mandeure ?<\/td>\n<td>La capacit\u00e9 est estim\u00e9e \u00e0 3 gigawatts, ce qui correspond \u00e0 la production annuelle de 5 millions de panneaux environ.<\/td>\n<\/tr>\n<tr>\n<td>Combien d\u2019emplois sont cr\u00e9\u00e9s par ce projet ?<\/td>\n<td>Le projet vise la cr\u00e9ation initiale d\u2019environ 450 emplois, avec un potentiel d\u2019\u00e9volution jusqu\u2019\u00e0 600 postes.<\/td>\n<\/tr>\n<tr>\n<td>Quel est le montant de l\u2019investissement pour l\u2019implantation de l\u2019usine ?<\/td>\n<td>L\u2019investissement total s\u2019\u00e9l\u00e8ve \u00e0 109 millions d\u2019euros.<\/td>\n<\/tr>\n<tr>\n<td>Quel impact ce projet a-t-il sur l\u2019industrie solaire europ\u00e9enne ?<\/td>\n<td>Il contribue \u00e0 la relocalisation de la fabrication photovolta\u00efque en Europe, favorisant l\u2019autonomie \u00e9nerg\u00e9tique et la comp\u00e9titivit\u00e9 locale.<\/td>\n<\/tr>\n<tr>\n<td>Comment DAS Solar envisage-t-elle l\u2019int\u00e9gration avec les acteurs locaux ?<\/td>\n<td>Par des partenariats \u00e9troits avec Photowatt, SolarEdge, DualSun, et d\u2019autres soci\u00e9t\u00e9s, DAS Solar souhaite d\u00e9velopper une fili\u00e8re solaire europ\u00e9enne coh\u00e9rente.<\/td>\n<\/tr>\n<\/tbody>\n<\/table><\/figure>\n\n<p>Plus d\u2019informations et actualit\u00e9s sur ce projet peuvent \u00eatre consult\u00e9es sur <a href=\"https:\/\/www.pv-magazine.fr\/2024\/11\/19\/le-fabricant-chinois-das-solar-veut-implanter-une-usine-de-production-en-france\/\">PV Magazine<\/a> und <a href=\"https:\/\/panneau-solaire.net\/das-solar-lentreprise-chinoise-projette-dimplanter-une-usine-de-panneaux-solaires-dans-le-doubs\/\">Panneau Solaire.net<\/a>.<\/p>","protected":false},"excerpt":{"rendered":"<p>En 2025, DAS Solar, un leader chinois du secteur photovolta\u00efque, marque une \u00e9tape majeure en annon\u00e7ant l&rsquo;implantation d&rsquo;une usine d&rsquo;assemblage de panneaux solaires dans la commune de Mandeure, situ\u00e9e dans le Doubs. Cette initiative s\u2019inscrit dans une strat\u00e9gie visant \u00e0 renforcer la pr\u00e9sence de l&rsquo;entreprise sur le march\u00e9 europ\u00e9en, tout en r\u00e9pondant aux enjeux g\u00e9opolitiques &#8230; <a title=\"DAS Solar, une entreprise chinoise, annonce l&rsquo;implantation d&rsquo;une nouvelle usine de panneaux solaires dans le Doubs\" class=\"read-more\" href=\"https:\/\/renouvelable-habitat.fr\/de\/das-solar-une-entreprise-chinoise-annonce-limplantation-dune-nouvelle-usine-de-panneaux-solaires-dans-le-doubs\/\" aria-label=\"Mehr Informationen \u00fcber DAS Solar, une entreprise chinoise, annonce l&rsquo;implantation d&rsquo;une nouvelle usine de panneaux solaires dans le Doubs\">Weiterlesen\u2026<\/a><\/p>","protected":false},"author":3,"featured_media":0,"comment_status":"open","ping_status":"open","sticky":false,"template":"","format":"standard","meta":{"_seopress_robots_primary_cat":"","_seopress_titles_title":"das solar s\u2019installe dans le doubs avec une usine de panneaux solaires","_seopress_titles_desc":"DAS Solar annonce l'ouverture d'une usine de panneaux solaires dans le Doubs, renfor\u00e7ant la fili\u00e8re \u00e9nergie renouvelable en France.","_seopress_robots_index":"","inline_featured_image":false,"footnotes":""},"categories":[16],"tags":[],"class_list":["post-2942","post","type-post","status-publish","format-standard","hentry","category-actualite","generate-columns","tablet-grid-50","mobile-grid-100","grid-parent","grid-33"],"_links":{"self":[{"href":"https:\/\/renouvelable-habitat.fr\/de\/wp-json\/wp\/v2\/posts\/2942","targetHints":{"allow":["GET"]}}],"collection":[{"href":"https:\/\/renouvelable-habitat.fr\/de\/wp-json\/wp\/v2\/posts"}],"about":[{"href":"https:\/\/renouvelable-habitat.fr\/de\/wp-json\/wp\/v2\/types\/post"}],"author":[{"embeddable":true,"href":"https:\/\/renouvelable-habitat.fr\/de\/wp-json\/wp\/v2\/users\/3"}],"replies":[{"embeddable":true,"href":"https:\/\/renouvelable-habitat.fr\/de\/wp-json\/wp\/v2\/comments?post=2942"}],"version-history":[{"count":0,"href":"https:\/\/renouvelable-habitat.fr\/de\/wp-json\/wp\/v2\/posts\/2942\/revisions"}],"wp:attachment":[{"href":"https:\/\/renouvelable-habitat.fr\/de\/wp-json\/wp\/v2\/media?parent=2942"}],"wp:term":[{"taxonomy":"category","embeddable":true,"href":"https:\/\/renouvelable-habitat.fr\/de\/wp-json\/wp\/v2\/categories?post=2942"},{"taxonomy":"post_tag","embeddable":true,"href":"https:\/\/renouvelable-habitat.fr\/de\/wp-json\/wp\/v2\/tags?post=2942"}],"curies":[{"name":"wp","href":"https:\/\/api.w.org\/{rel}","templated":true}]}}