{"id":2950,"date":"2025-08-25T08:03:39","date_gmt":"2025-08-25T07:03:39","guid":{"rendered":"https:\/\/renouvelable-habitat.fr\/brumath-lentreprise-solar-en-difficultes-financieres-et-en-redressement-judiciaire\/"},"modified":"2025-08-25T08:03:39","modified_gmt":"2025-08-25T07:03:39","slug":"brumath-lentreprise-solar-en-difficultes-financieres-et-en-redressement-judiciaire","status":"publish","type":"post","link":"https:\/\/renouvelable-habitat.fr\/de\/brumath-lentreprise-solar-en-difficultes-financieres-et-en-redressement-judiciaire\/","title":{"rendered":"Brumath : L&rsquo;entreprise Solar en difficult\u00e9s financi\u00e8res et en redressement judiciaire"},"content":{"rendered":"<p>Implant\u00e9e \u00e0 Brumath, dans le Bas-Rhin, l\u2019entreprise Solar sp\u00e9cialis\u00e9e dans l&rsquo;installation de panneaux photovolta\u00efques traverse une p\u00e9riode critique. En raison de difficult\u00e9s financi\u00e8res persistantes, elle a \u00e9t\u00e9 plac\u00e9e en redressement judiciaire ce lundi 28 avril par la chambre commerciale du tribunal de commerce de Strasbourg. Cette d\u00e9cision constitue une \u00e9tape importante pour tenter de stabiliser la soci\u00e9t\u00e9 et sauvegarder son activit\u00e9 dans l\u2019industrie locale. Fond\u00e9e en 2009, Solar compte pr\u00e8s d\u2019une centaine d\u2019employ\u00e9s, dont l\u2019avenir professionnel est aujourd\u2019hui incertain.<\/p>\n\n<h2 class=\"wp-block-heading\">Solar \u00e0 Brumath : une entreprise en difficult\u00e9 face \u00e0 la d\u00e9faillance d&rsquo;entreprise<\/h2>\n\n<p>Les probl\u00e8mes financiers de Solar ne sont pas r\u00e9cents. D\u00e8s l\u2019\u00e9t\u00e9 pr\u00e9c\u00e9dent, l\u2019entreprise avait engag\u00e9 une restructuration majeure impliquant la suppression de 149 postes afin de limiter les pertes et assainir ses comptes. N\u00e9anmoins, ces efforts n\u2019ont pas suffi, menant \u00e0 la mise en \u0153uvre d\u2019une proc\u00e9dure collective supervis\u00e9e par le tribunal judiciaire. Cette phase de redressement judiciaire vise \u00e0 prot\u00e9ger l\u2019emploi \u00e0 Brumath tout en recherchant une reprise d&rsquo;activit\u00e9 viable.<\/p>\n\n<figure class=\"wp-block-table\"><table>\n<thead>\n<tr>\n<th>\u00c9v\u00e9nement<\/th>\n<th>Datum<\/th>\n<th>Cons\u00e9quence<\/th>\n<\/tr>\n<\/thead>\n<tbody>\n<tr>\n<td>Suppression de 149 postes<\/td>\n<td>Juli 2024<\/td>\n<td>R\u00e9duction des co\u00fbts et restructuration interne<\/td>\n<\/tr>\n<tr>\n<td>Ouverture du redressement judiciaire<\/td>\n<td>28 avril 2025<\/td>\n<td>Proc\u00e9dure collective engag\u00e9e pour stabiliser l\u2019entreprise<\/td>\n<\/tr>\n<\/tbody>\n<\/table><\/figure>\n\n<ul class=\"wp-block-list\"><li>Solar est l\u2019une des PME embl\u00e9matiques du secteur photovolta\u00efque alsacien.<\/li><li>Le redressement judiciaire permet d&rsquo;\u00e9viter une cessation imm\u00e9diate d\u2019activit\u00e9.<\/li><li>La proc\u00e9dure vise \u00e0 faciliter la recherche de repreneurs ou de solutions de financement.<\/li><\/ul>\n\n<p>Pour plus d&rsquo;informations, voir <a href=\"https:\/\/www.procedurecollective.fr\/fr\/redressement-judiciaire\/1881782\/s-a-s-u-france-solar.aspx\">le dossier officiel de la proc\u00e9dure collective<\/a>.<\/p>\n\n\n\n<h3 class=\"wp-block-heading\">Cons\u00e9quences de la proc\u00e9dure collective sur l\u2019emploi local et la reprise d\u2019activit\u00e9<\/h3>\n\n<p>Le redressement judiciaire intervient dans un contexte o\u00f9 l&#8217;emploi \u00e0 Brumath est fragilis\u00e9 par la r\u00e9duction d\u2019effectifs. La surveillance \u00e9troite du tribunal de commerce, avec l\u2019intervention d&rsquo;un administrateur judiciaire, vise \u00e0 pr\u00e9server un maximum d\u2019emplois tout en restructurant les activit\u00e9s. Plusieurs enjeux majeurs se posent :<\/p>\n\n<ul class=\"wp-block-list\"><li>Maintien des savoir-faire dans l\u2019industrie locale des \u00e9nergies renouvelables.<\/li><li>Recherche active de partenaires ou repreneurs pour relancer l\u2019activit\u00e9.<\/li><li>Adaptation aux fluctuations du march\u00e9 photovolta\u00efque et \u00e0 la concurrence.<\/li><\/ul>\n\n<figure class=\"wp-block-table\"><table>\n<thead>\n<tr>\n<th>Facteur<\/th>\n<th>Impact attendu<\/th>\n<\/tr>\n<\/thead>\n<tbody>\n<tr>\n<td>Tribunal de commerce<\/td>\n<td>Veille \u00e0 la bonne conduite de la proc\u00e9dure collective et \u00e0 la protection des int\u00e9r\u00eats<\/td>\n<\/tr>\n<tr>\n<td>Administrateur judiciaire<\/td>\n<td>G\u00e8re la restructuration et propose des solutions pour la reprise d\u2019activit\u00e9<\/td>\n<\/tr>\n<tr>\n<td>March\u00e9 photovolta\u00efque<\/td>\n<td>Concurrence accrue et changement des politiques \u00e9nerg\u00e9tiques affectant la rentabilit\u00e9<\/td>\n<\/tr>\n<\/tbody>\n<\/table><\/figure>\n\n<p>Les d\u00e9tails sur cette phase difficile sont consultables sur <a href=\"https:\/\/www.installateurphotovoltaique.org\/france-solar-redressement\/\">Installateur Photovolta\u00efque<\/a> und <a href=\"https:\/\/www.dna.fr\/economie\/2025\/04\/28\/basee-a-brumath-france-solar-en-redressement-judiciaire\">Les Derni\u00e8res Nouvelles d\u2019Alsace<\/a>.<\/p>\n\n<figure class=\"is-provider-youtube is-type-video wp-block-embed wp-block-embed-youtube wp-embed-aspect-16-9 wp-has-aspect-ratio\"><div class=\"wp-block-embed__wrapper\">\n<iframe title=\"Comment se passe une  liquidation judiciaire ? Arr\u00eate de paniqu\u00e9 !\" width=\"1200\" height=\"675\" src=\"https:\/\/www.youtube.com\/embed\/MZJLm1gVDgw?feature=oembed\" frameborder=\"0\" allow=\"accelerometer; autoplay; clipboard-write; encrypted-media; gyroscope; picture-in-picture; web-share\" referrerpolicy=\"strict-origin-when-cross-origin\" allowfullscreen><\/iframe>\n<\/div><\/figure>\n\n<h2 class=\"wp-block-heading\">Implications pour l\u2019industrie locale et perspectives pour le photovolta\u00efque en 2025<\/h2>\n\n<p>Le cas de Solar, bien que singulier, illustre une tendance plus large dans l\u2019industrie locale du photovolta\u00efque. La conjoncture \u00e9conomique, conjugu\u00e9e \u00e0 des pressions concurrentielles intensifi\u00e9es, cr\u00e9e un contexte o\u00f9 plusieurs entreprises font face \u00e0 des d\u00e9faillances ou cherchent des solutions de redressement. Cette situation soul\u00e8ve plusieurs questions :<\/p>\n\n<ul class=\"wp-block-list\"><li>Quel avenir pour les PME locales sp\u00e9cialis\u00e9es dans les \u00e9nergies renouvelables ?<\/li><li>Comment les autorit\u00e9s et les acteurs \u00e9conomiques accompagnent-ils la reprise des entreprises ?<\/li><li>Quels sont les impacts sociaux des restructurations dans ces secteurs strat\u00e9giques ?<\/li><\/ul>\n\n<p>Les acteurs du secteur surveillent aussi les d\u00e9cisions de justice, comme la r\u00e9cente liquidation judiciaire annonc\u00e9e pour certaines filiales, ce qui confirme la gravit\u00e9 des enjeux. Les analyses approfondies sont disponibles sur <a href=\"https:\/\/panneau-solaire.net\/lentreprise-france-solar-specialisee-dans-linstallation-de-panneaux-photovoltaiques-fait-face-a-un-redressement-judiciaire\">Panneau Solaire<\/a> und <a href=\"https:\/\/sunorado.com\/pme-france-solar-liquidation\/\">Sunorado<\/a>.<\/p>\n\n<figure class=\"is-provider-youtube is-type-video wp-block-embed wp-block-embed-youtube wp-embed-aspect-16-9 wp-has-aspect-ratio\"><div class=\"wp-block-embed__wrapper\">\n<iframe title=\"Difficult\u00e9s financi\u00e8res en agriculture : utiliser les bonnes proc\u00e9dures judiciaires\" width=\"1200\" height=\"675\" src=\"https:\/\/www.youtube.com\/embed\/y9QPS_Un1bM?feature=oembed\" frameborder=\"0\" allow=\"accelerometer; autoplay; clipboard-write; encrypted-media; gyroscope; picture-in-picture; web-share\" referrerpolicy=\"strict-origin-when-cross-origin\" allowfullscreen><\/iframe>\n<\/div><\/figure>\n\n\n\n<h3 class=\"wp-block-heading\">Actions et strat\u00e9gies pour revitaliser le secteur photovolta\u00efque local<\/h3>\n\n<p>Plusieurs mesures sont envisag\u00e9es ou en cours pour soutenir l\u2019industrie photovolta\u00efque r\u00e9gionale touch\u00e9e par ces difficult\u00e9s :<\/p>\n\n<ul class=\"wp-block-list\"><li>Renforcement des aides publiques et incitations financi\u00e8res pour les entreprises en difficult\u00e9.<\/li><li>Facilitation de la reprise d\u2019activit\u00e9 par des repreneurs locaux ou investisseurs sp\u00e9cialis\u00e9s.<\/li><li>Promotion de la formation et du maintien des comp\u00e9tences techniques dans l\u2019emploi \u00e0 Brumath.<\/li><li>Mise en place de partenariats renforc\u00e9s avec les collectivit\u00e9s territoriales.<\/li><\/ul>\n\n<figure class=\"wp-block-table\"><table>\n<thead>\n<tr>\n<th>Mesure<\/th>\n<th>Objektiv<\/th>\n<\/tr>\n<\/thead>\n<tbody>\n<tr>\n<td>Aides financi\u00e8res<\/td>\n<td>Stabiliser les entreprises fragilis\u00e9es<\/td>\n<\/tr>\n<tr>\n<td>Reprises par investisseurs<\/td>\n<td>Assurer la continuit\u00e9 des activit\u00e9s et la sauvegarde de l\u2019emploi<\/td>\n<\/tr>\n<tr>\n<td>Formations professionnelles<\/td>\n<td>Conserver les savoir-faire locaux<\/td>\n<\/tr>\n<\/tbody>\n<\/table><\/figure>\n\n<p>Pour suivre l\u2019\u00e9volution de ces initiatives, consultez <a href=\"https:\/\/renouvelable-habitat.fr\/de\/brumath-la-societe-france-solar-se-voit-placee-en-liquidation-judiciaire\/\">Erneuerbar Habitat<\/a> und <a href=\"https:\/\/www.lalsace.fr\/economie\/2025\/07\/01\/basee-a-brumath-france-solar-placee-en-liquidation-judiciaire\">L\u2019Alsace<\/a>.<\/p>\n\n\n\n<h3 class=\"wp-block-heading\">Questions fr\u00e9quentes sur le redressement judiciaire de l\u2019entreprise Solar \u00e0 Brumath<\/h3>\n\n<ul class=\"wp-block-list\"><li><strong>Qu\u2019est-ce que le redressement judiciaire ?<\/strong><br>Une proc\u00e9dure collective destin\u00e9e \u00e0 aider une entreprise en difficult\u00e9 \u00e0 poursuivre son activit\u00e9 tout en apurant ses dettes.<\/li><li><strong>Quels sont les impacts pour les salari\u00e9s ?<\/strong><br>Elle offre une protection temporaire de l\u2019emploi et vise \u00e0 limiter les suppressions de postes.<\/li><li><strong>Qui supervise cette proc\u00e9dure ?<\/strong><br>Le tribunal de commerce de Strasbourg, assist\u00e9 d\u2019un administrateur judiciaire.<\/li><li><strong>Existe-t-il des perspectives de reprise ?<\/strong><br>Oui, la proc\u00e9dure permet de rechercher des repreneurs et de n\u00e9gocier des solutions pour relancer l\u2019activit\u00e9.<\/li><li><strong>Comment suivre l\u2019\u00e9volution du dossier ?<\/strong><br>Les mises \u00e0 jour sont accessibles sur des plateformes sp\u00e9cialis\u00e9es comme <a href=\"https:\/\/repreneurs.com\/515228211-france-solar\">Repreneurs.com<\/a> oder <a href=\"https:\/\/www.dna.fr\/economie\/2025\/04\/28\/basee-a-brumath-france-solar-en-redressement-judiciaire\">DNA<\/a>.<\/li><\/ul>","protected":false},"excerpt":{"rendered":"<p>Implant\u00e9e \u00e0 Brumath, dans le Bas-Rhin, l\u2019entreprise Solar sp\u00e9cialis\u00e9e dans l&rsquo;installation de panneaux photovolta\u00efques traverse une p\u00e9riode critique. En raison de difficult\u00e9s financi\u00e8res persistantes, elle a \u00e9t\u00e9 plac\u00e9e en redressement judiciaire ce lundi 28 avril par la chambre commerciale du tribunal de commerce de Strasbourg. Cette d\u00e9cision constitue une \u00e9tape importante pour tenter de stabiliser &#8230; <a title=\"Brumath : L&rsquo;entreprise Solar en difficult\u00e9s financi\u00e8res et en redressement judiciaire\" class=\"read-more\" href=\"https:\/\/renouvelable-habitat.fr\/de\/brumath-lentreprise-solar-en-difficultes-financieres-et-en-redressement-judiciaire\/\" aria-label=\"Mehr Informationen \u00fcber Brumath : L&rsquo;entreprise Solar en difficult\u00e9s financi\u00e8res et en redressement judiciaire\">Weiterlesen\u2026<\/a><\/p>","protected":false},"author":3,"featured_media":0,"comment_status":"open","ping_status":"open","sticky":false,"template":"","format":"standard","meta":{"_seopress_robots_primary_cat":"","_seopress_titles_title":"Brumath : Solar en plein tumulte financier sous redressement judiciaire","_seopress_titles_desc":"Brumath : L'entreprise Solar fait face \u00e0 des difficult\u00e9s financi\u00e8res et a \u00e9t\u00e9 plac\u00e9e en redressement judiciaire. Enjeux et perspectives \u00e0 suivre.","_seopress_robots_index":"","inline_featured_image":false,"footnotes":""},"categories":[16],"tags":[],"class_list":["post-2950","post","type-post","status-publish","format-standard","hentry","category-actualite","generate-columns","tablet-grid-50","mobile-grid-100","grid-parent","grid-33"],"_links":{"self":[{"href":"https:\/\/renouvelable-habitat.fr\/de\/wp-json\/wp\/v2\/posts\/2950","targetHints":{"allow":["GET"]}}],"collection":[{"href":"https:\/\/renouvelable-habitat.fr\/de\/wp-json\/wp\/v2\/posts"}],"about":[{"href":"https:\/\/renouvelable-habitat.fr\/de\/wp-json\/wp\/v2\/types\/post"}],"author":[{"embeddable":true,"href":"https:\/\/renouvelable-habitat.fr\/de\/wp-json\/wp\/v2\/users\/3"}],"replies":[{"embeddable":true,"href":"https:\/\/renouvelable-habitat.fr\/de\/wp-json\/wp\/v2\/comments?post=2950"}],"version-history":[{"count":0,"href":"https:\/\/renouvelable-habitat.fr\/de\/wp-json\/wp\/v2\/posts\/2950\/revisions"}],"wp:attachment":[{"href":"https:\/\/renouvelable-habitat.fr\/de\/wp-json\/wp\/v2\/media?parent=2950"}],"wp:term":[{"taxonomy":"category","embeddable":true,"href":"https:\/\/renouvelable-habitat.fr\/de\/wp-json\/wp\/v2\/categories?post=2950"},{"taxonomy":"post_tag","embeddable":true,"href":"https:\/\/renouvelable-habitat.fr\/de\/wp-json\/wp\/v2\/tags?post=2950"}],"curies":[{"name":"wp","href":"https:\/\/api.w.org\/{rel}","templated":true}]}}