{"id":4046,"date":"2026-05-01T09:02:18","date_gmt":"2026-05-01T08:02:18","guid":{"rendered":"https:\/\/renouvelable-habitat.fr\/leclipse-du-siecle-sapprete-a-noyer-la-france-dans-lobscurite-un-spectacle-celeste-unique-a-ne-pas-manquer\/"},"modified":"2026-05-01T09:02:18","modified_gmt":"2026-05-01T08:02:18","slug":"leclipse-du-siecle-sapprete-a-noyer-la-france-dans-lobscurite-un-spectacle-celeste-unique-a-ne-pas-manquer","status":"publish","type":"post","link":"https:\/\/renouvelable-habitat.fr\/de\/leclipse-du-siecle-sapprete-a-noyer-la-france-dans-lobscurite-un-spectacle-celeste-unique-a-ne-pas-manquer\/","title":{"rendered":"L&rsquo;\u00e9clipse du si\u00e8cle s&rsquo;appr\u00eate \u00e0 noyer la France dans l&rsquo;obscurit\u00e9 : un spectacle c\u00e9leste unique \u00e0 ne pas manquer"},"content":{"rendered":"<p>Le 12 ao\u00fbt 2026, la France sera le th\u00e9\u00e2tre d\u2019un ph\u00e9nom\u00e8ne astronomique exceptionnel : une \u00e9clipse solaire partielle d\u2019une rare intensit\u00e9. Ce spectacle c\u00e9leste, d\u00e9j\u00e0 qualifi\u00e9 d\u2019<strong>\u00e9clipse du si\u00e8cle<\/strong>, promet de plonger une large partie du territoire dans une obscurit\u00e9 saisissante en plein jour. Pr\u00e8s de trois d\u00e9cennies apr\u00e8s la derni\u00e8re grande \u00e9clipse visible en Europe, qui eut lieu en 1999, cet \u00e9v\u00e9nement attire l\u2019attention des passionn\u00e9s d\u2019astronomie comme du grand public. Si la France ne sera pas dans la zone de totalit\u00e9, o\u00f9 le Soleil est compl\u00e8tement masqu\u00e9, l\u2019\u00e9clipse partielle atteindra jusqu\u2019\u00e0 95 % du disque solaire dans le sud-ouest, cr\u00e9ant ainsi une ambiance cr\u00e9pusculaire rare.<\/p>\n\n<p>Au-del\u00e0 de son caract\u00e8re spectaculaire, cette \u00e9clipse r\u00e9duit la luminosit\u00e9 ambiante de mani\u00e8re notable, offrant une observation exceptionnelle du ciel. Le ph\u00e9nom\u00e8ne commencera autour de 19h30 (heure d\u2019\u00e9t\u00e9) et culminera \u00e0 environ 20h30, juste avant le coucher du Soleil. Cette configuration unique combine l\u2019aspect visuel d\u2019une \u00e9clipse avec les conditions d&rsquo;un cr\u00e9puscule pr\u00e9matur\u00e9, une exp\u00e9rience fascinante pour les observateurs.<\/p>\n\n<h2 class=\"wp-block-heading\">Caract\u00e9ristiques de l\u2019\u00e9clipse solaire partielle visible en France<\/h2>\n\n<p>Un ph\u00e9nom\u00e8ne astronomique se produit lorsque la Lune s\u2019interpose exactement entre la Terre et le Soleil, occasionnant une syzygie parfaite. L\u2019\u00e9clipse du 12 ao\u00fbt 2026 sera une \u00e9clipse solaire totale pour une bande g\u00e9ographique en Europe, notamment en Espagne, Islande et certains fjords du Groenland. En France, cet alignement s\u2019accompagnera d\u2019une \u00e9clipse partielle, o\u00f9 le Soleil sera en grande partie masqu\u00e9.<\/p>\n\n<figure class=\"wp-block-image size-full\"><img decoding=\"async\" width=\"1344\" height=\"768\" src=\"https:\/\/renouvelable-habitat.fr\/wp-content\/uploads\/2026\/05\/Leclipse-du-siecle-sapprete-a-noyer-la-France-dans-lobscurite-un-spectacle-celeste-unique-a-ne-pas-manquer-1.jpg\" alt=\"pr\u00e9parez-vous \u00e0 vivre l&#039;\u00e9clipse du si\u00e8cle en france, un spectacle c\u00e9leste exceptionnel o\u00f9 le jour se transformera en nuit. un \u00e9v\u00e9nement unique \u00e0 ne pas manquer pour tous les passionn\u00e9s d&#039;astronomie et d&#039;\u00e9merveillement.\" class=\"wp-image-4044\" srcset=\"https:\/\/renouvelable-habitat.fr\/wp-content\/uploads\/2026\/05\/Leclipse-du-siecle-sapprete-a-noyer-la-France-dans-lobscurite-un-spectacle-celeste-unique-a-ne-pas-manquer-1.jpg 1344w, https:\/\/renouvelable-habitat.fr\/wp-content\/uploads\/2026\/05\/Leclipse-du-siecle-sapprete-a-noyer-la-France-dans-lobscurite-un-spectacle-celeste-unique-a-ne-pas-manquer-1-300x171.jpg 300w, https:\/\/renouvelable-habitat.fr\/wp-content\/uploads\/2026\/05\/Leclipse-du-siecle-sapprete-a-noyer-la-France-dans-lobscurite-un-spectacle-celeste-unique-a-ne-pas-manquer-1-1024x585.jpg 1024w, https:\/\/renouvelable-habitat.fr\/wp-content\/uploads\/2026\/05\/Leclipse-du-siecle-sapprete-a-noyer-la-France-dans-lobscurite-un-spectacle-celeste-unique-a-ne-pas-manquer-1-768x439.jpg 768w, https:\/\/renouvelable-habitat.fr\/wp-content\/uploads\/2026\/05\/Leclipse-du-siecle-sapprete-a-noyer-la-France-dans-lobscurite-un-spectacle-celeste-unique-a-ne-pas-manquer-1-18x10.jpg 18w\" sizes=\"(max-width: 1344px) 100vw, 1344px\" \/><\/figure>\n\n<h3 class=\"wp-block-heading\">Les grandes phases et l\u2019impact sur l\u2019observation en France<\/h3>\n\n<p>En France, l\u2019\u00e9clipse d\u00e9marrera vers 19h30 et atteindra son maximum un peu avant 20h30. La baisse de luminosit\u00e9 provoquera un cr\u00e9puscule artificiel, remarquable dans le sud-ouest o\u00f9 le Soleil sera occult\u00e9 jusqu\u2019\u00e0 95 %. Ce ph\u00e9nom\u00e8ne sera perceptible \u00e0 l\u2019\u0153il nu, \u00e0 condition de disposer d\u2019une protection oculaire adapt\u00e9e. L\u2019\u00e9clipse solaire offre une occasion rare de renouer avec des \u00e9v\u00e9nements astronomiques d&rsquo;envergure, qui ne se reproduiront pas avant 2081 sur le territoire national.<\/p>\n\n<h3 class=\"wp-block-heading\">Une \u00e9clipse d\u2019importance europ\u00e9enne<\/h3>\n\n<p>La bande de totalit\u00e9 traversera l\u2019Espagne et l\u2019Islande, r\u00e9gions o\u00f9 le spectacle sera int\u00e9gral. Ces pays se pr\u00e9parent \u00e0 accueillir un afflux massif de visiteurs. L\u2019Espagne a d\u2019ores et d\u00e9j\u00e0 mis en place une commission interminist\u00e9rielle pour g\u00e9rer l\u2019<a href=\"https:\/\/www.tf1info.fr\/sciences-et-innovation\/l-eclipse-du-siecle-visible-en-france-dans-moins-d-un-an-aout-2026evoici-quand-vous-pourrez-l-observer-2398369.html\">organisation autour de cet \u00e9v\u00e9nement<\/a>, tandis que l\u2019Islande voit une augmentation des r\u00e9servations touristiques. L\u2019industrie maritime propose \u00e9galement des croisi\u00e8res sp\u00e9cialis\u00e9es le long de la trajectoire de l\u2019ombre lunaire.<\/p>\n\n<h2 class=\"wp-block-heading\">Pr\u00e9paratifs et recommandations pour une observation s\u00e9curis\u00e9e<\/h2>\n\n<p>Observer une \u00e9clipse solaire n\u00e9cessite des pr\u00e9cautions sp\u00e9cifiques pour \u00e9viter les dommages oculaires permanents. Le port de lunettes d\u2019\u00e9clipse certifi\u00e9es est indispensable. Les sp\u00e9cialistes recommandent aussi d\u2019\u00e9viter les appareils optiques classiques sans filtres adapt\u00e9s.<\/p>\n\n<ul class=\"wp-block-list\"><li>Utiliser des lunettes d\u2019\u00e9clipse conformes aux normes internationales.<\/li><li>Ne jamais observer le Soleil directement avec des jumelles ou des t\u00e9lescopes sans protection.<\/li><li>Se positionner dans des zones d\u00e9gag\u00e9es pour une meilleure visibilit\u00e9.<\/li><li>Prendre en compte les conditions m\u00e9t\u00e9orologiques et la m\u00e9t\u00e9o locale.<\/li><li>Participer \u00e0 des \u00e9v\u00e9nements organis\u00e9s par les amateurs et professionnels d\u2019<strong>astronomie<\/strong>.<\/li><\/ul>\n\n<h2 class=\"wp-block-heading\">Calendrier europ\u00e9en et acteurs impliqu\u00e9s dans l\u2019\u00e9v\u00e9nement astronomique<\/h2>\n\n<figure class=\"wp-block-table\"><table>\n<thead>\n<tr>\n<th>Zone g\u00e9ographique<\/th>\n<th>Type d\u2019\u00e9clipse<\/th>\n<th>D\u00e9but de l\u2019\u00e9clipse (heure locale)<\/th>\n<th>Dur\u00e9e maximale de la totalit\u00e9<\/th>\n<th>Particularit\u00e9s<\/th>\n<\/tr>\n<\/thead>\n<tbody>\n<tr>\n<td>Sud-ouest de la France<\/td>\n<td>Partielle (90-95 %)<\/td>\n<td>19h30<\/td>\n<td>N\/A<\/td>\n<td>Cr\u00e9puscule artificiel, baisse de luminosit\u00e9 importante<\/td>\n<\/tr>\n<tr>\n<td>Espagne<\/td>\n<td>Totale<\/td>\n<td>D\u00e9but vers 19h<\/td>\n<td>2 minutes<\/td>\n<td>Commission interminist\u00e9rielle, afflux touristique important<\/td>\n<\/tr>\n<tr>\n<td>Islande<\/td>\n<td>Totale<\/td>\n<td>D\u00e9but vers 20h<\/td>\n<td>2 minutes<\/td>\n<td>R\u00e9servations compl\u00e8tes, hausse des tarifs h\u00f4teliers<\/td>\n<\/tr>\n<\/tbody>\n<\/table><\/figure>\n\n<figure class=\"is-provider-youtube is-type-video wp-block-embed wp-block-embed-youtube wp-embed-aspect-16-9 wp-has-aspect-ratio\"><div class=\"wp-block-embed__wrapper\">\n<iframe title=\"\u00c9clipse solaire totale du 12 ao\u00fbt 2026 : vivre l\u2019\u00e9clipse depuis l\u2019Espagne \u2013 \u00c9pisode 3\" width=\"1200\" height=\"675\" src=\"https:\/\/www.youtube.com\/embed\/Xmp8KtZIBdM?feature=oembed\" frameborder=\"0\" allow=\"accelerometer; autoplay; clipboard-write; encrypted-media; gyroscope; picture-in-picture; web-share\" referrerpolicy=\"strict-origin-when-cross-origin\" allowfullscreen><\/iframe>\n<\/div><\/figure>\n\n<h2 class=\"wp-block-heading\">Conjonction avec la pluie d\u2019\u00e9toiles filantes des Pers\u00e9ides<\/h2>\n\n<p>Co\u00efncidence rare, l\u2019\u00e9clipse solaire du si\u00e8cle aura lieu au pic de l\u2019essaim m\u00e9t\u00e9oritique des Pers\u00e9ides. Cette conjonction offre une opportunit\u00e9 exceptionnelle d\u2019observer des m\u00e9t\u00e9ores brillants en plein jour, gr\u00e2ce \u00e0 l\u2019<strong>obscurit\u00e9<\/strong> momentan\u00e9e cr\u00e9\u00e9e par le voile lunaire sur le Soleil. Par ailleurs, des astres comme V\u00e9nus et Jupiter, ainsi que l\u2019amas des Pl\u00e9iades, seront \u00e9galement visibles \u00e0 proximit\u00e9 de l\u2019\u00e9clipse, amplifiant la beaut\u00e9 du ciel nocturne.<\/p>\n\n<figure class=\"wp-block-image size-full\"><img decoding=\"async\" width=\"1344\" height=\"768\" src=\"https:\/\/renouvelable-habitat.fr\/wp-content\/uploads\/2026\/05\/Leclipse-du-siecle-sapprete-a-noyer-la-France-dans-lobscurite-un-spectacle-celeste-unique-a-ne-pas-manquer-2.jpg\" alt=\"d\u00e9couvrez l&#039;\u00e9clipse du si\u00e8cle qui plongera la france dans une obscurit\u00e9 fascinante. un spectacle c\u00e9leste exceptionnel \u00e0 ne surtout pas manquer pour tous les passionn\u00e9s d&#039;astronomie et de ph\u00e9nom\u00e8nes naturels.\" class=\"wp-image-4045\" srcset=\"https:\/\/renouvelable-habitat.fr\/wp-content\/uploads\/2026\/05\/Leclipse-du-siecle-sapprete-a-noyer-la-France-dans-lobscurite-un-spectacle-celeste-unique-a-ne-pas-manquer-2.jpg 1344w, https:\/\/renouvelable-habitat.fr\/wp-content\/uploads\/2026\/05\/Leclipse-du-siecle-sapprete-a-noyer-la-France-dans-lobscurite-un-spectacle-celeste-unique-a-ne-pas-manquer-2-300x171.jpg 300w, https:\/\/renouvelable-habitat.fr\/wp-content\/uploads\/2026\/05\/Leclipse-du-siecle-sapprete-a-noyer-la-France-dans-lobscurite-un-spectacle-celeste-unique-a-ne-pas-manquer-2-1024x585.jpg 1024w, https:\/\/renouvelable-habitat.fr\/wp-content\/uploads\/2026\/05\/Leclipse-du-siecle-sapprete-a-noyer-la-France-dans-lobscurite-un-spectacle-celeste-unique-a-ne-pas-manquer-2-768x439.jpg 768w, https:\/\/renouvelable-habitat.fr\/wp-content\/uploads\/2026\/05\/Leclipse-du-siecle-sapprete-a-noyer-la-France-dans-lobscurite-un-spectacle-celeste-unique-a-ne-pas-manquer-2-18x10.jpg 18w\" sizes=\"(max-width: 1344px) 100vw, 1344px\" \/><\/figure>\n\n<figure class=\"is-provider-youtube is-type-video wp-block-embed wp-block-embed-youtube wp-embed-aspect-16-9 wp-has-aspect-ratio\"><div class=\"wp-block-embed__wrapper\">\n<iframe title=\"Revivez l&#039;\u00e9clipse solaire totale\" width=\"1200\" height=\"675\" src=\"https:\/\/www.youtube.com\/embed\/cyTpDhOetIE?feature=oembed\" frameborder=\"0\" allow=\"accelerometer; autoplay; clipboard-write; encrypted-media; gyroscope; picture-in-picture; web-share\" referrerpolicy=\"strict-origin-when-cross-origin\" allowfullscreen><\/iframe>\n<\/div><\/figure>\n\n<h2 class=\"wp-block-heading\">Les cl\u00e9s pour profiter pleinement de ce spectacle c\u00e9leste exceptionnel<\/h2>\n\n<p>Pour ne rien manquer de cet \u00e9v\u00e9nement astronomique, il est recommand\u00e9 de :<\/p>\n\n<ol class=\"wp-block-list\"><li><strong>S\u2019informer sur les horaires pr\u00e9cis<\/strong> en fonction de sa localisation.<\/li><li><strong>Se munir d\u2019\u00e9quipements adapt\u00e9s<\/strong> pour une observation en toute s\u00e9curit\u00e9.<\/li><li><strong>Choisir un lieu d\u00e9gag\u00e9<\/strong> avec un horizon clair vers l\u2019ouest.<\/li><li>Prendre en compte les bulletins m\u00e9t\u00e9o pour \u00e9viter les mauvaises surprises.<\/li><li><strong>Participer \u00e0 des manifestations ou sessions d\u2019observation<\/strong> encadr\u00e9es par des passionn\u00e9s d\u2019astronomie.<\/li><\/ol>\n\n<p>Cet <strong>\u00e9v\u00e9nement astronomique<\/strong> est une invitation unique \u00e0 lever les yeux vers le ciel et \u00e0 vivre un moment intense m\u00ealant science et \u00e9merveillement. Pour en savoir plus sur les modalit\u00e9s d\u2019observation et la pr\u00e9paration \u00e0 ce rendez-vous, consultez les informations actualis\u00e9es sur <a href=\"https:\/\/www.lesnumeriques.com\/astronomie-conquete-spatiale\/l-eclipse-du-siecle-arrive-en-france-en-2026-et-il-ne-faudra-pas-la-rater-n248718.html\">les conditions d\u2019observation de l\u2019\u00e9clipse en France<\/a> et ses sp\u00e9cificit\u00e9s.<\/p>\n\n<script type=\"application\/ld+json\">\n{\"@context\":\"https:\/\/schema.org\",\"@type\":\"FAQPage\",\"mainEntity\":[{\"@type\":\"Question\",\"name\":\"Quu2019est-ce quu2019une u00e9clipse solaire ?\",\"acceptedAnswer\":{\"@type\":\"Answer\",\"text\":\"Une u00e9clipse solaire se produit lorsque la Lune se place entre la Terre et le Soleil, occultant partiellement ou totalement la lumiu00e8re solaire reu00e7ue.\"}},{\"@type\":\"Question\",\"name\":\"Pourquoi parle-t-on du2019u00e9clipse du siu00e8cle pour 2026 ?\",\"acceptedAnswer\":{\"@type\":\"Answer\",\"text\":\"Cet u00e9vu00e9nement est qualifiu00e9 du2019u2018u00e9clipse du siu00e8cleu2019 car il su2019agit de la plus longue et spectaculaire u00e9clipse solaire visible en Europe depuis plusieurs du00e9cennies, et la derniu00e8re visible en France avant 2081.\"}},{\"@type\":\"Question\",\"name\":\"Comment observer lu2019u00e9clipse sans danger ?\",\"acceptedAnswer\":{\"@type\":\"Answer\",\"text\":\"Lu2019observation doit obligatoirement se faire avec des lunettes du2019u00e9clipse conformes aux normes. Regarder le Soleil directement, mu00eame pendant une u00e9clipse, sans protection, peut causer des lu00e9sions oculaires graves.\"}},{\"@type\":\"Question\",\"name\":\"Quelles ru00e9gions franu00e7aises verront la plus grande obscuritu00e9 ?\",\"acceptedAnswer\":{\"@type\":\"Answer\",\"text\":\"Le sud-ouest de la France, proche de la frontiu00e8re espagnole, sera la zone ou00f9 le Soleil sera le plus occultu00e9, entre 90 et 95 %.\"}}]}\n<\/script>\n<h3>Qu\u2019est-ce qu\u2019une \u00e9clipse solaire ?<\/h3>\n<p>Une \u00e9clipse solaire se produit lorsque la Lune se place entre la Terre et le Soleil, occultant partiellement ou totalement la lumi\u00e8re solaire re\u00e7ue.<\/p>\n<h3>Pourquoi parle-t-on d\u2019\u00e9clipse du si\u00e8cle pour 2026 ?<\/h3>\n<p>Cet \u00e9v\u00e9nement est qualifi\u00e9 d\u2019\u2018\u00e9clipse du si\u00e8cle\u2019 car il s\u2019agit de la plus longue et spectaculaire \u00e9clipse solaire visible en Europe depuis plusieurs d\u00e9cennies, et la derni\u00e8re visible en France avant 2081.<\/p>\n<h3>Comment observer l\u2019\u00e9clipse sans danger ?<\/h3>\n<p>L\u2019observation doit obligatoirement se faire avec des lunettes d\u2019\u00e9clipse conformes aux normes. Regarder le Soleil directement, m\u00eame pendant une \u00e9clipse, sans protection, peut causer des l\u00e9sions oculaires graves.<\/p>\n<h3>Quelles r\u00e9gions fran\u00e7aises verront la plus grande obscurit\u00e9 ?<\/h3>\n<p>Le sud-ouest de la France, proche de la fronti\u00e8re espagnole, sera la zone o\u00f9 le Soleil sera le plus occult\u00e9, entre 90 et 95 %.<\/p>\n\n","protected":false},"excerpt":{"rendered":"<p>Le 12 ao\u00fbt 2026, la France sera le th\u00e9\u00e2tre d\u2019un ph\u00e9nom\u00e8ne astronomique exceptionnel : une \u00e9clipse solaire partielle d\u2019une rare intensit\u00e9. Ce spectacle c\u00e9leste, d\u00e9j\u00e0 qualifi\u00e9 d\u2019\u00e9clipse du si\u00e8cle, promet de plonger une large partie du territoire dans une obscurit\u00e9 saisissante en plein jour. Pr\u00e8s de trois d\u00e9cennies apr\u00e8s la derni\u00e8re grande \u00e9clipse visible en &#8230; <a title=\"L&rsquo;\u00e9clipse du si\u00e8cle s&rsquo;appr\u00eate \u00e0 noyer la France dans l&rsquo;obscurit\u00e9 : un spectacle c\u00e9leste unique \u00e0 ne pas manquer\" class=\"read-more\" href=\"https:\/\/renouvelable-habitat.fr\/de\/leclipse-du-siecle-sapprete-a-noyer-la-france-dans-lobscurite-un-spectacle-celeste-unique-a-ne-pas-manquer\/\" aria-label=\"Mehr Informationen \u00fcber L&rsquo;\u00e9clipse du si\u00e8cle s&rsquo;appr\u00eate \u00e0 noyer la France dans l&rsquo;obscurit\u00e9 : un spectacle c\u00e9leste unique \u00e0 ne pas manquer\">Weiterlesen\u2026<\/a><\/p>","protected":false},"author":3,"featured_media":4043,"comment_status":"open","ping_status":"open","sticky":false,"template":"","format":"standard","meta":{"_seopress_robots_primary_cat":"","_seopress_titles_title":"L'\u00e9clipse du si\u00e8cle : la France plonge dans l'obscurit\u00e9","_seopress_titles_desc":"L'\u00e9clipse du si\u00e8cle va plonger la France dans l'obscurit\u00e9. Ne manquez pas ce spectaculaire ph\u00e9nom\u00e8ne c\u00e9leste unique \u00e0 observer absolument.","_seopress_robots_index":"","inline_featured_image":false,"footnotes":""},"categories":[16],"tags":[],"class_list":["post-4046","post","type-post","status-publish","format-standard","has-post-thumbnail","hentry","category-actualite","generate-columns","tablet-grid-50","mobile-grid-100","grid-parent","grid-33"],"_links":{"self":[{"href":"https:\/\/renouvelable-habitat.fr\/de\/wp-json\/wp\/v2\/posts\/4046","targetHints":{"allow":["GET"]}}],"collection":[{"href":"https:\/\/renouvelable-habitat.fr\/de\/wp-json\/wp\/v2\/posts"}],"about":[{"href":"https:\/\/renouvelable-habitat.fr\/de\/wp-json\/wp\/v2\/types\/post"}],"author":[{"embeddable":true,"href":"https:\/\/renouvelable-habitat.fr\/de\/wp-json\/wp\/v2\/users\/3"}],"replies":[{"embeddable":true,"href":"https:\/\/renouvelable-habitat.fr\/de\/wp-json\/wp\/v2\/comments?post=4046"}],"version-history":[{"count":0,"href":"https:\/\/renouvelable-habitat.fr\/de\/wp-json\/wp\/v2\/posts\/4046\/revisions"}],"wp:featuredmedia":[{"embeddable":true,"href":"https:\/\/renouvelable-habitat.fr\/de\/wp-json\/wp\/v2\/media\/4043"}],"wp:attachment":[{"href":"https:\/\/renouvelable-habitat.fr\/de\/wp-json\/wp\/v2\/media?parent=4046"}],"wp:term":[{"taxonomy":"category","embeddable":true,"href":"https:\/\/renouvelable-habitat.fr\/de\/wp-json\/wp\/v2\/categories?post=4046"},{"taxonomy":"post_tag","embeddable":true,"href":"https:\/\/renouvelable-habitat.fr\/de\/wp-json\/wp\/v2\/tags?post=4046"}],"curies":[{"name":"wp","href":"https:\/\/api.w.org\/{rel}","templated":true}]}}