{"id":2894,"date":"2025-07-28T08:02:58","date_gmt":"2025-07-28T07:02:58","guid":{"rendered":"https:\/\/renouvelable-habitat.fr\/un-portrait-chaleureux-de-beatrice-uria-monzon-une-personnalite-rayonnante\/"},"modified":"2025-07-28T08:02:58","modified_gmt":"2025-07-28T07:02:58","slug":"un-portrait-chaleureux-de-beatrice-uria-monzon-une-personnalite-rayonnante","status":"publish","type":"post","link":"https:\/\/renouvelable-habitat.fr\/en\/un-portrait-chaleureux-de-beatrice-uria-monzon-une-personnalite-rayonnante\/","title":{"rendered":"Un portrait chaleureux de B\u00e9atrice Uria Monzon : une personnalit\u00e9 rayonnante"},"content":{"rendered":"<p>La disparition de <strong>B\u00e9atrice Uria Monzon<\/strong> en 2025 a marqu\u00e9 profond\u00e9ment le monde de l\u2019op\u00e9ra, laissant un vide immense tant artistique qu\u2019humain. V\u00e9ritable ic\u00f4ne lyrique, elle s\u2019est impos\u00e9e par son <strong>charisme<\/strong> and its <strong>elegance<\/strong> naturelle sur les plus grandes sc\u00e8nes internationales. Reconnaissable gr\u00e2ce \u00e0 sa voix au timbre unique, m\u00ealant une tessiture franche et une chaleur hispano-fran\u00e7aise, elle a su incarner avec intensit\u00e9 et sinc\u00e9rit\u00e9 des r\u00f4les majeurs comme Carmen, Santuzza ou encore Cl\u00e9op\u00e2tre, devenant une source d\u2019<strong>inspiration<\/strong> pour nombre d\u2019amateurs et de professionnels de la musique classique. Au-del\u00e0 de sa ma\u00eetrise technique, c\u2019est sa <strong>passion<\/strong> and its <strong>authenticit\u00e9<\/strong> qui ont touch\u00e9 le public, contribuant \u00e0 une pr\u00e9sence sc\u00e9nique inoubliable. Sa <strong>cr\u00e9ativit\u00e9<\/strong> constante, visible \u00e0 travers des prises de risques artistiques et un engagement sans faille, a fait d\u2019elle une artiste singuli\u00e8re et r\u00e9solument moderne. Ce portrait revient sur la silhouette d\u2019une femme rayonnante, adul\u00e9e pour sa simplicit\u00e9 et son humanit\u00e9, et sur les t\u00e9moignages nombreuses qui soulignent sa personnalit\u00e9 chaleureuse et son inestimable apport \u00e0 la musique lyrique moderne.<\/p>\n\n<h2 class=\"wp-block-heading\">Les cl\u00e9s du charisme et de l\u2019\u00e9l\u00e9gance de B\u00e9atrice Uria Monzon dans l\u2019op\u00e9ra<\/h2>\n\n<p>Le succ\u00e8s durable de B\u00e9atrice Uria Monzon repose avant tout sur une alliance subtile entre <strong>elegance<\/strong> sc\u00e9nique et authenticit\u00e9 vocale. Son charme naturel, souvent d\u00e9crit comme un magn\u00e9tisme myst\u00e9rieux, \u00e9manait sans effort mais avec une force palpable.<\/p>\n\n<ul class=\"wp-block-list\"><li><strong>Voix singuli\u00e8re:<\/strong> un timbre franco-espagnol, avec une voix de mezzo-soprano devenue soprano dans ses derni\u00e8res ann\u00e9es, offrant une palette expressive riche.<\/li><li><strong>Pr\u00e9sence sc\u00e9nique:<\/strong> l\u2019alliance parfaite entre la compr\u00e9hension th\u00e9\u00e2trale et la ma\u00eetrise vocale.<\/li><li><strong>Investissement \u00e9motionnel:<\/strong> B\u00e9atrice apportait une grande v\u00e9rit\u00e9 et intensit\u00e9 \u00e0 chacun de ses r\u00f4les, capturant ainsi toute l\u2019attention du spectateur.<\/li><li><strong>Professionnalisme et rigueur:<\/strong> son respect absolu du texte et de la musique lui permettait de transcender toute simplicit\u00e9 apparente.<\/li><\/ul>\n\n<p>Son travail avec des chefs d&rsquo;orchestre prestigieux comme Michel Plasson ou Bertrand de Billy a \u00e9t\u00e9 salu\u00e9 pour cette capacit\u00e9 \u00e0 faire vivre les \u0153uvres avec une expressivit\u00e9 subtile et un engagement total. Cette qualit\u00e9 \u00e9tait \u00e9galement sa marque dans les cr\u00e9ations contemporaines, notamment avec le r\u00f4le d\u2019Isabel dans <em>Le Soulier de Satin<\/em> de Marc-Andr\u00e9 Dalbavie, o\u00f9 sa cr\u00e9ativit\u00e9 a brill\u00e9 malgr\u00e9 les contraintes li\u00e9es \u00e0 la pand\u00e9mie.<\/p>\n\n\n\n<h3 class=\"wp-block-heading\">L\u2019\u00e9panouissement d&rsquo;une personnalit\u00e9 au-del\u00e0 de la sc\u00e8ne<\/h3>\n\n<p>Les t\u00e9moignages recueillis apr\u00e8s sa disparition font ressortir une <strong>personnalit\u00e9<\/strong> profond\u00e9ment humaine, port\u00e9e par la <strong>joie de vivre<\/strong> et la g\u00e9n\u00e9rosit\u00e9. Amis et coll\u00e8gues soulignent son humour, sa simplicit\u00e9 et sa douceur malgr\u00e9 une exigence artistique extr\u00eame.<\/p>\n\n<ul class=\"wp-block-list\"><li><strong>Complice de Roberto Alagna:<\/strong> B\u00e9atrice \u00e9tait pour lui une interpr\u00e8te ins\u00e9parable de ses r\u00f4les, notamment Carmen, incarn\u00e9e avec une fusion parfaite entre artiste et personnage.<\/li><li><strong>\u00c9l\u00e9gance et humilit\u00e9:<\/strong> m\u00eame au sommet de sa carri\u00e8re, elle restait accessible et attentive \u00e0 ses partenaires et jeunes talents qu\u2019elle accompagnait.<\/li><li><strong>Passion pour la vie quotidienne:<\/strong> notamment pour la nature, ses jardins, et la convivialit\u00e9 entre amis.<\/li><li><strong>\u00c9nergie artistique constante:<\/strong> chaque nouveau r\u00f4le est devenu pour elle un d\u00e9fi, toujours relev\u00e9 avec cr\u00e9ativit\u00e9 et passion.<\/li><\/ul>\n\n<figure class=\"wp-block-table\"><table>\n<thead>\n<tr>\n<th>Aspect<\/th>\n<th>Description<\/th>\n<th>Exemple<\/th>\n<\/tr>\n<\/thead>\n<tbody>\n<tr>\n<td>Authenticit\u00e9<\/td>\n<td>Emotion sinc\u00e8re dans chaque interpr\u00e9tation<\/td>\n<td>Son Carmen \u00e0 l\u2019Op\u00e9ra Bastille en 1993<\/td>\n<\/tr>\n<tr>\n<td>Cr\u00e9ativit\u00e9<\/td>\n<td>Ouverture vers la musique contemporaine<\/td>\n<td>Son r\u00f4le dans <em>Le Soulier de Satin<\/em> (2021)<\/td>\n<\/tr>\n<tr>\n<td>G\u00e9n\u00e9rosit\u00e9<\/td>\n<td>Accompagnement des jeunes chanteurs<\/td>\n<td>Pr\u00e9sidente de jurys, soutien aux talents \u00e9mergents<\/td>\n<\/tr>\n<tr>\n<td>Rayonnement personnel<\/td>\n<td>Charisme naturel sur et hors sc\u00e8ne<\/td>\n<td>Relations chaleureuses avec coll\u00e8gues et public<\/td>\n<\/tr>\n<\/tbody>\n<\/table><\/figure>\n\n<figure class=\"is-provider-youtube is-type-video wp-block-embed wp-block-embed-youtube wp-embed-aspect-16-9 wp-has-aspect-ratio\"><div class=\"wp-block-embed__wrapper\">\n<iframe title=\"Interview de B\u00e9atrice Uria-Monzon, au Stade de France le 19 septembre 2020\" width=\"1200\" height=\"675\" src=\"https:\/\/www.youtube.com\/embed\/MOYaA2DemwU?feature=oembed\" frameborder=\"0\" allow=\"accelerometer; autoplay; clipboard-write; encrypted-media; gyroscope; picture-in-picture; web-share\" referrerpolicy=\"strict-origin-when-cross-origin\" allowfullscreen><\/iframe>\n<\/div><\/figure>\n\n<h2 class=\"wp-block-heading\">Un h\u00e9ritage artistique nourri par la passion et l\u2019exigence<\/h2>\n\n<p>B\u00e9atrice Uria Monzon a laiss\u00e9 une empreinte durable, non seulement par son r\u00e9pertoire \u00e9tendu mais par la <strong>qualit\u00e9 de son engagement<\/strong>. Elle a su incarner plus de trente r\u00f4les majeurs, marquant chacun par son interpr\u00e9tation rigoureuse et pleine d\u2019\u00e2me.<\/p>\n\n<ul class=\"wp-block-list\"><li><strong>R\u00f4les embl\u00e9matiques:<\/strong> Carmen, Charlotte, Dalila, Chim\u00e8ne, Tosca, Santuzza, Eboli, Gioconda et Cl\u00e9op\u00e2tre.<\/li><li><strong>\u00c9volution vocale:<\/strong> une progression remarquable vers des r\u00f4les plus dramatiques et lyriques \u00e0 partir des ann\u00e9es 2010.<\/li><li><strong>Mises en sc\u00e8ne m\u00e9morables:<\/strong> productions avant-gardistes et traditionnelles auxquelles elle a su apporter une touche personnelle unique.<\/li><li><strong>Imposante carri\u00e8re internationale:<\/strong> sc\u00e8nes prestigieuses telles que l\u2019Op\u00e9ra de Paris, Vienne, Barcelone, Orange ou Toulouse.<\/li><\/ul>\n\n<p>Sa rigueur artistique, \u00e9voqu\u00e9e par Roselyne Bachelot et plusieurs chefs d\u2019orchestre, s\u2019accompagnait d\u2019une qu\u00eate constante d\u2019<strong>excellence<\/strong> dans le respect de l\u2019\u0153uvre. Elle incarnait aussi un combat pour la puret\u00e9 artistique face aux simplifications faciles, affirmant par son travail la n\u00e9cessit\u00e9 d\u2019une interpr\u00e9tation honn\u00eate et bouleversante.<\/p>\n\n<figure class=\"wp-block-table\"><table>\n<thead>\n<tr>\n<th>Moment cl\u00e9<\/th>\n<th>Lieu<\/th>\n<th>Importance<\/th>\n<\/tr>\n<\/thead>\n<tbody>\n<tr>\n<td>Carmen (1993)<\/td>\n<td>Op\u00e9ra Bastille, Paris<\/td>\n<td>R\u00f4le de r\u00e9f\u00e9rence qui l\u2019a r\u00e9v\u00e9l\u00e9e au public mondial<\/td>\n<\/tr>\n<tr>\n<td>Cl\u00e9op\u00e2tre dans la Mort de Cl\u00e9op\u00e2tre (2006)<\/td>\n<td>Festival Berlioz<\/td>\n<td>Performance m\u00e9morable m\u00ealant intensit\u00e9 vocale et \u00e9motion dramatique<\/td>\n<\/tr>\n<tr>\n<td>Eboli dans Don Carlos (Op\u00e9ra de Vienne)<\/td>\n<td>Vienne<\/td>\n<td>Succ\u00e8s dans un r\u00f4le difficile, soulignant sa polyvalence<\/td>\n<\/tr>\n<tr>\n<td>Isabel dans Le Soulier de Satin (2021)<\/td>\n<td>Op\u00e9ra national de Paris<\/td>\n<td>Cr\u00e9ation contemporaine qui a confirm\u00e9 sa capacit\u00e9 d\u2019adaptation<\/td>\n<\/tr>\n<\/tbody>\n<\/table><\/figure>\n\n\n\n<figure class=\"is-provider-youtube is-type-video wp-block-embed wp-block-embed-youtube wp-embed-aspect-16-9 wp-has-aspect-ratio\"><div class=\"wp-block-embed__wrapper\">\n<iframe title=\"NoA \u2013 BIS : Artiste de r\u00e9f\u00e9rence (B\u00e9atrice Uria Monzon,  Agen)\" width=\"1200\" height=\"675\" src=\"https:\/\/www.youtube.com\/embed\/AyoKIgntXA4?feature=oembed\" frameborder=\"0\" allow=\"accelerometer; autoplay; clipboard-write; encrypted-media; gyroscope; picture-in-picture; web-share\" referrerpolicy=\"strict-origin-when-cross-origin\" allowfullscreen><\/iframe>\n<\/div><\/figure>\n\n<h3 class=\"wp-block-heading\">Les t\u00e9moignages d\u2019admiration et d\u2019affection de la sc\u00e8ne lyrique<\/h3>\n\n<p>Les artistes et professionnels de l\u2019op\u00e9ra s\u2019accordent pour d\u00e9crire B\u00e9atrice comme une figure incontournable et une amie sinc\u00e8re. Sa <strong>g\u00e9n\u00e9rosit\u00e9<\/strong> and its <strong>humanit\u00e9<\/strong> restent grav\u00e9es dans les m\u00e9moires. Ces paroles d\u00e9montrent son impact au-del\u00e0 du chant :<\/p>\n\n<ul class=\"wp-block-list\"><li>Roberto Alagna \u00e9voque une complice id\u00e9ale, symbole d\u2019une qu\u00eate artistique partag\u00e9e.<\/li><li>Roselyne Bachelot rappelle sa rigueur et sa dignit\u00e9 face \u00e0 l\u2019art lyrique en pleine mutation.<\/li><li>Bertrand de Billy insiste sur son humour et son humilit\u00e9 malgr\u00e9 les succ\u00e8s mondiaux.<\/li><li>Jean-Fran\u00e7ois Borras, Jean-S\u00e9bastien Bou et d\u2019autres soulignent sa capacit\u00e9 \u00e0 \u00e9mouvoir profond\u00e9ment sur sc\u00e8ne.<\/li><\/ul>\n\n<p>Par ailleurs, le soutien et la collaboration avec de jeunes talents t\u00e9moignent de son r\u00f4le moteur dans la transmission du patrimoine lyrique. Son engagement dans les jurys de concours et son attention aux nouvelles g\u00e9n\u00e9rations r\u00e9v\u00e8lent une artiste d\u00e9vou\u00e9e et consciente de son h\u00e9ritage \u00e0 transmettre.<\/p>\n\n<figure class=\"wp-block-table\"><table>\n<thead>\n<tr>\n<th>Personne<\/th>\n<th>Relation \u00e0 B\u00e9atrice<\/th>\n<th>Aspect mis en avant<\/th>\n<\/tr>\n<\/thead>\n<tbody>\n<tr>\n<td>Roberto Alagna<\/td>\n<td>Coll\u00e8gue, partenaire sc\u00e9nique<\/td>\n<td>Complicit\u00e9 artistique et fusion des r\u00f4les<\/td>\n<\/tr>\n<tr>\n<td>Roselyne Bachelot<\/td>\n<td>Ancienne Ministre de la Culture<\/td>\n<td>Respect de l\u2019\u0153uvre, dignit\u00e9, rigueur<\/td>\n<\/tr>\n<tr>\n<td>Bertrand de Billy<\/td>\n<td>Chef d\u2019orchestre<\/td>\n<td>Humour, remise en question, humilit\u00e9<\/td>\n<\/tr>\n<tr>\n<td>Jean-Fran\u00e7ois Borras<\/td>\n<td>T\u00e9nor<\/td>\n<td>G\u00e9n\u00e9rosit\u00e9 sur sc\u00e8ne et dans la vie<\/td>\n<\/tr>\n<\/tbody>\n<\/table><\/figure>\n\n<p><otoinstagram href=\"https:\/\/www.instagram.com\/p\/DMUsO9Ro8iI\/\" uid=\"instagram-688720a0741df\"><\/otoinstagram><\/p>\n\n<h2 class=\"wp-block-heading\">Une personnalit\u00e9 rayonnante au c\u0153ur de l\u2019actualit\u00e9 lyrique fran\u00e7aise<\/h2>\n\n<p>La formidable carri\u00e8re de B\u00e9atrice Uria Monzon se conjugue avec une actualit\u00e9 marqu\u00e9e par de multiples hommages et initiatives visant \u00e0 c\u00e9l\u00e9brer son h\u00e9ritage artistique. Des soir\u00e9es comm\u00e9moratives \u00e0 l\u2019Op\u00e9ra national de Paris aux articles sp\u00e9cialis\u00e9s, la m\u00e9moire d\u2019une artiste exceptionnelle se perp\u00e9tue.<\/p>\n\n<ul class=\"wp-block-list\"><li><a href=\"https:\/\/www.opera-online.com\/fr\/articles\/disparition-de-beatrice-uria-monzon-une-soiree-dhommage-ce-22-juillet\">Soir\u00e9e d\u2019hommage \u00e0 l\u2019Op\u00e9ra national de Paris<\/a> r\u00e9unissant figures majeures du monde lyrique.<\/li><li><a href=\"https:\/\/www.ladepeche.fr\/2025\/07\/22\/mort-de-beatrice-uria-monzon-sa-voix-dune-intensite-rare-portait-bien-au-dela-des-scenes-elle-touchait-lame-12837496.php\">Articles approfondis<\/a> mettant en lumi\u00e8re son apport unique au r\u00e9pertoire et la singularit\u00e9 de son son.<\/li><li><a href=\"https:\/\/www.sudouest.fr\/lot-et-garonne\/agen\/mort-de-beatrice-uria-monzon-en-images-la-cantatrice-et-le-sud-ouest-25324821.php\">Hommages locaux<\/a>, notamment dans sa r\u00e9gion natale, illustrant le lien fort avec son terroir.<\/li><li>Encouragement des jeunes g\u00e9n\u00e9rations gr\u00e2ce \u00e0 des t\u00e9moignages et ateliers organis\u00e9s autour de son h\u00e9ritage.<\/li><li>Continuit\u00e9 dans l\u2019\u00e9tude de son r\u00e9pertoire et la pr\u00e9servation de ses enregistrements pour inspirer les futurs artistes.<\/li><\/ul>\n\n<figure class=\"wp-block-table\"><table>\n<thead>\n<tr>\n<th>Initiative<\/th>\n<th>Organisateur<\/th>\n<th>Objective<\/th>\n<th>Date<\/th>\n<\/tr>\n<\/thead>\n<tbody>\n<tr>\n<td>Soir\u00e9e hommage<\/td>\n<td>Op\u00e9ra national de Paris<\/td>\n<td>C\u00e9l\u00e9brer la m\u00e9moire et l\u2019\u0153uvre de B\u00e9atrice Uria Monzon<\/td>\n<td>22 juillet 2025<\/td>\n<\/tr>\n<tr>\n<td>Articles et reportages<\/td>\n<td>La D\u00e9p\u00eache, Sud Ouest, Le Figaro<\/td>\n<td>Diffuser l\u2019h\u00e9ritage et la personnalit\u00e9 rayonnante<\/td>\n<td>Juillet 2025<\/td>\n<\/tr>\n<tr>\n<td>Ateliers pour jeunes chanteurs<\/td>\n<td>Maisons d\u2019op\u00e9ra<\/td>\n<td>Transmettre son savoir-faire et sa passion<\/td>\n<td>\u00c0 venir<\/td>\n<\/tr>\n<tr>\n<td>Archivage et pr\u00e9servation<\/td>\n<td>Institutions culturelles<\/td>\n<td>Conserver ses enregistrements et documents<\/td>\n<td>En cours<\/td>\n<\/tr>\n<\/tbody>\n<\/table><\/figure>\n\n<figure class=\"is-provider-youtube is-type-video wp-block-embed wp-block-embed-youtube wp-embed-aspect-16-9 wp-has-aspect-ratio\"><div class=\"wp-block-embed__wrapper\">\n<iframe title=\"Carmen : Interview de B\u00e9atrice Uria-Monzon\" width=\"1200\" height=\"675\" src=\"https:\/\/www.youtube.com\/embed\/4y2j9r6jy5k?feature=oembed\" frameborder=\"0\" allow=\"accelerometer; autoplay; clipboard-write; encrypted-media; gyroscope; picture-in-picture; web-share\" referrerpolicy=\"strict-origin-when-cross-origin\" allowfullscreen><\/iframe>\n<\/div><\/figure>\n\n<h3 class=\"wp-block-heading\">Une source d\u2019inspiration pour les g\u00e9n\u00e9rations futures<\/h3>\n\n<p>Au c\u0153ur de la r\u00e9flexion sur le futur de l\u2019op\u00e9ra, la carri\u00e8re de B\u00e9atrice Uria Monzon incarne un exemple conjuguant <strong>cr\u00e9ativit\u00e9<\/strong>, <strong>rigueur<\/strong>, And <strong>passion<\/strong>. Sa vie et son \u0153uvre alimentent une nouvelle g\u00e9n\u00e9ration d&rsquo;artistes engag\u00e9s, motiv\u00e9s \u00e0 poursuivre une voie exigeante et authentique.<\/p>\n\n<p>Dans un univers o\u00f9 les mutations culturelles sont rapides, son mod\u00e8le demeure une r\u00e9f\u00e9rence pr\u00e9cieuse, rappelant que le rayonnement d\u2019un artiste d\u00e9passe la technique: c\u2019est toute la singularit\u00e9 de sa personnalit\u00e9 qui s\u2019impose.<\/p>\n\n<h2 class=\"wp-block-heading\">FAQ sur B\u00e9atrice Uria Monzon et son influence lyrique<\/h2>\n\n<ol class=\"wp-block-list\"><li><strong>Quels sont les r\u00f4les les plus embl\u00e9matiques de B\u00e9atrice Uria Monzon ?<\/strong><br>\n  Elle est notamment reconnue pour ses interpr\u00e9tations de Carmen, Charlotte, Santuzza, Eboli, Dalila et Cl\u00e9op\u00e2tre.<\/li><li><strong>Comment B\u00e9atrice Uria Monzon a-t-elle influenc\u00e9 la sc\u00e8ne lyrique contemporaine ?<\/strong><br>\n  Par son engagement dans des cr\u00e9ations contemporaines comme <em>Le Soulier de Satin<\/em>, elle a d\u00e9montr\u00e9 une grande capacit\u00e9 d\u2019adaptation tout en conservant l\u2019exigence du r\u00e9pertoire classique.<\/li><li><strong>Quels t\u00e9moignages illustrent son temp\u00e9rament sur sc\u00e8ne et dans la vie ?<\/strong><br>\n  Des coll\u00e8gues comme Roberto Alagna ou Bertrand de Billy soulignent son humour, sa g\u00e9n\u00e9rosit\u00e9, sa rigueur et son charisme naturel.<\/li><li><strong>Quelles initiatives ont \u00e9t\u00e9 prises pour honorer sa m\u00e9moire ?<\/strong><br>\n  Plusieurs maisons d\u2019op\u00e9ra ont organis\u00e9 des soir\u00e9es d\u2019hommage, et des ateliers \u00e9ducatifs sont pr\u00e9vus pour transmettre son h\u00e9ritage aux jeunes talents.<\/li><li><strong>O\u00f9 en savoir plus sur B\u00e9atrice Uria Monzon ?<\/strong><br>\n  Son parcours est document\u00e9 sur <a href=\"https:\/\/fr.wikipedia.org\/wiki\/B%C3%A9atrice_Uria-Monzon\">Wikip\u00e9dia<\/a> ainsi que dans de nombreuses publications sp\u00e9cialis\u00e9es et m\u00e9dias lyriques.<\/li><\/ol>\n\n<p>Pour approfondir la d\u00e9couverte de l\u2019univers artistique de B\u00e9atrice Uria Monzon, consulter notamment les ressources suivantes : <a href=\"https:\/\/www.ladepeche.fr\/2025\/07\/22\/mort-de-beatrice-uria-monzon-sa-voix-dune-intensite-rare-portait-bien-au-dela-des-scenes-elle-touchait-lame-12837496.php\">La D\u00e9p\u00eache<\/a>, <a href=\"https:\/\/www.opera-online.com\/fr\/articles\/disparition-de-beatrice-uria-monzon-une-soiree-dhommage-ce-22-juillet\">Op\u00e9ra Online<\/a>, And <a href=\"https:\/\/www.sudouest.fr\/lot-et-garonne\/agen\/mort-de-beatrice-uria-monzon-en-images-la-cantatrice-et-le-sud-ouest-25324821.php\">Sud Ouest<\/a>.<\/p>","protected":false},"excerpt":{"rendered":"<p>La disparition de B\u00e9atrice Uria Monzon en 2025 a marqu\u00e9 profond\u00e9ment le monde de l\u2019op\u00e9ra, laissant un vide immense tant artistique qu\u2019humain. V\u00e9ritable ic\u00f4ne lyrique, elle s\u2019est impos\u00e9e par son charisme et son \u00e9l\u00e9gance naturelle sur les plus grandes sc\u00e8nes internationales. Reconnaissable gr\u00e2ce \u00e0 sa voix au timbre unique, m\u00ealant une tessiture franche et une &#8230; <a title=\"Un portrait chaleureux de B\u00e9atrice Uria Monzon : une personnalit\u00e9 rayonnante\" class=\"read-more\" href=\"https:\/\/renouvelable-habitat.fr\/en\/un-portrait-chaleureux-de-beatrice-uria-monzon-une-personnalite-rayonnante\/\" aria-label=\"Read more about Un portrait chaleureux de B\u00e9atrice Uria Monzon : une personnalit\u00e9 rayonnante\">Read more<\/a><\/p>","protected":false},"author":3,"featured_media":0,"comment_status":"open","ping_status":"open","sticky":false,"template":"","format":"standard","meta":{"_seopress_robots_primary_cat":"","_seopress_titles_title":"B\u00e9atrice Uria Monzon : une \u00e9toile qui \u00e9claire notre temps","_seopress_titles_desc":"D\u00e9couvrez B\u00e9atrice Uria Monzon \u00e0 travers un portrait chaleureux : une artiste passionn\u00e9e, lumineuse et inspirante. \u00c0 lire absolument !","_seopress_robots_index":"","inline_featured_image":false,"footnotes":""},"categories":[16],"tags":[],"class_list":["post-2894","post","type-post","status-publish","format-standard","hentry","category-actualite","generate-columns","tablet-grid-50","mobile-grid-100","grid-parent","grid-33"],"_links":{"self":[{"href":"https:\/\/renouvelable-habitat.fr\/en\/wp-json\/wp\/v2\/posts\/2894","targetHints":{"allow":["GET"]}}],"collection":[{"href":"https:\/\/renouvelable-habitat.fr\/en\/wp-json\/wp\/v2\/posts"}],"about":[{"href":"https:\/\/renouvelable-habitat.fr\/en\/wp-json\/wp\/v2\/types\/post"}],"author":[{"embeddable":true,"href":"https:\/\/renouvelable-habitat.fr\/en\/wp-json\/wp\/v2\/users\/3"}],"replies":[{"embeddable":true,"href":"https:\/\/renouvelable-habitat.fr\/en\/wp-json\/wp\/v2\/comments?post=2894"}],"version-history":[{"count":0,"href":"https:\/\/renouvelable-habitat.fr\/en\/wp-json\/wp\/v2\/posts\/2894\/revisions"}],"wp:attachment":[{"href":"https:\/\/renouvelable-habitat.fr\/en\/wp-json\/wp\/v2\/media?parent=2894"}],"wp:term":[{"taxonomy":"category","embeddable":true,"href":"https:\/\/renouvelable-habitat.fr\/en\/wp-json\/wp\/v2\/categories?post=2894"},{"taxonomy":"post_tag","embeddable":true,"href":"https:\/\/renouvelable-habitat.fr\/en\/wp-json\/wp\/v2\/tags?post=2894"}],"curies":[{"name":"wp","href":"https:\/\/api.w.org\/{rel}","templated":true}]}}