{"id":2916,"date":"2025-08-13T08:02:01","date_gmt":"2025-08-13T07:02:01","guid":{"rendered":"https:\/\/renouvelable-habitat.fr\/vienne-le-projet-innovant-du-parc-solaire-oyre-un-nouvel-elan-pour-la-reconversion-des-fonderies-du-poitou\/"},"modified":"2025-08-13T08:02:01","modified_gmt":"2025-08-13T07:02:01","slug":"vienne-le-projet-innovant-du-parc-solaire-oyre-un-nouvel-elan-pour-la-reconversion-des-fonderies-du-poitou","status":"publish","type":"post","link":"https:\/\/renouvelable-habitat.fr\/en\/vienne-le-projet-innovant-du-parc-solaire-oyre-un-nouvel-elan-pour-la-reconversion-des-fonderies-du-poitou\/","title":{"rendered":"Vienne : le projet innovant du parc solaire Oyr\u00e9, un nouvel \u00e9lan pour la reconversion des Fonderies du Poitou"},"content":{"rendered":"<p>\u00c0 Oyr\u00e9, dans la Vienne, le projet \u00c9coParc Oyr\u00e9 illustre un v\u00e9ritable renouveau industriel et \u00e9cologique, s\u2019inscrivant dans une dynamique forte de transition verte Poitou. Ce projet solaire innovation prend place sur un terrain de 35 hectares qui \u00e9tait autrefois un centre d\u2019enfouissement des sables us\u00e9s des Fonderies du Poitou, symbolisant ainsi une m\u00e9tamorphose majeure de ce site embl\u00e9matique. Men\u00e9 par la soci\u00e9t\u00e9 TSE, producteur fran\u00e7ais d\u2019\u00e9nergie solaire, ce chantier vise \u00e0 implanter une centrale photovolta\u00efque ambitieuse de 31 m\u00e9gawatts cr\u00eate, renfor\u00e7ant la production d\u2019\u00e9nergie renouvelable locale sous le soleil de la Vienne.<\/p>\n\n<p>Pr\u00e9vue pour une mise en service en 2028, cette initiative s\u2019inscrit comme un pilier du projet plus large des Fonderies du Poitou reconverties, un ensemble industriel vert port\u00e9 par un consortium fran\u00e7ais int\u00e9grant Lhyfe et TSE. Ce corridor \u00e9nerg\u00e9tique vise \u00e0 g\u00e9n\u00e9rer jusqu\u2019\u00e0 300 emplois, favorisant un avenir durable au c\u0153ur du Poitou. Cette d\u00e9marche exemplaire de reconversion illustre le pouvoir des \u00e9nergies vertes \u00e0 transformer les friches industrielles en p\u00f4les innovants pour la r\u00e9gion.<\/p>\n\n<h2 class=\"wp-block-heading\">Le Parc Solaire Oyr\u00e9 : un enjeu majeur pour la Vienne \u00e9nergie verte<\/h2>\n\n<p>Le site de l\u2019\u00c9coParc Oyr\u00e9 exploite une emprise fonci\u00e8re inconstructible de 35 hectares pour y installer un parc photovolta\u00efque couvrant 13 hectares. Cette implantation sur le lieu-dit Les Parjolets, \u00e0 proximit\u00e9 imm\u00e9diate des anciennes installations des Fonderies, anticipe une capacit\u00e9 de production \u00e9nerg\u00e9tique comparable \u00e0 celle projet\u00e9e sur le site de Saint-Ustre.<\/p>\n\n<ul class=\"wp-block-list\"><li><strong>Puissance install\u00e9e :<\/strong> 31 MWc, \u00e9quivalent \u00e0 la consommation annuelle d\u2019environ 20 000 foyers fran\u00e7ais.<\/li><li><strong>Surface des panneaux solaires :<\/strong> 13 hectares.<\/li><li><strong>Dur\u00e9e estim\u00e9e des travaux :<\/strong> 2 ans, incluant une ann\u00e9e pour la construction et le raccordement.<\/li><li><strong>Calendrier :<\/strong> d\u00e9p\u00f4t du permis envisag\u00e9 fin 2025, lancement des travaux d\u00e9but 2027, mise en service pr\u00e9vue pour le premier semestre 2028.<\/li><li><strong>Impact environnemental :<\/strong> \u00e9tudes en cours sur la faune et la flore locale pour minimiser les impacts, accompagn\u00e9es de mesures d\u2019\u00e9vitement adapt\u00e9es.<\/li><\/ul>\n\n<p>Ce projet s\u2019inscrit pleinement dans l\u2019ambitieux sch\u00e9ma renouvelable port\u00e9 par la r\u00e9gion Nouvelle-Aquitaine, renfor\u00e7ant la position du d\u00e9partement de la Vienne comme un moteur du Poitou futur durable. Cette centralisation \u00e9nerg\u00e9tique verte contribue \u00e0 d\u00e9carboner la r\u00e9gion tout en valorisant une friche historique.<\/p>\n\n\n\n<h3 class=\"wp-block-heading\">\u00c9tapes cl\u00e9s du projet solaire sur le site des Fonderies du Poitou<\/h3>\n\n<figure class=\"wp-block-table\"><table>\n<thead>\n<tr>\n<th>\u00c9tape<\/th>\n<th>Date pr\u00e9vue<\/th>\n<th>Description<\/th>\n<\/tr>\n<\/thead>\n<tbody>\n<tr>\n<td>\u00c9tudes environnementales<\/td>\n<td>2024-2025<\/td>\n<td>Inventaire faune et flore, mise en place de mesures d\u2019\u00e9vitement.<\/td>\n<\/tr>\n<tr>\n<td>D\u00e9p\u00f4t du permis de construire<\/td>\n<td>D\u00e9cembre 2025<\/td>\n<td>D\u00e9p\u00f4t officiel aupr\u00e8s des autorit\u00e9s comp\u00e9tentes.<\/td>\n<\/tr>\n<tr>\n<td>Instruction du dossier<\/td>\n<td>2026<\/td>\n<td>Analyse et validation par les services de l&rsquo;\u00c9tat, d\u00e9lai d\u2019un an.<\/td>\n<\/tr>\n<tr>\n<td>Construction et raccordement<\/td>\n<td>2027-2028<\/td>\n<td>Installation des panneaux, mise en r\u00e9seau \u00e9lectrique.<\/td>\n<\/tr>\n<tr>\n<td>Mise en service<\/td>\n<td>Premier semestre 2028<\/td>\n<td>Entr\u00e9e en fonctionnement de la centrale photovolta\u00efque.<\/td>\n<\/tr>\n<\/tbody>\n<\/table><\/figure>\n\n<p>Ce calendrier rigoureux souligne l\u2019importance d\u2019une gestion rigoureuse adapt\u00e9e aux contraintes environnementales et administratives pour garantir le succ\u00e8s du renouveau industriel Vienne.<\/p>\n\n<figure class=\"is-provider-youtube is-type-video wp-block-embed wp-block-embed-youtube wp-embed-aspect-16-9 wp-has-aspect-ratio\"><div class=\"wp-block-embed__wrapper\">\n<iframe title=\"VID\u00c9O. Ingrandes-sur-Vienne : les fonderies du Poitou d\u00e9clenchent la gr\u00e8ve\" width=\"1200\" height=\"675\" src=\"https:\/\/www.youtube.com\/embed\/Gn8NYRl7_s0?feature=oembed\" frameborder=\"0\" allow=\"accelerometer; autoplay; clipboard-write; encrypted-media; gyroscope; picture-in-picture; web-share\" referrerpolicy=\"strict-origin-when-cross-origin\" allowfullscreen><\/iframe>\n<\/div><\/figure>\n\n<h2 class=\"wp-block-heading\">Un corridor \u00e9nerg\u00e9tique \u00e9cologique : la reconversion des Fonderies du Poitou<\/h2>\n\n<p>Le projet solaire \u00e0 Oyr\u00e9 constitue l\u2019un des volets essentiels du consortium form\u00e9 par TSE et Lhyfe, qui ambitionne de transformer les anciens sites industriels des Fonderies du Poitou en un hub \u00e9nerg\u00e9tique vert. Cette initiative n\u2019est pas isol\u00e9e : elle s\u2019inscrit dans une strat\u00e9gie globale r\u00e9unissant plusieurs sources d\u2019\u00e9nergies renouvelables, notamment l\u2019hydrog\u00e8ne vert.<\/p>\n\n<ul class=\"wp-block-list\"><li><strong>Cr\u00e9ation d\u2019un hub \u00e9nerg\u00e9tique :<\/strong> int\u00e9gration de la production solaire et d\u2019une usine d\u2019hydrog\u00e8ne renouvelable pour plus d\u2019autonomie \u00e9nerg\u00e9tique du territoire.<\/li><li><strong>Emplois estim\u00e9s :<\/strong> jusqu\u2019\u00e0 300 postes \u00e0 pourvoir sur le site, entre construction, exploitation et maintenance.<\/li><li><strong>Valorisation des sols impropres \u00e0 la construction :<\/strong> un usage innovant des terrains des Fonderies pour la transition verte Poitou.<\/li><li><strong>Performance \u00e9nerg\u00e9tique :<\/strong> production annuelle estim\u00e9e de 45 GWh d\u2019\u00e9lectricit\u00e9 solaire inject\u00e9e au r\u00e9seau r\u00e9gional.<\/li><li><strong>Soutien r\u00e9gional :<\/strong> appui fort de la Nouvelle-Aquitaine pour accompagner ce projet durable.<\/li><\/ul>\n\n<p>La reconversion de ces friches industrielles illustre un exemple concrete de transformation en \u00e9co-parc capable de supporter la croissance verte et la r\u00e9silience \u00e9conomique locale.<\/p>\n\n<figure class=\"is-provider-youtube is-type-video wp-block-embed wp-block-embed-youtube wp-embed-aspect-16-9 wp-has-aspect-ratio\"><div class=\"wp-block-embed__wrapper\">\n<iframe title=\"Ingrandes-sur-Vienne : Agn\u00e8s Pannier-Runnacher aux Fonderies du Poitou\" width=\"1200\" height=\"675\" src=\"https:\/\/www.youtube.com\/embed\/VzVDqkBdoWA?feature=oembed\" frameborder=\"0\" allow=\"accelerometer; autoplay; clipboard-write; encrypted-media; gyroscope; picture-in-picture; web-share\" referrerpolicy=\"strict-origin-when-cross-origin\" allowfullscreen><\/iframe>\n<\/div><\/figure>\n\n<h3 class=\"wp-block-heading\">Composition du consortium et synergies industrielles<\/h3>\n\n<figure class=\"wp-block-table\"><table>\n<thead>\n<tr>\n<th>Partenaire<\/th>\n<th>Sp\u00e9cialit\u00e9<\/th>\n<th>R\u00f4le dans le projet<\/th>\n<\/tr>\n<\/thead>\n<tbody>\n<tr>\n<td>TSE<\/td>\n<td>Production d\u2019\u00e9lectricit\u00e9 solaire<\/td>\n<td>D\u00e9veloppement et gestion du parc photovolta\u00efque \u00e0 Oyr\u00e9<\/td>\n<\/tr>\n<tr>\n<td>Lhyfe<\/td>\n<td>Hydrog\u00e8ne renouvelable<\/td>\n<td>Conception et exploitation de l\u2019usine d\u2019hydrog\u00e8ne vert sur le site des Fonderies<\/td>\n<\/tr>\n<\/tbody>\n<\/table><\/figure>\n\n<p>Le partenariat entre TSE et Lhyfe refl\u00e8te une synergie industrielle innovante au service d\u2019un d\u00e9veloppement durable ambitieux, qui place la Vienne \u00e0 la pointe des territoires engag\u00e9s dans la r\u00e9volution \u00e9nerg\u00e9tique.<\/p>\n\n<p><otoinstagram href=\"https:\/\/pixabay.com\/fr\/images\/search\/parc%20solaire\/\" uid=\"instagram-689c3865b665c\"><\/otoinstagram><\/p>\n\n<h2 class=\"wp-block-heading\">Principaux b\u00e9n\u00e9fices environnementaux et \u00e9conomiques du projet \u00c9coParc Oyr\u00e9<\/h2>\n\n<ul class=\"wp-block-list\"><li><strong>Diminution des \u00e9missions de CO\u2082 :<\/strong> substitution d\u2019\u00e9nergie fossile par une production solaire locale.<\/li><li><strong>Valorisation d\u2019une friche industrielle :<\/strong> reconversion exemplaire d\u2019un terrain historiquement pollu\u00e9.<\/li><li><strong>D\u00e9veloppement \u00e9conomique local :<\/strong> cr\u00e9ation d\u2019emplois dans une r\u00e9gion en mutation.<\/li><li><strong>Contribution \u00e0 l\u2019ind\u00e9pendance \u00e9nerg\u00e9tique :<\/strong> production renouvelable locale r\u00e9duisant la d\u00e9pendance aux importations.<\/li><li><strong>Promotion du Poitou futur durable :<\/strong> dynamisation d\u2019une image r\u00e9gionale tourn\u00e9e vers la transition \u00e9nerg\u00e9tique.<\/li><\/ul>\n\n<figure class=\"wp-block-table\"><table>\n<thead>\n<tr>\n<th>Criteria<\/th>\n<th>Impact attendu<\/th>\n<\/tr>\n<\/thead>\n<tbody>\n<tr>\n<td>Jobs<\/td>\n<td>300 emplois directs et indirects<\/td>\n<\/tr>\n<tr>\n<td>Production \u00e9nerg\u00e9tique<\/td>\n<td>45 GWh\/an<\/td>\n<\/tr>\n<tr>\n<td>R\u00e9duction CO\u2082<\/td>\n<td>Environ 10 000 tonnes par an<\/td>\n<\/tr>\n<tr>\n<td>Surface valoris\u00e9e<\/td>\n<td>35 hectares<\/td>\n<\/tr>\n<\/tbody>\n<\/table><\/figure>\n\n<h2 class=\"wp-block-heading\">Quels changements environnementaux pour un futur durable dans la Vienne ?<\/h2>\n\n<p>Avec \u00c9coParc Oyr\u00e9, la conversion de terrains historiques pollu\u00e9s en espaces de production d\u2019\u00e9nergie renouvelable ouvre la voie \u00e0 une dynamique vertueuse en mati\u00e8re de biodiversit\u00e9. Les \u00e9tudes environnementales montrent un \u00e9quilibre \u00e0 trouver entre la conservation des esp\u00e8ces locales et le d\u00e9ploiement des technologies solaires. Plusieurs mesures d\u2019\u00e9vitement sont mises en \u0153uvre pour garantir la pr\u00e9servation des habitats naturels.<\/p>\n\n<ul class=\"wp-block-list\"><li><strong>Protection de la faune locale :<\/strong> identification des esp\u00e8ces sensibles et mise en place de p\u00e9rim\u00e8tres prot\u00e9g\u00e9s.<\/li><li><strong>Contr\u00f4le du d\u00e9veloppement v\u00e9g\u00e9tal :<\/strong> entretien raisonn\u00e9 pour limiter l\u2019impact sur la flore indig\u00e8ne.<\/li><li><strong>Suivi environnemental post-installation :<\/strong> surveillance continue des \u00e9cosyst\u00e8mes locaux apr\u00e8s mise en service.<\/li><li><strong>Utilisation de mat\u00e9riaux \u00e9cologiques :<\/strong> choix de panneaux solaires et structures respectueuses de l\u2019environnement.<\/li><\/ul>\n\n<p>Cette approche souligne l\u2019importance d\u2019un \u00e9quilibre durable conciliant d\u00e9veloppement industriel et conservation \u00e9cologique dans la r\u00e9gion.<\/p>\n\n\n\n<h2 class=\"wp-block-heading\">Quels sont les d\u00e9fis et perspectives du Nouveau Souffle Fonderies ?<\/h2>\n\n<p>La transformation du site des Fonderies du Poitou en hub \u00e9nerg\u00e9tique vert est un projet d\u2019envergure n\u00e9cessitant une coordination \u00e9troite entre acteurs publics et priv\u00e9s. La ma\u00eetrise des d\u00e9lais, la gestion des risques environnementaux et la garantie d\u2019int\u00e9gration sociale sont des d\u00e9fis majeurs \u00e0 relever.<\/p>\n\n<ul class=\"wp-block-list\"><li><strong>Gestion des contraintes administratives :<\/strong> respect strict des proc\u00e9dures pour obtenir les autorisations n\u00e9cessaires.<\/li><li><strong>Concertation avec la population locale :<\/strong> communication transparente et dialogues ouverts pour assurer une acceptabilit\u00e9 du projet.<\/li><li><strong>Innovation technologique :<\/strong> int\u00e9gration des derni\u00e8res avanc\u00e9es en panneaux photovolta\u00efques pour maximiser le rendement.<\/li><li><strong>Maintien d\u2019un \u00e9quilibre \u00e9cologique :<\/strong> conciliation entre d\u00e9veloppement industriel et pr\u00e9servation de la biodiversit\u00e9.<\/li><li><strong>Suivi \u00e9conomique et social :<\/strong> \u00e9valuation de l\u2019impact en termes d\u2019emplois et retomb\u00e9es locales.<\/li><\/ul>\n\n<p>En travaillant collectivement, la r\u00e9gion de la Vienne esp\u00e8re faire de ce projet solaire un mod\u00e8le de r\u00e9ussite pour la transition \u00e9nerg\u00e9tique et le renouvellement industriel, illustrant ainsi la dynamique r\u00e9gionale du Poitou futur durable.<\/p>\n\n<h2 class=\"wp-block-heading\">Comment le Projet Solaire Innovation Oyr\u00e9 s\u2019inscrit dans la transition \u00e9nerg\u00e9tique nationale ?<\/h2>\n\n<p>Le parc solaire de Oyr\u00e9 va au-del\u00e0 d\u2019une simple production d\u2019\u00e9lectricit\u00e9 : il incarne une ambition plus large au c\u0153ur des politiques nationales de r\u00e9duction des \u00e9missions carbone. S\u2019int\u00e9grant dans la strat\u00e9gie \u00e9nerg\u00e9tique fran\u00e7aise, ce projet t\u00e9moigne d\u2019une volont\u00e9 collective d\u2019acc\u00e9l\u00e9rer la transition verte Poitou et la d\u00e9carbonation des territoires.<\/p>\n\n<ul class=\"wp-block-list\"><li><strong>Alignement avec les objectifs nationaux :<\/strong> contribution \u00e0 l\u2019augmentation de la part d\u2019\u00e9nergie renouvelable dans le mix \u00e9lectrique fran\u00e7ais.<\/li><li><strong>Mod\u00e8le de reconversion industrielle :<\/strong> valorisation des friches industrielles en infrastructures vertes.<\/li><li><strong>Renforcement des infrastructures \u00e9lectriques r\u00e9gionales :<\/strong> am\u00e9lioration de la r\u00e9silience \u00e9nerg\u00e9tique locale.<\/li><li><strong>Encouragement des synergies locales :<\/strong> collaboration entre entreprises innovantes telles que TSE et Lhyfe.<\/li><li><strong>Promotion de l\u2019\u00e9conomie circulaire :<\/strong> int\u00e9gration de pratiques durables tout au long du cycle de vie du parc.<\/li><\/ul>\n\n<p>Ainsi, le projet repr\u00e9sente une pi\u00e8ce ma\u00eetresse dans le puzzle \u00e9nerg\u00e9tique national, d\u00e9montrant que la Vienne est un carrefour strat\u00e9gique du renouveau industriel vert en France.<\/p>\n\n<figure class=\"is-provider-youtube is-type-video wp-block-embed wp-block-embed-youtube wp-embed-aspect-16-9 wp-has-aspect-ratio\"><div class=\"wp-block-embed__wrapper\">\n<iframe title=\"Ingrandes (86) : inqui\u00e9tudes des \u00e9lus pour les Fonderies du Poitou\" width=\"1200\" height=\"675\" src=\"https:\/\/www.youtube.com\/embed\/ppE6kn-tE4E?feature=oembed\" frameborder=\"0\" allow=\"accelerometer; autoplay; clipboard-write; encrypted-media; gyroscope; picture-in-picture; web-share\" referrerpolicy=\"strict-origin-when-cross-origin\" allowfullscreen><\/iframe>\n<\/div><\/figure>\n\n<h2 class=\"wp-block-heading\">Quels sont les acteurs cl\u00e9s de la reconversion des Fonderies du Poitou ?<\/h2>\n\n<p>Deux principaux acteurs animent cette transformation : TSE, acteur majeur dans l\u2019\u00e9nergie solaire, et Lhyfe, sp\u00e9cialiste fran\u00e7ais de l\u2019hydrog\u00e8ne renouvelable. Leur consortium forme un partenariat industriel solide, soutenu par la r\u00e9gion Nouvelle-Aquitaine, qui finance et accompagne ce programme ambitieux.<\/p>\n\n<ul class=\"wp-block-list\"><li><strong>TSE :<\/strong> d\u00e9veloppement et exploitation du parc photovolta\u00efque d\u2019Oyr\u00e9.<\/li><li><strong>Lhyfe :<\/strong> implantation de la production d\u2019hydrog\u00e8ne vert sur le site des Fonderies.<\/li><li><strong>R\u00e9gion Nouvelle-Aquitaine :<\/strong> appui financier et accompagnement r\u00e9glementaire.<\/li><li><strong>Services de l\u2019\u00c9tat :<\/strong> encadrement administratif et validation des \u00e9tudes environnementales.<\/li><li><strong>Communaut\u00e9 locale :<\/strong> r\u00f4le dans la concertation et le lien social autour du projet.<\/li><\/ul>\n\n<p>La collaboration entre tous ces partenaires est essentielle pour assurer la r\u00e9ussite du renouveau industriel Vienne et la cr\u00e9ation d\u2019un mod\u00e8le \u00e9conomique durable.<\/p>\n\n<h2 class=\"wp-block-heading\">Quels impacts sociaux et \u00e9conomiques pour la r\u00e9gion de la Vienne ?<\/h2>\n\n<p>Au-del\u00e0 des b\u00e9n\u00e9fices \u00e9cologiques, cette reconversion ambitieuse porte des promesses fortes en mati\u00e8re de d\u00e9veloppement local. La cr\u00e9ation d\u2019emplois directs et indirects, l\u2019am\u00e9lioration de la comp\u00e9titivit\u00e9 \u00e9nerg\u00e9tique et la revitalisation d\u2019un territoire anciennement industriel vont renforcer l\u2019attractivit\u00e9 \u00e9conomique du Poitou.<\/p>\n\n<ul class=\"wp-block-list\"><li><strong>Cr\u00e9er jusqu\u2019\u00e0 300 emplois :<\/strong> dans les secteurs de la construction, exploitation, maintenance et services associ\u00e9s.<\/li><li><strong>Attirer de nouvelles comp\u00e9tences :<\/strong> d\u00e9veloppement d\u2019une fili\u00e8re locale autour des \u00e9nergies renouvelables.<\/li><li><strong>Dynamiser l\u2019\u00e9conomie locale :<\/strong> renforcement du tissu industriel et commercial.<\/li><li><strong>Favoriser la formation professionnelle :<\/strong> implantation de programmes d\u00e9di\u00e9s aux m\u00e9tiers verts.<\/li><li><strong>Promouvoir la coh\u00e9sion sociale :<\/strong> inclusion de la communaut\u00e9 locale dans le projet.<\/li><\/ul>\n\n<figure class=\"wp-block-table\"><table>\n<thead>\n<tr>\n<th>Type d\u2019impact<\/th>\n<th>Details<\/th>\n<\/tr>\n<\/thead>\n<tbody>\n<tr>\n<td>Jobs created<\/td>\n<td>300 (directs et indirects)<\/td>\n<\/tr>\n<tr>\n<td>Effet sur l\u2019\u00e9conomie locale<\/td>\n<td>Renforcement du tissu industriel et commercial<\/td>\n<\/tr>\n<tr>\n<td>Comp\u00e9tences d\u00e9velopp\u00e9es<\/td>\n<td>M\u00e9tiers verts, technologies solaires et hydrog\u00e8ne<\/td>\n<\/tr>\n<\/tbody>\n<\/table><\/figure>\n\n<h2 class=\"wp-block-heading\">Quelles sources d\u2019informations pour suivre l\u2019avancement du projet \u00c9coParc Oyr\u00e9 ?<\/h2>\n\n<ul class=\"wp-block-list\"><li><a href=\"https:\/\/www.lechodusolaire.fr\/lhyfe-tse-vont-reindustrialiser-le-site-des-fonderies-du-poitou-en-hub-energetique-vert\/\" target=\"_blank\" rel=\"noopener\">Le Choc du Solaire<\/a><\/li><li><a href=\"https:\/\/www.lanouvellerepublique.fr\/vienne\/grand-chatellerault\/vienne-le-projet-de-parc-solaire-de-oyre-l-autre-versant-de-la-reconversion-des-fonderies-du-poitou-1754839833\" target=\"_blank\" rel=\"noopener\">La Nouvelle R\u00e9publique<\/a><\/li><li><a href=\"https:\/\/france3-regions.franceinfo.fr\/nouvelle-aquitaine\/vienne\/chatellerault\/le-site-des-fonderies-du-poitou-rachete-par-deux-industriels-des-energies-renouvelables-2831513.html\" target=\"_blank\" rel=\"noopener\">France 3 Nouvelle-Aquitaine<\/a><\/li><li><a href=\"https:\/\/www.tse.energy\/communiques\/fonderies-du-poitou-debut-des-travaux-de-revitalisation-du-site-en-faveur-dun-hub-energetique-vert\" target=\"_blank\" rel=\"noopener\">TSE Energy &#8211; Communiqu\u00e9s<\/a><\/li><li><a href=\"https:\/\/www.lesechos.fr\/pme-regions\/nouvelle-aquitaine\/un-consortium-va-reindustrialiser-la-friche-des-fonderies-du-poitou-1973891\" target=\"_blank\" rel=\"noopener\">Les Echos<\/a><\/li><\/ul>","protected":false},"excerpt":{"rendered":"<p>\u00c0 Oyr\u00e9, dans la Vienne, le projet \u00c9coParc Oyr\u00e9 illustre un v\u00e9ritable renouveau industriel et \u00e9cologique, s\u2019inscrivant dans une dynamique forte de transition verte Poitou. Ce projet solaire innovation prend place sur un terrain de 35 hectares qui \u00e9tait autrefois un centre d\u2019enfouissement des sables us\u00e9s des Fonderies du Poitou, symbolisant ainsi une m\u00e9tamorphose majeure &#8230; <a title=\"Vienne : le projet innovant du parc solaire Oyr\u00e9, un nouvel \u00e9lan pour la reconversion des Fonderies du Poitou\" class=\"read-more\" href=\"https:\/\/renouvelable-habitat.fr\/en\/vienne-le-projet-innovant-du-parc-solaire-oyre-un-nouvel-elan-pour-la-reconversion-des-fonderies-du-poitou\/\" aria-label=\"Read more about Vienne : le projet innovant du parc solaire Oyr\u00e9, un nouvel \u00e9lan pour la reconversion des Fonderies du Poitou\">Read more<\/a><\/p>","protected":false},"author":3,"featured_media":0,"comment_status":"open","ping_status":"open","sticky":false,"template":"","format":"standard","meta":{"_seopress_robots_primary_cat":"","_seopress_titles_title":"le parc solaire Oyr\u00e9 : une seconde vie pour les Fonderies du Poitou \u00e0 Vienne","_seopress_titles_desc":"D\u00e9couvrez le projet solaire innovant \u00e0 Oyr\u00e9, Vienne : une nouvelle vie pour les Fonderies du Poitou gr\u00e2ce \u00e0 l'\u00e9nergie renouvelable.","_seopress_robots_index":"","inline_featured_image":false,"footnotes":""},"categories":[16],"tags":[],"class_list":["post-2916","post","type-post","status-publish","format-standard","hentry","category-actualite","generate-columns","tablet-grid-50","mobile-grid-100","grid-parent","grid-33"],"_links":{"self":[{"href":"https:\/\/renouvelable-habitat.fr\/en\/wp-json\/wp\/v2\/posts\/2916","targetHints":{"allow":["GET"]}}],"collection":[{"href":"https:\/\/renouvelable-habitat.fr\/en\/wp-json\/wp\/v2\/posts"}],"about":[{"href":"https:\/\/renouvelable-habitat.fr\/en\/wp-json\/wp\/v2\/types\/post"}],"author":[{"embeddable":true,"href":"https:\/\/renouvelable-habitat.fr\/en\/wp-json\/wp\/v2\/users\/3"}],"replies":[{"embeddable":true,"href":"https:\/\/renouvelable-habitat.fr\/en\/wp-json\/wp\/v2\/comments?post=2916"}],"version-history":[{"count":0,"href":"https:\/\/renouvelable-habitat.fr\/en\/wp-json\/wp\/v2\/posts\/2916\/revisions"}],"wp:attachment":[{"href":"https:\/\/renouvelable-habitat.fr\/en\/wp-json\/wp\/v2\/media?parent=2916"}],"wp:term":[{"taxonomy":"category","embeddable":true,"href":"https:\/\/renouvelable-habitat.fr\/en\/wp-json\/wp\/v2\/categories?post=2916"},{"taxonomy":"post_tag","embeddable":true,"href":"https:\/\/renouvelable-habitat.fr\/en\/wp-json\/wp\/v2\/tags?post=2916"}],"curies":[{"name":"wp","href":"https:\/\/api.w.org\/{rel}","templated":true}]}}