{"id":3638,"date":"2025-12-29T07:57:26","date_gmt":"2025-12-29T06:57:26","guid":{"rendered":"https:\/\/renouvelable-habitat.fr\/chatillon-sur-thouet-une-salle-innovante-qui-genere-sa-propre-electricite\/"},"modified":"2025-12-29T07:57:26","modified_gmt":"2025-12-29T06:57:26","slug":"chatillon-sur-thouet-une-salle-innovante-qui-genere-sa-propre-electricite","status":"publish","type":"post","link":"https:\/\/renouvelable-habitat.fr\/en\/chatillon-sur-thouet-une-salle-innovante-qui-genere-sa-propre-electricite\/","title":{"rendered":"Ch\u00e2tillon-sur-Thouet : Une salle innovante qui g\u00e9n\u00e8re sa propre \u00e9lectricit\u00e9"},"content":{"rendered":"<p>\u00c0 Ch\u00e2tillon-sur-Thouet, une commune engag\u00e9e dans les solutions durables, la salle des f\u00eates \u00ab\u00a0Carpe-Diem\u00a0\u00bb incarne l&rsquo;innovation \u00e9nerg\u00e9tique gr\u00e2ce \u00e0 son syst\u00e8me d\u2019auto-production \u00e9lectrique. Fruit d\u2019un projet m\u00ealant technologie propre et participation citoyenne, cette salle innovante produit sa propre \u00e9lectricit\u00e9 verte \u00e0 travers une centrale solaire int\u00e9gr\u00e9e. Le b\u00e2timent \u00e9cologique, exemplaire en mati\u00e8re de durabilit\u00e9, contribue activement au d\u00e9veloppement des \u00e9nergies renouvelables locales et illustre une d\u00e9marche concr\u00e8te vers l\u2019\u00e9nergie autonome.<\/p>\n\n<p>Install\u00e9e sur une toiture \u00e9quip\u00e9e de plus de 80 panneaux photovolta\u00efques, cette infrastructure permet non seulement de couvrir la consommation \u00e9nerg\u00e9tique de la salle, mais aussi de r\u00e9duire l&#8217;empreinte carbone de la commune. En lien avec la mise en place d\u2019une chaufferie mutualis\u00e9e avec la salle multi-activit\u00e9s voisine, ce dispositif am\u00e9liore l\u2019efficacit\u00e9 \u00e9nerg\u00e9tique globale du site. Ce projet refl\u00e8te l&rsquo;engagement de la collectivit\u00e9 dans la transition \u00e9nerg\u00e9tique et dans la promotion des b\u00e2timents respectueux de l\u2019environnement.<\/p>\n\n<h2 class=\"wp-block-heading\">Ch\u00e2tillon-sur-Thouet : une salle des f\u00eates \u00e0 la pointe des innovations en \u00e9nergie renouvelable<\/h2>\n\n<p>La salle \u00ab\u00a0Carpe-Diem\u00a0\u00bb r\u00e9pond \u00e0 un enjeu majeur : proposer un espace multifonctionnel capable d\u2019allier confort, modernit\u00e9 et performance \u00e9nerg\u00e9tique. Depuis la reprise du chantier de r\u00e9novation de la toiture, stopp\u00e9 temporairement pour des raisons juridiques, la commune a men\u00e9 \u00e0 bien l&rsquo;installation d\u2019un syst\u00e8me photovolta\u00efque participatif supervis\u00e9 par la soci\u00e9t\u00e9 Demosol. Cette initiative experte a permis d&rsquo;\u00e9quiper 200 \u00e0 250 m\u00b2 du toit avec des panneaux solaires, optimisant ainsi la production locale d&rsquo;\u00e9lectricit\u00e9 verte.<\/p>\n\n<p>Les \u00e9lus de Ch\u00e2tillon-sur-Thouet ont soulign\u00e9 l&rsquo;aspect humain du projet, o\u00f9 la population est invit\u00e9e \u00e0 s\u2019impliquer dans la d\u00e9marche, consolidant le caract\u00e8re exp\u00e9rimental de cette centrale solaire. Ce choix illustre un virage vers un mod\u00e8le \u00e9nerg\u00e9tique d\u00e9centralis\u00e9 fond\u00e9 sur l\u2019implication collective et le d\u00e9veloppement d\u2019une \u00e9nergie propre et durable sur le territoire.<\/p>\n\n<figure class=\"wp-block-image size-full\"><img decoding=\"async\" width=\"1344\" height=\"768\" src=\"https:\/\/renouvelable-habitat.fr\/wp-content\/uploads\/2025\/12\/Chatillon-sur-Thouet-Une-salle-innovante-qui-genere-sa-propre-electricite-1.jpg\" alt=\"d\u00e9couvrez la salle innovante de ch\u00e2tillon-sur-thouet qui produit sa propre \u00e9lectricit\u00e9 gr\u00e2ce \u00e0 des technologies durables, alliant performance et respect de l&#039;environnement.\" class=\"wp-image-3636\" srcset=\"https:\/\/renouvelable-habitat.fr\/wp-content\/uploads\/2025\/12\/Chatillon-sur-Thouet-Une-salle-innovante-qui-genere-sa-propre-electricite-1.jpg 1344w, https:\/\/renouvelable-habitat.fr\/wp-content\/uploads\/2025\/12\/Chatillon-sur-Thouet-Une-salle-innovante-qui-genere-sa-propre-electricite-1-300x171.jpg 300w, https:\/\/renouvelable-habitat.fr\/wp-content\/uploads\/2025\/12\/Chatillon-sur-Thouet-Une-salle-innovante-qui-genere-sa-propre-electricite-1-1024x585.jpg 1024w, https:\/\/renouvelable-habitat.fr\/wp-content\/uploads\/2025\/12\/Chatillon-sur-Thouet-Une-salle-innovante-qui-genere-sa-propre-electricite-1-768x439.jpg 768w, https:\/\/renouvelable-habitat.fr\/wp-content\/uploads\/2025\/12\/Chatillon-sur-Thouet-Une-salle-innovante-qui-genere-sa-propre-electricite-1-18x10.jpg 18w\" sizes=\"(max-width: 1344px) 100vw, 1344px\" \/><\/figure>\n\n<h3 class=\"wp-block-heading\">Fonctionnement et impact de l\u2019auto-production \u00e9lectrique sur le site communal<\/h3>\n\n<p>Gr\u00e2ce \u00e0 ses <strong>80 panneaux photovolta\u00efques<\/strong>, la salle des f\u00eates est d\u00e9sormais capable de couvrir l\u2019ensemble de ses besoins en \u00e9lectricit\u00e9 pour l\u2019\u00e9clairage, le son, et la ventilation. Cette autonomie \u00e9nerg\u00e9tique lui conf\u00e8re une ind\u00e9pendance vis-\u00e0-vis des r\u00e9seaux classiques et engendre une r\u00e9duction significative des co\u00fbts de fonctionnement. Ce syst\u00e8me s\u2019inscrit dans une logique locale de promotion des \u00e9nergies renouvelables, soutenue par les institutions et observ\u00e9e comme un mod\u00e8le dans la r\u00e9gion.<\/p>\n\n<p>La salle fait partie d\u2019un ensemble o\u00f9 la consommation \u00e9nerg\u00e9tique est optimis\u00e9e par un r\u00e9seau de chaleur mutualis\u00e9 avec la salle multi-activit\u00e9s voisine \u00ab\u00a0Le Signal\u00a0\u00bb. Cette mutualisation a permis de remplacer les anciens radiateurs \u00e0 gaz et \u00e9lectriques par un syst\u00e8me plus efficient, renfor\u00e7ant encore sa vocation de b\u00e2timent \u00e9cologique. De telles innovations permettent \u00e0 Ch\u00e2tillon-sur-Thouet d\u2019\u00eatre un exemple concret d\u2019innovation \u00e9nerg\u00e9tique \u00e0 destination des collectivit\u00e9s de taille similaire.<\/p>\n\n<figure class=\"is-provider-youtube is-type-video wp-block-embed wp-block-embed-youtube wp-embed-aspect-16-9 wp-has-aspect-ratio\"><div class=\"wp-block-embed__wrapper\">\n<iframe title=\"Centrale photovolta\u00efque de Pollestres\" width=\"1200\" height=\"675\" src=\"https:\/\/www.youtube.com\/embed\/Xcx4U0u27f4?feature=oembed\" frameborder=\"0\" allow=\"accelerometer; autoplay; clipboard-write; encrypted-media; gyroscope; picture-in-picture; web-share\" referrerpolicy=\"strict-origin-when-cross-origin\" allowfullscreen><\/iframe>\n<\/div><\/figure>\n\n<h2 class=\"wp-block-heading\">Les \u00e9tapes cl\u00e9s du chantier et le r\u00f4le de la technologie propre dans la durabilit\u00e9<\/h2>\n\n<p>Le projet de r\u00e9novation \u00e9nerg\u00e9tique de la salle des f\u00eates a franchi plusieurs \u00e9tapes fondamentales, d\u00e9butant par la remise en \u00e9tat compl\u00e8te du toit et l\u2019installation du chauffage performant, avant d\u2019int\u00e9grer la centrale solaire. La fin des travaux, marqu\u00e9e par une inauguration en avril 2025, a \u00e9t\u00e9 accompagn\u00e9e d\u2019un spectacle in\u00e9dit de drones, t\u00e9moignant de la modernit\u00e9 et de la place accord\u00e9e \u00e0 l\u2019innovation technologique dans ce projet.<\/p>\n\n<p>Cette salle innovante vise \u00e0 devenir un mod\u00e8le d\u2019\u00e9nergie autonome, utilisant pleinement la technologie photovolta\u00efque et les solutions de chauffage mutualis\u00e9. L\u2019intervention de l\u2019entreprise Demosol a \u00e9t\u00e9 capitale pour garantir l\u2019efficacit\u00e9 des installations et leur int\u00e9gration harmonieuse au b\u00e2ti existant. Cette d\u00e9marche illustre concr\u00e8tement une transition \u00e9nerg\u00e9tique r\u00e9ussie, s\u2019appuyant sur des infrastructures intelligentes et respectueuses de l\u2019environnement.<\/p>\n\n<figure class=\"wp-block-image size-full\"><img decoding=\"async\" width=\"1344\" height=\"768\" src=\"https:\/\/renouvelable-habitat.fr\/wp-content\/uploads\/2025\/12\/Chatillon-sur-Thouet-Une-salle-innovante-qui-genere-sa-propre-electricite-2.jpg\" alt=\"d\u00e9couvrez \u00e0 ch\u00e2tillon-sur-thouet une salle innovante qui produit sa propre \u00e9lectricit\u00e9, alliant technologie durable et autonomie \u00e9nerg\u00e9tique pour un futur plus \u00e9cologique.\" class=\"wp-image-3637\" srcset=\"https:\/\/renouvelable-habitat.fr\/wp-content\/uploads\/2025\/12\/Chatillon-sur-Thouet-Une-salle-innovante-qui-genere-sa-propre-electricite-2.jpg 1344w, https:\/\/renouvelable-habitat.fr\/wp-content\/uploads\/2025\/12\/Chatillon-sur-Thouet-Une-salle-innovante-qui-genere-sa-propre-electricite-2-300x171.jpg 300w, https:\/\/renouvelable-habitat.fr\/wp-content\/uploads\/2025\/12\/Chatillon-sur-Thouet-Une-salle-innovante-qui-genere-sa-propre-electricite-2-1024x585.jpg 1024w, https:\/\/renouvelable-habitat.fr\/wp-content\/uploads\/2025\/12\/Chatillon-sur-Thouet-Une-salle-innovante-qui-genere-sa-propre-electricite-2-768x439.jpg 768w, https:\/\/renouvelable-habitat.fr\/wp-content\/uploads\/2025\/12\/Chatillon-sur-Thouet-Une-salle-innovante-qui-genere-sa-propre-electricite-2-18x10.jpg 18w\" sizes=\"(max-width: 1344px) 100vw, 1344px\" \/><\/figure>\n\n<h3 class=\"wp-block-heading\">Tableau : Les sp\u00e9cificit\u00e9s techniques et \u00e9nerg\u00e9tiques de la salle des f\u00eates \u00ab\u00a0Carpe-Diem\u00a0\u00bb<\/h3>\n\n<figure class=\"wp-block-table\"><table>\n<thead>\n<tr>\n<th>\u00c9l\u00e9ments<\/th>\n<th>Caract\u00e9ristiques techniques<\/th>\n<th>Impacts sur la durabilit\u00e9<\/th>\n<\/tr>\n<\/thead>\n<tbody>\n<tr>\n<td>Panneaux photovolta\u00efques<\/td>\n<td>80 unit\u00e9s couvrant 200-250 m\u00b2 de toiture<\/td>\n<td>Production d\u2019\u00e9lectricit\u00e9 verte suffisante pour l\u2019autonomie<\/td>\n<\/tr>\n<tr>\n<td>Syst\u00e8me de chauffage<\/td>\n<td>Chaufferie mutualis\u00e9e avec la salle voisine \u00ab\u00a0Le Signal\u00a0\u00bb<\/td>\n<td>R\u00e9duction de la consommation \u00e9nerg\u00e9tique globale<\/td>\n<\/tr>\n<tr>\n<td>Autosuffisance \u00e9nerg\u00e9tique<\/td>\n<td>\u00c9clairage, ventilation, sonorisation int\u00e9gralement autonomes<\/td>\n<td>Ind\u00e9pendance vis-\u00e0-vis des r\u00e9seaux classiques<\/td>\n<\/tr>\n<tr>\n<td>Dimension participative<\/td>\n<td>Projet local impliquant la communaut\u00e9<\/td>\n<td>Renforcement de l\u2019adh\u00e9sion et de la conscience environnementale<\/td>\n<\/tr>\n<\/tbody>\n<\/table><\/figure>\n\n<h2 class=\"wp-block-heading\">Une initiative locale soutenue par la population et les collectivit\u00e9s<\/h2>\n\n<p>Depuis sa conception, ce projet \u00e9nerg\u00e9tique a b\u00e9n\u00e9fici\u00e9 d\u2019un fort soutien local. Une r\u00e9union participative a \u00e9t\u00e9 organis\u00e9e pour pr\u00e9senter le photovolta\u00efque de la salle des f\u00eates, soulignant son caract\u00e8re exp\u00e9rimental et communautaire. Les habitants ont ainsi pu suivre l\u2019\u00e9volution des travaux et s\u2019impliquer dans ce dispositif de production d\u2019\u00e9lectricit\u00e9 verte, ce qui g\u00e9n\u00e8re un sentiment de fiert\u00e9 collective.<\/p>\n\n<p>Cette salle polyvalente, d\u00e9sormais un b\u00e2timent \u00e9cologique exemplaire, est aussi un vecteur de dynamisme pour Ch\u00e2tillon-sur-Thouet. En attirant \u00e9v\u00e9nements culturels et sociaux, elle favorise une meilleure coh\u00e9sion territoriale tout en diffusant les principes de l\u2019innovation \u00e9nerg\u00e9tique \u00e0 grande \u00e9chelle. Ainsi, elle s\u2019int\u00e8gre parfaitement dans la strat\u00e9gie locale de d\u00e9veloppement durable et d\u2019\u00e9nergie renouvelable.<\/p>\n\n<figure class=\"is-provider-youtube is-type-video wp-block-embed wp-block-embed-youtube wp-embed-aspect-16-9 wp-has-aspect-ratio\"><div class=\"wp-block-embed__wrapper\">\n<iframe title=\"Je fabrique une roue \u00e0 eau pour avoir de l\u2019\u00e9lectricit\u00e9\" width=\"1200\" height=\"675\" src=\"https:\/\/www.youtube.com\/embed\/faqLmwqATMc?feature=oembed\" frameborder=\"0\" allow=\"accelerometer; autoplay; clipboard-write; encrypted-media; gyroscope; picture-in-picture; web-share\" referrerpolicy=\"strict-origin-when-cross-origin\" allowfullscreen><\/iframe>\n<\/div><\/figure>\n\n<ul class=\"wp-block-list\"><li>Utilisation de panneaux solaires pour production autonome<\/li><li>Mutualisation des syst\u00e8mes de chauffage avec la salle voisine<\/li><li>Implication directe des citoyens dans le projet photovolta\u00efque<\/li><li>R\u00e9duction importante des \u00e9missions de gaz \u00e0 effet de serre<\/li><li>Valorisation d\u2019un b\u00e2timent multifonctionnel en espace \u00e9cologique<\/li><\/ul>\n\n<script type=\"application\/ld+json\">\n{\"@context\":\"https:\/\/schema.org\",\"@type\":\"FAQPage\",\"mainEntity\":[{\"@type\":\"Question\",\"name\":\"Comment la salle Carpe-Diem produit-elle sa propre u00e9lectricitu00e9 ?\",\"acceptedAnswer\":{\"@type\":\"Answer\",\"text\":\"La salle est u00e9quipu00e9e de 80 panneaux photovoltau00efques couvrant une grande surface de toiture, ce qui lui permet de gu00e9nu00e9rer assez du2019u00e9lectricitu00e9 pour ru00e9pondre u00e0 ses besoins quotidiens, assurant ainsi son autonomie u00e9nergu00e9tique.\"}},{\"@type\":\"Question\",\"name\":\"Quels sont les bu00e9nu00e9fices du ru00e9seau de chaleur mutualisu00e9 ?\",\"acceptedAnswer\":{\"@type\":\"Answer\",\"text\":\"Le ru00e9seau de chaleur partagu00e9 entre la salle des fu00eates et la salle multi-activitu00e9s optimise la consommation u00e9nergu00e9tique globale, ru00e9duit les cou00fbts de chauffage et diminue lu2019empreinte u00e9cologique de ces bu00e2timents.\"}},{\"@type\":\"Question\",\"name\":\"Quelle est lu2019importance de la participation citoyenne dans ce projet ?\",\"acceptedAnswer\":{\"@type\":\"Answer\",\"text\":\"La participation des habitants a renforcu00e9 la visibilitu00e9 et lu2019acceptation du projet, cru00e9ant un lien direct entre les usagers et la production du2019u00e9nergie renouvelable locale.\"}},{\"@type\":\"Question\",\"name\":\"Comment ce projet contribue-t-il u00e0 la durabilitu00e9 de la commune ?\",\"acceptedAnswer\":{\"@type\":\"Answer\",\"text\":\"En produisant sa propre u00e9lectricitu00e9 gru00e2ce u00e0 une technologie propre et en mutualisant ses systu00e8mes u00e9nergu00e9tiques, la salle des fu00eates ru00e9duit la du00e9pendance aux u00e9nergies fossiles et su2019inscrit dans une du00e9marche de du00e9veloppement durable.\"}}]}\n<\/script>\n<h3>Comment la salle Carpe-Diem produit-elle sa propre \u00e9lectricit\u00e9 ?<\/h3>\n<p>La salle est \u00e9quip\u00e9e de 80 panneaux photovolta\u00efques couvrant une grande surface de toiture, ce qui lui permet de g\u00e9n\u00e9rer assez d\u2019\u00e9lectricit\u00e9 pour r\u00e9pondre \u00e0 ses besoins quotidiens, assurant ainsi son autonomie \u00e9nerg\u00e9tique.<\/p>\n<h3>Quels sont les b\u00e9n\u00e9fices du r\u00e9seau de chaleur mutualis\u00e9 ?<\/h3>\n<p>Le r\u00e9seau de chaleur partag\u00e9 entre la salle des f\u00eates et la salle multi-activit\u00e9s optimise la consommation \u00e9nerg\u00e9tique globale, r\u00e9duit les co\u00fbts de chauffage et diminue l\u2019empreinte \u00e9cologique de ces b\u00e2timents.<\/p>\n<h3>Quelle est l\u2019importance de la participation citoyenne dans ce projet ?<\/h3>\n<p>La participation des habitants a renforc\u00e9 la visibilit\u00e9 et l\u2019acceptation du projet, cr\u00e9ant un lien direct entre les usagers et la production d\u2019\u00e9nergie renouvelable locale.<\/p>\n<h3>Comment ce projet contribue-t-il \u00e0 la durabilit\u00e9 de la commune ?<\/h3>\n<p>En produisant sa propre \u00e9lectricit\u00e9 gr\u00e2ce \u00e0 une technologie propre et en mutualisant ses syst\u00e8mes \u00e9nerg\u00e9tiques, la salle des f\u00eates r\u00e9duit la d\u00e9pendance aux \u00e9nergies fossiles et s\u2019inscrit dans une d\u00e9marche de d\u00e9veloppement durable.<\/p>\n\n","protected":false},"excerpt":{"rendered":"<p>\u00c0 Ch\u00e2tillon-sur-Thouet, une commune engag\u00e9e dans les solutions durables, la salle des f\u00eates \u00ab\u00a0Carpe-Diem\u00a0\u00bb incarne l&rsquo;innovation \u00e9nerg\u00e9tique gr\u00e2ce \u00e0 son syst\u00e8me d\u2019auto-production \u00e9lectrique. Fruit d\u2019un projet m\u00ealant technologie propre et participation citoyenne, cette salle innovante produit sa propre \u00e9lectricit\u00e9 verte \u00e0 travers une centrale solaire int\u00e9gr\u00e9e. Le b\u00e2timent \u00e9cologique, exemplaire en mati\u00e8re de durabilit\u00e9, contribue &#8230; <a title=\"Ch\u00e2tillon-sur-Thouet : Une salle innovante qui g\u00e9n\u00e8re sa propre \u00e9lectricit\u00e9\" class=\"read-more\" href=\"https:\/\/renouvelable-habitat.fr\/en\/chatillon-sur-thouet-une-salle-innovante-qui-genere-sa-propre-electricite\/\" aria-label=\"Read more about Ch\u00e2tillon-sur-Thouet : Une salle innovante qui g\u00e9n\u00e8re sa propre \u00e9lectricit\u00e9\">Read more<\/a><\/p>","protected":false},"author":3,"featured_media":3635,"comment_status":"open","ping_status":"open","sticky":false,"template":"","format":"standard","meta":{"_seopress_robots_primary_cat":"","_seopress_titles_title":"Ch\u00e2tillon-sur-Thouet : Salle innovante autoproduisant son \u00e9lectricit\u00e9","_seopress_titles_desc":"D\u00e9couvrez la salle innovante de Ch\u00e2tillon-sur-Thouet, autonome en \u00e9nergie gr\u00e2ce \u00e0 sa production d'\u00e9lectricit\u00e9 durable et \u00e9cologique.","_seopress_robots_index":"","inline_featured_image":false,"footnotes":""},"categories":[16],"tags":[],"class_list":["post-3638","post","type-post","status-publish","format-standard","has-post-thumbnail","hentry","category-actualite","generate-columns","tablet-grid-50","mobile-grid-100","grid-parent","grid-33"],"_links":{"self":[{"href":"https:\/\/renouvelable-habitat.fr\/en\/wp-json\/wp\/v2\/posts\/3638","targetHints":{"allow":["GET"]}}],"collection":[{"href":"https:\/\/renouvelable-habitat.fr\/en\/wp-json\/wp\/v2\/posts"}],"about":[{"href":"https:\/\/renouvelable-habitat.fr\/en\/wp-json\/wp\/v2\/types\/post"}],"author":[{"embeddable":true,"href":"https:\/\/renouvelable-habitat.fr\/en\/wp-json\/wp\/v2\/users\/3"}],"replies":[{"embeddable":true,"href":"https:\/\/renouvelable-habitat.fr\/en\/wp-json\/wp\/v2\/comments?post=3638"}],"version-history":[{"count":0,"href":"https:\/\/renouvelable-habitat.fr\/en\/wp-json\/wp\/v2\/posts\/3638\/revisions"}],"wp:featuredmedia":[{"embeddable":true,"href":"https:\/\/renouvelable-habitat.fr\/en\/wp-json\/wp\/v2\/media\/3635"}],"wp:attachment":[{"href":"https:\/\/renouvelable-habitat.fr\/en\/wp-json\/wp\/v2\/media?parent=3638"}],"wp:term":[{"taxonomy":"category","embeddable":true,"href":"https:\/\/renouvelable-habitat.fr\/en\/wp-json\/wp\/v2\/categories?post=3638"},{"taxonomy":"post_tag","embeddable":true,"href":"https:\/\/renouvelable-habitat.fr\/en\/wp-json\/wp\/v2\/tags?post=3638"}],"curies":[{"name":"wp","href":"https:\/\/api.w.org\/{rel}","templated":true}]}}