{"id":4485,"date":"2026-09-02T08:53:22","date_gmt":"2026-09-02T07:53:22","guid":{"rendered":"https:\/\/renouvelable-habitat.fr\/disparition-de-mathilde-favier-un-emouvant-message-dadieu-de-sa-fille-heloise-agostinelli\/"},"modified":"2026-09-02T08:53:22","modified_gmt":"2026-09-02T07:53:22","slug":"disparition-de-mathilde-favier-un-emouvant-message-dadieu-de-sa-fille-heloise-agostinelli","status":"publish","type":"post","link":"https:\/\/renouvelable-habitat.fr\/en\/disparition-de-mathilde-favier-un-emouvant-message-dadieu-de-sa-fille-heloise-agostinelli\/","title":{"rendered":"Disparition de Mathilde Favier : un \u00e9mouvant message d&rsquo;adieu de sa fille H\u00e9lo\u00efse Agostinelli"},"content":{"rendered":"<p class=\"wp-block-paragraph\">La disparition tragique de Mathilde Favier, directrice des relations publiques embl\u00e9matique de Dior Couture, a profond\u00e9ment boulevers\u00e9 le monde de la mode et de la culture. Victime d&rsquo;un accident mortel dans les Deux-S\u00e8vres le 17 ao\u00fbt dernier, la figure du luxe parisien a laiss\u00e9 un vide immense, partag\u00e9 par sa famille et ses nombreux proches. Lors de la c\u00e9r\u00e9monie fun\u00e9raire tenue \u00e0 Paris, sa fille H\u00e9lo\u00efse Agostinelli a pris la parole avec une \u00e9motion palpable, partageant un message d&rsquo;adieu poignant et rempli d&rsquo;amour. \u00c0 travers ce t\u00e9moignage public sur Instagram, elle exprime la douleur, la tristesse et la beaut\u00e9 de la m\u00e9moire qu&rsquo;elle gardera de sa m\u00e8re tout en soulignant l\u2019importance du soutien familial dans ces moments de deuil.<\/p>\n\n<p class=\"wp-block-paragraph\">Ce message d\u2019au revoir d\u2019H\u00e9lo\u00efse marque une \u00e9tape essentielle dans le processus de reconstruction apr\u00e8s la perte brutale de Mathilde Favier et de son compagnon, le producteur de cin\u00e9ma Nicolas Altmayer. Outre le chagrin ressenti par la famille, c\u2019est une communaut\u00e9 enti\u00e8re du secteur culturel qui pleure aujourd\u2019hui ces disparitions. Dans ce cadre, l\u2019hommage rendu \u00e0 Mathilde par sa fille refl\u00e8te non seulement un lien familial ind\u00e9fectible, mais aussi l\u2019impact durable de cette femme dans son environnement professionnel et personnel.<\/p>\n\n<h2 class=\"wp-block-heading\">Disparition de Mathilde Favier : un dernier hommage charg\u00e9 d&rsquo;\u00e9motion \u00e0 Paris<\/h2>\n\n<p class=\"wp-block-paragraph\">Le 31 ao\u00fbt, Paris a \u00e9t\u00e9 le th\u00e9\u00e2tre d\u2019une c\u00e9r\u00e9monie profond\u00e9ment \u00e9mouvante en l&rsquo;\u00e9glise Saint-Sulpice. Cette journ\u00e9e a rassembl\u00e9 famille et amis pour dire adieu \u00e0 Mathilde Favier, disparue dans un accident tragique deux semaines plus t\u00f4t avec Nicolas Altmayer. Au premier rang, sa fille H\u00e9lo\u00efse et son fils Carlo Agostinelli ont partag\u00e9 ce moment de tristesse et d\u2019amour.<\/p>\n\n<p class=\"wp-block-paragraph\">La c\u00e9r\u00e9monie a mis en lumi\u00e8re l&rsquo;importance du soutien familial face \u00e0 la perte. H\u00e9lo\u00efse s\u2019est distingu\u00e9e par la force de son message d\u2019adieu, adress\u00e9 \u00e0 sa m\u00e8re avec des mots d\u2019une sinc\u00e9rit\u00e9 bouleversante : \u00ab Tu m&rsquo;as apport\u00e9 un amour inconditionnel \u00bb, a-t-elle affirm\u00e9, soulignant la lumi\u00e8re que Mathilde repr\u00e9sentait dans sa vie.<\/p>\n\n<figure class=\"wp-block-image size-full\"><img decoding=\"async\" width=\"1344\" height=\"768\" src=\"https:\/\/renouvelable-habitat.fr\/wp-content\/uploads\/2026\/09\/Disparition-de-Mathilde-Favier-un-emouvant-message-dadieu-de-sa-fille-Heloise-Agostinelli-1.jpg\" alt=\"d\u00e9couvrez le touchant message d&#039;adieu de h\u00e9lo\u00efse agostinelli, fille de mathilde favier, disparue r\u00e9cemment. un hommage \u00e9mouvant qui r\u00e9sonne dans le c\u0153ur de tous.\" class=\"wp-image-4483\" srcset=\"https:\/\/renouvelable-habitat.fr\/wp-content\/uploads\/2026\/09\/Disparition-de-Mathilde-Favier-un-emouvant-message-dadieu-de-sa-fille-Heloise-Agostinelli-1.jpg 1344w, https:\/\/renouvelable-habitat.fr\/wp-content\/uploads\/2026\/09\/Disparition-de-Mathilde-Favier-un-emouvant-message-dadieu-de-sa-fille-Heloise-Agostinelli-1-300x171.jpg 300w, https:\/\/renouvelable-habitat.fr\/wp-content\/uploads\/2026\/09\/Disparition-de-Mathilde-Favier-un-emouvant-message-dadieu-de-sa-fille-Heloise-Agostinelli-1-1024x585.jpg 1024w, https:\/\/renouvelable-habitat.fr\/wp-content\/uploads\/2026\/09\/Disparition-de-Mathilde-Favier-un-emouvant-message-dadieu-de-sa-fille-Heloise-Agostinelli-1-768x439.jpg 768w, https:\/\/renouvelable-habitat.fr\/wp-content\/uploads\/2026\/09\/Disparition-de-Mathilde-Favier-un-emouvant-message-dadieu-de-sa-fille-Heloise-Agostinelli-1-18x10.jpg 18w\" sizes=\"(max-width: 1344px) 100vw, 1344px\" \/><\/figure>\n\n<h3 class=\"wp-block-heading\">Une lettre publique sur Instagram pour faire vivre la m\u00e9moire de Mathilde Favier<\/h3>\n\n<p class=\"wp-block-paragraph\">Sur son compte Instagram, H\u00e9lo\u00efse Agostinelli a publi\u00e9 un long texte t\u00e9moignant de sa douleur mais aussi de sa gratitude envers sa m\u00e8re. Elle y \u00e9voque sa chance d\u2019avoir partag\u00e9 27 ann\u00e9es avec elle, mettant en avant la bont\u00e9 et la lumi\u00e8re que Mathilde incarnait.<\/p>\n\n<p class=\"wp-block-paragraph\">Dans ce message d\u2019adieu, elle rappelle \u00e9galement le lien fort avec son fr\u00e8re Carlo, qu\u2019elle d\u00e9crit comme un soutien essentiel : \u00ab Mon ange ici sur terre, qui m\u2019a prot\u00e9g\u00e9e et qui a su porter le poids de ton d\u00e9part avec un courage hors du commun \u00bb. Ce t\u00e9moignage met en lumi\u00e8re la dimension collective du deuil et l\u2019importance de la famille dans la travers\u00e9e de la perte.<\/p>\n\n<h2 class=\"wp-block-heading\">Les impacts de la disparition de Mathilde Favier dans le cercle familial et professionnel<\/h2>\n\n<p class=\"wp-block-paragraph\">Au-del\u00e0 de la tristesse intime, la perte de Mathilde Favier a g\u00e9n\u00e9r\u00e9 une \u00e9motion consid\u00e9rable dans les milieux de la mode, du cin\u00e9ma et de la culture, o\u00f9 elle \u00e9tait une figure respect\u00e9e. Son r\u00f4le chez Dior Couture a marqu\u00e9 une \u00e9tape cl\u00e9 dans sa carri\u00e8re, position qu\u2019elle occupait avec brio jusqu\u2019\u00e0 son d\u00e9c\u00e8s brutal.<\/p>\n\n<ul class=\"wp-block-list\"><li><strong>Influence professionnelle :<\/strong> Mathilde Favier a fa\u00e7onn\u00e9 pendant des ann\u00e9es les relations publiques d\u2019une maison de luxe majeure.<\/li><li><strong>H\u00e9ritage familial :<\/strong> Sa fille H\u00e9lo\u00efse prend \u00e0 c\u0153ur de perp\u00e9tuer cet h\u00e9ritage de gentillesse et de d\u00e9termination.<\/li><li><strong>Solidarit\u00e9 autour de la famille :<\/strong> Le soutien des proches est soulign\u00e9 comme un pilier fondamental dans ce moment de douleur.<\/li><li><strong>Engagement \u00e9motionnel :<\/strong> La mani\u00e8re dont H\u00e9lo\u00efse exprime son adieu pousse \u00e0 reconna\u00eetre le pouvoir d\u2019un message personnel face \u00e0 la perte.<\/li><\/ul>\n\n<figure class=\"wp-block-image size-full\"><img decoding=\"async\" width=\"1344\" height=\"768\" src=\"https:\/\/renouvelable-habitat.fr\/wp-content\/uploads\/2026\/09\/Disparition-de-Mathilde-Favier-un-emouvant-message-dadieu-de-sa-fille-Heloise-Agostinelli-2.jpg\" alt=\"d\u00e9couvrez le poignant message d&#039;adieu de h\u00e9lo\u00efse agostinelli, la fille de mathilde favier, disparue r\u00e9cemment. un hommage \u00e9mouvant qui touche le c\u0153ur.\" class=\"wp-image-4484\" srcset=\"https:\/\/renouvelable-habitat.fr\/wp-content\/uploads\/2026\/09\/Disparition-de-Mathilde-Favier-un-emouvant-message-dadieu-de-sa-fille-Heloise-Agostinelli-2.jpg 1344w, https:\/\/renouvelable-habitat.fr\/wp-content\/uploads\/2026\/09\/Disparition-de-Mathilde-Favier-un-emouvant-message-dadieu-de-sa-fille-Heloise-Agostinelli-2-300x171.jpg 300w, https:\/\/renouvelable-habitat.fr\/wp-content\/uploads\/2026\/09\/Disparition-de-Mathilde-Favier-un-emouvant-message-dadieu-de-sa-fille-Heloise-Agostinelli-2-1024x585.jpg 1024w, https:\/\/renouvelable-habitat.fr\/wp-content\/uploads\/2026\/09\/Disparition-de-Mathilde-Favier-un-emouvant-message-dadieu-de-sa-fille-Heloise-Agostinelli-2-768x439.jpg 768w, https:\/\/renouvelable-habitat.fr\/wp-content\/uploads\/2026\/09\/Disparition-de-Mathilde-Favier-un-emouvant-message-dadieu-de-sa-fille-Heloise-Agostinelli-2-18x10.jpg 18w\" sizes=\"(max-width: 1344px) 100vw, 1344px\" \/><\/figure>\n\n<h3 class=\"wp-block-heading\">Tableau r\u00e9capitulatif des \u00e9v\u00e9nements cl\u00e9s suite \u00e0 la disparition<\/h3>\n\n<figure class=\"wp-block-table\"><table>\n<thead>\n<tr>\n<th>Date<\/th>\n<th>\u00c9v\u00e9nement<\/th>\n<th>Lieu<\/th>\n<th>Personnes principales impliqu\u00e9es<\/th>\n<\/tr>\n<\/thead>\n<tbody>\n<tr>\n<td>17 ao\u00fbt 2026<\/td>\n<td>Accident tragique causant la mort de Mathilde Favier et Nicolas Altmayer<\/td>\n<td>Deux-S\u00e8vres<\/td>\n<td>Mathilde Favier, Nicolas Altmayer<\/td>\n<\/tr>\n<tr>\n<td>31 ao\u00fbt 2026<\/td>\n<td>C\u00e9r\u00e9monies fun\u00e9raires \u00e0 Paris : hommage \u00e0 Nicolas, puis \u00e0 Mathilde<\/td>\n<td>\u00c9glise Saint-Germain-des-Pr\u00e9s et Saint-Sulpice<\/td>\n<td>Famille, amis, proches de Mathilde et Nicolas<\/td>\n<\/tr>\n<tr>\n<td>31 ao\u00fbt 2026<\/td>\n<td>Publication d\u2019une lettre d\u2019adieu poignante d\u2019H\u00e9lo\u00efse Agostinelli sur Instagram<\/td>\n<td>Instagram<\/td>\n<td>H\u00e9lo\u00efse Agostinelli<\/td>\n<\/tr>\n<\/tbody>\n<\/table><\/figure>\n\n<h2 class=\"wp-block-heading\">Une expression publique de l&rsquo;amour familial malgr\u00e9 la perte<\/h2>\n\n<p class=\"wp-block-paragraph\">Le message d\u2019adieu d\u2019H\u00e9lo\u00efse ne se limite pas \u00e0 l\u2019expression de la douleur. Il contient aussi la promesse de faire vivre la m\u00e9moire de sa m\u00e8re, une mani\u00e8re de souligner que la disparition n\u2019est pas un abandon mais un autre \u00ab voyage \u00bb : \u00ab Dieu avait besoin de toi aupr\u00e8s de lui \u00bb, \u00e9crit-elle.<\/p>\n\n<p class=\"wp-block-paragraph\">Cette vision spirituelle du deuil marque le respect du souvenir de Mathilde tout en offrant une forme de consolation aux proches. L\u2019\u00e9motion ressentie par les internautes t\u00e9moigne de la force de cet hommage, qui rappelle l\u2019importance de la famille dans les moments les plus sombres.<\/p>\n\n<figure class=\"is-provider-youtube is-type-video wp-block-embed wp-block-embed-youtube wp-embed-aspect-16-9 wp-has-aspect-ratio\"><div class=\"wp-block-embed__wrapper\">\n<iframe title=\"Mathilde Favier et Nicolas Altmayer tu\u00e9s son fils brise le silence, drogue, chauffeur en garde \u00e0 vue\" width=\"1200\" height=\"675\" src=\"https:\/\/www.youtube.com\/embed\/3AybomfoO4M?feature=oembed\" frameborder=\"0\" allow=\"accelerometer; autoplay; clipboard-write; encrypted-media; gyroscope; picture-in-picture; web-share\" referrerpolicy=\"strict-origin-when-cross-origin\" allowfullscreen><\/iframe>\n<\/div><\/figure>\n\n<p class=\"wp-block-paragraph\">La lecture de ce message a suscit\u00e9 de nombreuses r\u00e9actions et une vague de solidarit\u00e9 sur les r\u00e9seaux sociaux, t\u00e9moignant de l\u2019impact profond que Mathilde Favier avait laiss\u00e9 dans son entourage.<\/p>\n\n<h3 class=\"wp-block-heading\">Liens vers des articles compl\u00e9mentaires sur ce sujet<\/h3>\n\n<ul class=\"wp-block-list\"><li><a href=\"https:\/\/www.purepeople.com\/article\/ma-fille-sappellera-mathilde-apres-la-disparition-de-mathilde-favier-figure-de-dior-sa-fille-heloise-partage-leurs-derniers-echanges-et-fait-une-promesse_a553388\/1\">Les derniers \u00e9changes entre Mathilde Favier et sa fille H\u00e9lo\u00efse<\/a><\/li><li><a href=\"https:\/\/www.closermag.fr\/people\/comment-vivre-sans-toi-ladieu-poignant-dheloise-agostinelli-a-sa-mere-mathilde-favier-et-a-son-beau-pere-nicolas-altmayer-3654178\">L\u2019adieu poignant d\u2019H\u00e9lo\u00efse Agostinelli \u00e0 sa m\u00e8re et son beau-p\u00e8re<\/a><\/li><\/ul>\n\n<figure class=\"is-provider-youtube is-type-video wp-block-embed wp-block-embed-youtube wp-embed-aspect-16-9 wp-has-aspect-ratio\"><div class=\"wp-block-embed__wrapper\">\n<iframe title=\"Mathilde Favier et Nicolas Altmayer : dix jours apr\u00e8s le drame, le myst\u00e8re autour de leurs obs\u00e8ques\" width=\"1200\" height=\"675\" src=\"https:\/\/www.youtube.com\/embed\/v9CrEiHq6eI?feature=oembed\" frameborder=\"0\" allow=\"accelerometer; autoplay; clipboard-write; encrypted-media; gyroscope; picture-in-picture; web-share\" referrerpolicy=\"strict-origin-when-cross-origin\" allowfullscreen><\/iframe>\n<\/div><\/figure>\n\n<script type=\"application\/ld+json\">\n{\"@context\":\"https:\/\/schema.org\",\"@type\":\"FAQPage\",\"mainEntity\":[{\"@type\":\"Question\",\"name\":\"Qui u00e9tait Mathilde Favier ?\",\"acceptedAnswer\":{\"@type\":\"Answer\",\"text\":\"Mathilde Favier u00e9tait la directrice des relations publiques chez Dior Couture, reconnue pour son ru00f4le clu00e9 dans la mode de luxe et une figure influente du secteur en France.\"}},{\"@type\":\"Question\",\"name\":\"Quelle est la nature du message publiu00e9 par Hu00e9lou00efse Agostinelli ?\",\"acceptedAnswer\":{\"@type\":\"Answer\",\"text\":\"Le message du2019Hu00e9lou00efse est une lettre du2019adieu u00e9motionnelle sur Instagram, exprimant son amour inconditionnel et sa gratitude envers sa mu00e8re, tout en affirmant son intention de faire vivre son hu00e9ritage.\"}},{\"@type\":\"Question\",\"name\":\"Comment la famille a-t-elle u00e9tu00e9 soutenue apru00e8s la perte ?\",\"acceptedAnswer\":{\"@type\":\"Answer\",\"text\":\"La famille a reu00e7u un soutien important de la part des proches et de la communautu00e9, notamment lors des cu00e9ru00e9monies funu00e9raires u00e0 Paris, qui ont rassemblu00e9 un grand nombre de personnes touchu00e9es par cette perte.\"}},{\"@type\":\"Question\",\"name\":\"Quel impact la disparition de Mathilde Favier a-t-elle eu dans le secteur du luxe ?\",\"acceptedAnswer\":{\"@type\":\"Answer\",\"text\":\"Mathilde Favier u00e9tait une figure respectu00e9e et son du00e9cu00e8s a suscitu00e9 une u00e9motion considu00e9rable dans le monde de la mode et du luxe, soulignant son ru00f4le central et son influence.\"}}]}\n<\/script>\n<h3>Qui \u00e9tait Mathilde Favier ?<\/h3>\n<p>Mathilde Favier \u00e9tait la directrice des relations publiques chez Dior Couture, reconnue pour son r\u00f4le cl\u00e9 dans la mode de luxe et une figure influente du secteur en France.<\/p>\n<h3>Quelle est la nature du message publi\u00e9 par H\u00e9lo\u00efse Agostinelli ?<\/h3>\n<p>Le message d\u2019H\u00e9lo\u00efse est une lettre d\u2019adieu \u00e9motionnelle sur Instagram, exprimant son amour inconditionnel et sa gratitude envers sa m\u00e8re, tout en affirmant son intention de faire vivre son h\u00e9ritage.<\/p>\n<h3>Comment la famille a-t-elle \u00e9t\u00e9 soutenue apr\u00e8s la perte ?<\/h3>\n<p>La famille a re\u00e7u un soutien important de la part des proches et de la communaut\u00e9, notamment lors des c\u00e9r\u00e9monies fun\u00e9raires \u00e0 Paris, qui ont rassembl\u00e9 un grand nombre de personnes touch\u00e9es par cette perte.<\/p>\n<h3>Quel impact la disparition de Mathilde Favier a-t-elle eu dans le secteur du luxe ?<\/h3>\n<p>Mathilde Favier \u00e9tait une figure respect\u00e9e et son d\u00e9c\u00e8s a suscit\u00e9 une \u00e9motion consid\u00e9rable dans le monde de la mode et du luxe, soulignant son r\u00f4le central et son influence.<\/p>\n\n","protected":false},"excerpt":{"rendered":"<p>La disparition tragique de Mathilde Favier, directrice des relations publiques embl\u00e9matique de Dior Couture, a profond\u00e9ment boulevers\u00e9 le monde de la mode et de la culture. Victime d&rsquo;un accident mortel dans les Deux-S\u00e8vres le 17 ao\u00fbt dernier, la figure du luxe parisien a laiss\u00e9 un vide immense, partag\u00e9 par sa famille et ses nombreux proches. &#8230; <a title=\"Disparition de Mathilde Favier : un \u00e9mouvant message d&rsquo;adieu de sa fille H\u00e9lo\u00efse Agostinelli\" class=\"read-more\" href=\"https:\/\/renouvelable-habitat.fr\/en\/disparition-de-mathilde-favier-un-emouvant-message-dadieu-de-sa-fille-heloise-agostinelli\/\" aria-label=\"Read more about Disparition de Mathilde Favier : un \u00e9mouvant message d&rsquo;adieu de sa fille H\u00e9lo\u00efse Agostinelli\">Read more<\/a><\/p>","protected":false},"author":3,"featured_media":4482,"comment_status":"open","ping_status":"open","sticky":false,"template":"","format":"standard","meta":{"_seopress_titles_title":"Disparition de Mathilde Favier : l'adieu poignant de sa fille H\u00e9lo\u00efse","_seopress_titles_desc":"Disparition de Mathilde Favier : d\u00e9couvrez le poignant message d'adieu de sa fille H\u00e9lo\u00efse Agostinelli, un hommage \u00e9mouvant et sinc\u00e8re.","_seopress_robots_index":"","_seopress_robots_follow":"","_seopress_robots_imageindex":"","_seopress_robots_snippet":"","_seopress_robots_primary_cat":"","_seopress_robots_breadcrumbs":"","_seopress_robots_freeze_modified_date":"","_seopress_robots_custom_modified_date":"","_seopress_robots_canonical":"","_seopress_social_fb_title":"","_seopress_social_fb_desc":"","_seopress_social_fb_img":"","_seopress_social_fb_img_attachment_id":0,"_seopress_social_fb_img_width":0,"_seopress_social_fb_img_height":0,"_seopress_social_twitter_title":"","_seopress_social_twitter_desc":"","_seopress_social_twitter_img":"","_seopress_social_twitter_img_attachment_id":0,"_seopress_social_twitter_img_width":0,"_seopress_social_twitter_img_height":0,"_seopress_redirections_value":"","_seopress_redirections_enabled":"","_seopress_redirections_enabled_regex":"","_seopress_redirections_logged_status":"","_seopress_redirections_param":"","_seopress_redirections_type":0,"_seopress_analysis_target_kw":"","_seopress_news_disabled":"","_seopress_video_disabled":"","_seopress_video":[],"_seopress_pro_schemas_manual":[],"_seopress_pro_rich_snippets_disable_all":"","_seopress_pro_rich_snippets_disable":[],"_seopress_pro_schemas":[],"inline_featured_image":false,"footnotes":""},"categories":[16],"tags":[],"class_list":["post-4485","post","type-post","status-publish","format-standard","has-post-thumbnail","hentry","category-actualite","generate-columns","tablet-grid-50","mobile-grid-100","grid-parent","grid-33"],"_links":{"self":[{"href":"https:\/\/renouvelable-habitat.fr\/en\/wp-json\/wp\/v2\/posts\/4485","targetHints":{"allow":["GET"]}}],"collection":[{"href":"https:\/\/renouvelable-habitat.fr\/en\/wp-json\/wp\/v2\/posts"}],"about":[{"href":"https:\/\/renouvelable-habitat.fr\/en\/wp-json\/wp\/v2\/types\/post"}],"author":[{"embeddable":true,"href":"https:\/\/renouvelable-habitat.fr\/en\/wp-json\/wp\/v2\/users\/3"}],"replies":[{"embeddable":true,"href":"https:\/\/renouvelable-habitat.fr\/en\/wp-json\/wp\/v2\/comments?post=4485"}],"version-history":[{"count":0,"href":"https:\/\/renouvelable-habitat.fr\/en\/wp-json\/wp\/v2\/posts\/4485\/revisions"}],"wp:featuredmedia":[{"embeddable":true,"href":"https:\/\/renouvelable-habitat.fr\/en\/wp-json\/wp\/v2\/media\/4482"}],"wp:attachment":[{"href":"https:\/\/renouvelable-habitat.fr\/en\/wp-json\/wp\/v2\/media?parent=4485"}],"wp:term":[{"taxonomy":"category","embeddable":true,"href":"https:\/\/renouvelable-habitat.fr\/en\/wp-json\/wp\/v2\/categories?post=4485"},{"taxonomy":"post_tag","embeddable":true,"href":"https:\/\/renouvelable-habitat.fr\/en\/wp-json\/wp\/v2\/tags?post=4485"}],"curies":[{"name":"wp","href":"https:\/\/api.w.org\/{rel}","templated":true}]}}