{"id":4493,"date":"2026-09-04T08:42:15","date_gmt":"2026-09-04T07:42:15","guid":{"rendered":"https:\/\/renouvelable-habitat.fr\/la-plus-longue-eclipse-solaire-du-siecle-approche-quand-le-jour-se-fera-nuit-un-spectacle-exceptionnel-a-ne-pas-manquer\/"},"modified":"2026-09-04T08:42:15","modified_gmt":"2026-09-04T07:42:15","slug":"la-plus-longue-eclipse-solaire-du-siecle-approche-quand-le-jour-se-fera-nuit-un-spectacle-exceptionnel-a-ne-pas-manquer","status":"publish","type":"post","link":"https:\/\/renouvelable-habitat.fr\/en\/la-plus-longue-eclipse-solaire-du-siecle-approche-quand-le-jour-se-fera-nuit-un-spectacle-exceptionnel-a-ne-pas-manquer\/","title":{"rendered":"La plus longue \u00e9clipse solaire du si\u00e8cle approche : quand le jour se fera nuit, un spectacle exceptionnel \u00e0 ne pas manquer"},"content":{"rendered":"<p class=\"wp-block-paragraph\">En 2027, un ph\u00e9nom\u00e8ne c\u00e9leste rare et spectaculaire est attendu \u00e0 travers une \u00e9troite bande du globe : une \u00e9clipse solaire totale aussi impressionnante par sa dur\u00e9e qu\u2019exceptionnelle par son intensit\u00e9. Lors de cet \u00e9v\u00e9nement d\u2019astronomie, le jour deviendra nuit pendant plusieurs minutes, offrant un spectacle naturel fascinant visible depuis le sud de l&rsquo;Europe jusqu\u2019au Moyen-Orient et \u00e0 l\u2019Afrique. Ce type d\u2019\u00e9clipse solaire totale, dite longue \u00e9clipse, ne se reproduira pas avant 2114, marquant ainsi un rendez-vous astronomique d\u2019exception pour les passionn\u00e9s et les curieux du monde entier. Pr\u00e9parer correctement cette observation astronomique est crucial pour une exp\u00e9rience \u00e0 la fois m\u00e9morable et s\u00e9curis\u00e9e.<\/p>\n\n<h2 class=\"wp-block-heading\">Une \u00e9clipse solaire totale unique en son genre dans le XXIe si\u00e8cle<\/h2>\n\n<p class=\"wp-block-paragraph\">Le lundi <strong>2 ao\u00fbt 2027<\/strong> sera une date marquante pour l&rsquo;astronomie. La Lune passera exactement entre la Terre et le Soleil, masquant totalement le disque solaire sur une trajectoire pr\u00e9cise et transformant le jour en night en pleine journ\u00e9e. Ce ph\u00e9nom\u00e8ne, appel\u00e9 <strong>\u00e9clipse solaire totale<\/strong>, se caract\u00e9risera par une <strong>dur\u00e9e exceptionnelle de plus de 6 minutes<\/strong> \u00e0 quelques endroits cl\u00e9s, notamment pr\u00e8s de Louxor, en \u00c9gypte. Cette performance temporelle d\u00e9passe largement la moyenne habituelle, qui se situe g\u00e9n\u00e9ralement entre deux et quatre minutes.<\/p>\n\n<p class=\"wp-block-paragraph\">L&rsquo;importance de cette <strong>longue \u00e9clipse<\/strong> r\u00e9side dans sa raret\u00e9 : ce genre d\u2019\u00e9clipse solaire ne sera pas observable avant 2114. Pendant la phase de totalit\u00e9, la luminosit\u00e9 chutera drastiquement et certaines \u00e9toiles ainsi qu\u2019une ou deux plan\u00e8tes pourront \u00eatre visibles \u00e0 l\u2019\u0153il nu, faisant de cette raret\u00e9 un spectacle naturel unique en son genre. Le ph\u00e9nom\u00e8ne sera \u00e9galement marqu\u00e9 par des \u00e9clipses optiques comme les perles de Baily, l&rsquo;anneau de diamant, et la couronne solaire formant un halo mystique autour du disque lunaire.<\/p>\n\n<figure class=\"wp-block-image size-full\"><img decoding=\"async\" width=\"1344\" height=\"768\" src=\"https:\/\/renouvelable-habitat.fr\/wp-content\/uploads\/2026\/09\/La-plus-longue-eclipse-solaire-du-siecle-approche-quand-le-jour-se-fera-nuit-un-spectacle-exceptionnel-a-ne-pas-manquer-1.jpg\" alt=\"d\u00e9couvrez quand et comment observer la plus longue \u00e9clipse solaire du si\u00e8cle, un ph\u00e9nom\u00e8ne naturel spectaculaire o\u00f9 le jour se transforme en nuit. un \u00e9v\u00e9nement exceptionnel \u00e0 ne surtout pas manquer !\" class=\"wp-image-4491\" srcset=\"https:\/\/renouvelable-habitat.fr\/wp-content\/uploads\/2026\/09\/La-plus-longue-eclipse-solaire-du-siecle-approche-quand-le-jour-se-fera-nuit-un-spectacle-exceptionnel-a-ne-pas-manquer-1.jpg 1344w, https:\/\/renouvelable-habitat.fr\/wp-content\/uploads\/2026\/09\/La-plus-longue-eclipse-solaire-du-siecle-approche-quand-le-jour-se-fera-nuit-un-spectacle-exceptionnel-a-ne-pas-manquer-1-300x171.jpg 300w, https:\/\/renouvelable-habitat.fr\/wp-content\/uploads\/2026\/09\/La-plus-longue-eclipse-solaire-du-siecle-approche-quand-le-jour-se-fera-nuit-un-spectacle-exceptionnel-a-ne-pas-manquer-1-1024x585.jpg 1024w, https:\/\/renouvelable-habitat.fr\/wp-content\/uploads\/2026\/09\/La-plus-longue-eclipse-solaire-du-siecle-approche-quand-le-jour-se-fera-nuit-un-spectacle-exceptionnel-a-ne-pas-manquer-1-768x439.jpg 768w, https:\/\/renouvelable-habitat.fr\/wp-content\/uploads\/2026\/09\/La-plus-longue-eclipse-solaire-du-siecle-approche-quand-le-jour-se-fera-nuit-un-spectacle-exceptionnel-a-ne-pas-manquer-1-18x10.jpg 18w\" sizes=\"(max-width: 1344px) 100vw, 1344px\" \/><\/figure>\n\n<h3 class=\"wp-block-heading\">Le parcours en Europe et Afrique du Nord : o\u00f9 et quand observer ?<\/h3>\n\n<p class=\"wp-block-paragraph\">La bande de totalit\u00e9 traversera plusieurs pays d\u2019importance strat\u00e9gique pour l\u2019observation : elle commencera au sud de l\u2019Espagne, couvrira l\u2019Andalousie, Ceuta et Melilla puis s\u2019\u00e9tendra sur le Maroc, l\u2019Alg\u00e9rie, la Tunisie, la Libye et l&rsquo;\u00c9gypte, avant de poursuivre vers la p\u00e9ninsule Arabique et la Somalie. Selon la longitude d\u2019observation, le ph\u00e9nom\u00e8ne s&rsquo;effectuera en fin de matin\u00e9e en Espagne et peu apr\u00e8s midi plus \u00e0 l\u2019est.<\/p>\n\n<p class=\"wp-block-paragraph\">En France, ainsi que dans la majorit\u00e9 des pays europ\u00e9ens, seuls des \u00e9clipses partielles seront visibles, rendant l\u2019exp\u00e9rience moins spectaculaire. Pour ceux r\u00e9sidant en Europe, il est conseill\u00e9 de planifier un voyage vers les zones de totalit\u00e9 afin de vivre pleinement ce spectacle naturel. Ce type d\u2019\u00e9clipse sur la p\u00e9ninsule Ib\u00e9rique ne surviendra pas \u00e0 nouveau avant plusieurs d\u00e9cennies.<\/p>\n\n<h3 class=\"wp-block-heading\">Conseils de s\u00e9curit\u00e9 et \u00e9quipements pour une observation optimale<\/h3>\n\n<p class=\"wp-block-paragraph\">Bien que l&rsquo;\u00e9clipse solaire soit un \u00e9v\u00e9nement fascinant, elle requiert une pr\u00e9caution extr\u00eame pour \u00e9viter des l\u00e9sions oculaires graves. Pendant toutes les phases partielles, il est imp\u00e9ratif de porter des lunettes sp\u00e9ciales homologu\u00e9es selon une norme de s\u00e9curit\u00e9 rigoureuse. Ces lunettes prot\u00e8gent les yeux des rayons intenses du Soleil.<\/p>\n\n<p class=\"wp-block-paragraph\">Pour l\u2019utilisation d\u2019appareils d\u2019observation tels que jumelles, t\u00e9lescopes ou appareils photo, il est n\u00e9cessaire d\u2019\u00e9quiper les objectifs de filtres adapt\u00e9s, \u00e0 retirer uniquement durant la phase de totalit\u00e9 o\u00f9 le Soleil est enti\u00e8rement occult\u00e9 par la Lune. Les phases partielle et totale du spectacle exigent des pr\u00e9cautions diff\u00e9rentes, soulignant l\u2019importance d\u2019un \u00e9quipement ad\u00e9quat.<\/p>\n\n<figure class=\"wp-block-image size-full\"><img decoding=\"async\" width=\"1344\" height=\"768\" src=\"https:\/\/renouvelable-habitat.fr\/wp-content\/uploads\/2026\/09\/La-plus-longue-eclipse-solaire-du-siecle-approche-quand-le-jour-se-fera-nuit-un-spectacle-exceptionnel-a-ne-pas-manquer-2.jpg\" alt=\"pr\u00e9parez-vous \u00e0 vivre la plus longue \u00e9clipse solaire du si\u00e8cle : d\u00e9couvrez quand et comment observer ce ph\u00e9nom\u00e8ne exceptionnel o\u00f9 le jour se transformera en nuit, un spectacle naturel \u00e0 ne pas manquer.\" class=\"wp-image-4492\" srcset=\"https:\/\/renouvelable-habitat.fr\/wp-content\/uploads\/2026\/09\/La-plus-longue-eclipse-solaire-du-siecle-approche-quand-le-jour-se-fera-nuit-un-spectacle-exceptionnel-a-ne-pas-manquer-2.jpg 1344w, https:\/\/renouvelable-habitat.fr\/wp-content\/uploads\/2026\/09\/La-plus-longue-eclipse-solaire-du-siecle-approche-quand-le-jour-se-fera-nuit-un-spectacle-exceptionnel-a-ne-pas-manquer-2-300x171.jpg 300w, https:\/\/renouvelable-habitat.fr\/wp-content\/uploads\/2026\/09\/La-plus-longue-eclipse-solaire-du-siecle-approche-quand-le-jour-se-fera-nuit-un-spectacle-exceptionnel-a-ne-pas-manquer-2-1024x585.jpg 1024w, https:\/\/renouvelable-habitat.fr\/wp-content\/uploads\/2026\/09\/La-plus-longue-eclipse-solaire-du-siecle-approche-quand-le-jour-se-fera-nuit-un-spectacle-exceptionnel-a-ne-pas-manquer-2-768x439.jpg 768w, https:\/\/renouvelable-habitat.fr\/wp-content\/uploads\/2026\/09\/La-plus-longue-eclipse-solaire-du-siecle-approche-quand-le-jour-se-fera-nuit-un-spectacle-exceptionnel-a-ne-pas-manquer-2-18x10.jpg 18w\" sizes=\"(max-width: 1344px) 100vw, 1344px\" \/><\/figure>\n\n<h2 class=\"wp-block-heading\">Les caract\u00e9ristiques majeures de l\u2019\u00e9clipse solaire du si\u00e8cle<\/h2>\n\n<ul class=\"wp-block-list\"><li><strong>Date pr\u00e9cise :<\/strong> 2 ao\u00fbt 2027<\/li><li><strong>Dur\u00e9e de la totalit\u00e9 :<\/strong> jusqu\u2019\u00e0 6 minutes 23 secondes pr\u00e8s de Louxor<\/li><li><strong>Trajet :<\/strong> sud de l\u2019Espagne, Afrique du Nord, p\u00e9ninsule Arabique, Somalie<\/li><li><strong>Ph\u00e9nom\u00e8nes associ\u00e9s :<\/strong> perles de Baily, anneau de diamant, couronne solaire<\/li><li><strong>Observations Europe :<\/strong> \u00e9clipse partielle principalement, except\u00e9 en Espagne m\u00e9ridionale<\/li><li><strong>S\u00e9curit\u00e9 :<\/strong> lunettes homologu\u00e9es et filtres pour appareils obligatoires<\/li><\/ul>\n\n<h3 class=\"wp-block-heading\">Informations compl\u00e9mentaires sur les \u00e9clipses solaires en 2026 et 2027<\/h3>\n\n<p class=\"wp-block-paragraph\">En compl\u00e9ment \u00e0 ce ph\u00e9nom\u00e8ne attendu en 2027, une autre \u00e9clipse solaire importante est pr\u00e9vue en 2026. L\u2019\u00e9clipse solaire du <strong>12 ao\u00fbt 2026<\/strong> sera observable dans plusieurs zones europ\u00e9ennes avec une intensit\u00e9 moindre, constituant un pr\u00e9alable id\u00e9al \u00e0 l\u2019\u00e9v\u00e9nement majeur de l\u2019ann\u00e9e suivante. Les passionn\u00e9s peuvent ainsi se pr\u00e9parer en suivant les conseils d\u2019experts sur les lieux incontournables pour la vision, notamment dans des villes comme Nancy et Metz.<\/p>\n\n<p class=\"wp-block-paragraph\">Pour d\u00e9couvrir plus en d\u00e9tail les horaires pr\u00e9cis et les modalit\u00e9s d\u2019observation des \u00e9clipses solaires \u00e0 venir, <a href=\"https:\/\/renouvelable-habitat.fr\/eclipse-solaire-du-12-aout-2026-horaires-precis-et-lieux-incontournables-pour-profiter-du-spectacle-celeste\/\">une source compl\u00e8te permet de s\u2019informer sur cette pr\u00e9paration<\/a>.<\/p>\n\n<h2 class=\"wp-block-heading\">Tableau des dur\u00e9es et lieux cl\u00e9s de l\u2019\u00e9clipse solaire totale du 2 ao\u00fbt 2027<\/h2>\n\n<figure class=\"wp-block-table\"><table>\n<thead>\n<tr>\n<th>Lieu<\/th>\n<th>Dur\u00e9e de totalit\u00e9<\/th>\n<th>Heure approximative (locale)<\/th>\n<\/tr>\n<\/thead>\n<tbody>\n<tr>\n<td>Sud de l\u2019Espagne (Andalousie)<\/td>\n<td>~4 minutes<\/td>\n<td>10h30<\/td>\n<\/tr>\n<tr>\n<td>Ceuta et Melilla<\/td>\n<td>4 \u00e0 5 minutes<\/td>\n<td>10h40 &#8211; 11h00<\/td>\n<\/tr>\n<tr>\n<td>Sud du Maroc et Alg\u00e9rie<\/td>\n<td>5 minutes<\/td>\n<td>11h15<\/td>\n<\/tr>\n<tr>\n<td>\u00c9gypte (pr\u00e8s de Louxor)<\/td>\n<td><strong>6 minutes 23 secondes<\/strong><\/td>\n<td>11h55<\/td>\n<\/tr>\n<tr>\n<td>P\u00e9ninsule Arabique<\/td>\n<td>5 minutes<\/td>\n<td>12h15<\/td>\n<\/tr>\n<tr>\n<td>Somalie<\/td>\n<td>3 minutes<\/td>\n<td>12h45<\/td>\n<\/tr>\n<\/tbody>\n<\/table><\/figure>\n\n<figure class=\"is-provider-youtube is-type-video wp-block-embed wp-block-embed-youtube wp-embed-aspect-16-9 wp-has-aspect-ratio\"><div class=\"wp-block-embed__wrapper\">\n<iframe title=\"Les sorciers d\u00e9crochent la lune - C&amp;apos;est pas sorcier [Int\u00e9grale]\" width=\"1200\" height=\"900\" src=\"https:\/\/www.youtube.com\/embed\/K2JuMsP6EV4?feature=oembed\" frameborder=\"0\" allow=\"accelerometer; autoplay; clipboard-write; encrypted-media; gyroscope; picture-in-picture; web-share\" referrerpolicy=\"strict-origin-when-cross-origin\" allowfullscreen><\/iframe>\n<\/div><\/figure>\n\n<p class=\"wp-block-paragraph\">L&rsquo;observation de l\u2019\u00e9clipse solaire totale du 2 ao\u00fbt 2027 constitue une opportunit\u00e9 rare de s\u2019immerger dans l\u2019univers fascinant de l\u2019astronomie et d\u2019assister \u00e0 un spectacle naturel exceptionnel o\u00f9 le jour devient nuit. Cerise sur le g\u00e2teau, ce ph\u00e9nom\u00e8ne n\u2019aura pas de similaire avant le prochain si\u00e8cle, pla\u00e7ant cet \u00e9v\u00e9nement au summum des rendez-vous astronomiques mondiaux.<\/p>\n\n<figure class=\"is-provider-youtube is-type-video wp-block-embed wp-block-embed-youtube wp-embed-aspect-16-9 wp-has-aspect-ratio\"><div class=\"wp-block-embed__wrapper\">\n<iframe title=\"D\u00e8s 21h30 ce soir, ne manquez pas la plus longue \u00e9clipse totale de Lune du si\u00e8cle\" width=\"1200\" height=\"675\" src=\"https:\/\/www.youtube.com\/embed\/pvgBQviJdQU?feature=oembed\" frameborder=\"0\" allow=\"accelerometer; autoplay; clipboard-write; encrypted-media; gyroscope; picture-in-picture; web-share\" referrerpolicy=\"strict-origin-when-cross-origin\" allowfullscreen><\/iframe>\n<\/div><\/figure>\n\n<script type=\"application\/ld+json\">\n{\"@context\":\"https:\/\/schema.org\",\"@type\":\"FAQPage\",\"mainEntity\":[{\"@type\":\"Question\",\"name\":\"Pourquoi cette u00e9clipse est-elle qualifiu00e9e de la plus longue du siu00e8cle ?\",\"acceptedAnswer\":{\"@type\":\"Answer\",\"text\":\"La duru00e9e exceptionnelle de la totalitu00e9, atteignant plus de 6 minutes pru00e8s de Louxor, en fait un cas rare pour le XXIe siu00e8cle, une occurrence qui ne sera pas observable de nouveau avant 2114.\"}},{\"@type\":\"Question\",\"name\":\"Quels sont les endroits privilu00e9giu00e9s pour observer lu2019u00e9clipse de 2027 ?\",\"acceptedAnswer\":{\"@type\":\"Answer\",\"text\":\"Le sud de lu2019Espagne, notamment lu2019Andalousie, le nord de lu2019Afrique (Maroc, Algu00e9rie, Tunisie, u00c9gypte) et la pu00e9ninsule Arabique dans son ensemble constituent la bande de totalitu00e9 idu00e9ale pour une observation optimale.\"}},{\"@type\":\"Question\",\"name\":\"Comment assurer la su00e9curitu00e9 lors de lu2019observation de lu2019u00e9clipse solaire ?\",\"acceptedAnswer\":{\"@type\":\"Answer\",\"text\":\"Il faut impu00e9rativement utiliser des lunettes standards homologuu00e9es et des filtres spu00e9cifiques pour les instruments optiques durant toutes les phases partielles pour protu00e9ger les yeux des rayons solaires.\"}},{\"@type\":\"Question\",\"name\":\"Est-il possible de voir des u00e9toiles pendant une u00e9clipse solaire ?\",\"acceptedAnswer\":{\"@type\":\"Answer\",\"text\":\"Oui, pendant la phase de totalitu00e9, la luminositu00e9 chute suffisamment pour rendre visible quelques u00e9toiles brillantes et parfois mu00eame des planu00e8tes u00e0 lu2019u0153il nu.\"}},{\"@type\":\"Question\",\"name\":\"Y aura-t-il du2019autres u00e9clipses solaires u00e0 suivre prochainement ?\",\"acceptedAnswer\":{\"@type\":\"Answer\",\"text\":\"En aou00fbt 2026, une u00e9clipse solaire aura lieu en France et dans du2019autres parties du2019Europe, constituant un pru00e9alable important avant le grand rendez-vous de 2027.\"}}]}\n<\/script>\n<h3>Pourquoi cette \u00e9clipse est-elle qualifi\u00e9e de la plus longue du si\u00e8cle ?<\/h3>\n<p>La dur\u00e9e exceptionnelle de la totalit\u00e9, atteignant plus de 6 minutes pr\u00e8s de Louxor, en fait un cas rare pour le XXIe si\u00e8cle, une occurrence qui ne sera pas observable de nouveau avant 2114.<\/p>\n<h3>Quels sont les endroits privil\u00e9gi\u00e9s pour observer l\u2019\u00e9clipse de 2027 ?<\/h3>\n<p>Le sud de l\u2019Espagne, notamment l\u2019Andalousie, le nord de l\u2019Afrique (Maroc, Alg\u00e9rie, Tunisie, \u00c9gypte) et la p\u00e9ninsule Arabique dans son ensemble constituent la bande de totalit\u00e9 id\u00e9ale pour une observation optimale.<\/p>\n<h3>Comment assurer la s\u00e9curit\u00e9 lors de l\u2019observation de l\u2019\u00e9clipse solaire ?<\/h3>\n<p>Il faut imp\u00e9rativement utiliser des lunettes standards homologu\u00e9es et des filtres sp\u00e9cifiques pour les instruments optiques durant toutes les phases partielles pour prot\u00e9ger les yeux des rayons solaires.<\/p>\n<h3>Est-il possible de voir des \u00e9toiles pendant une \u00e9clipse solaire ?<\/h3>\n<p>Oui, pendant la phase de totalit\u00e9, la luminosit\u00e9 chute suffisamment pour rendre visible quelques \u00e9toiles brillantes et parfois m\u00eame des plan\u00e8tes \u00e0 l\u2019\u0153il nu.<\/p>\n<h3>Y aura-t-il d\u2019autres \u00e9clipses solaires \u00e0 suivre prochainement ?<\/h3>\n<p>En ao\u00fbt 2026, une \u00e9clipse solaire aura lieu en France et dans d\u2019autres parties d\u2019Europe, constituant un pr\u00e9alable important avant le grand rendez-vous de 2027.<\/p>\n\n","protected":false},"excerpt":{"rendered":"<p>En 2027, un ph\u00e9nom\u00e8ne c\u00e9leste rare et spectaculaire est attendu \u00e0 travers une \u00e9troite bande du globe : une \u00e9clipse solaire totale aussi impressionnante par sa dur\u00e9e qu\u2019exceptionnelle par son intensit\u00e9. Lors de cet \u00e9v\u00e9nement d\u2019astronomie, le jour deviendra nuit pendant plusieurs minutes, offrant un spectacle naturel fascinant visible depuis le sud de l&rsquo;Europe jusqu\u2019au &#8230; <a title=\"La plus longue \u00e9clipse solaire du si\u00e8cle approche : quand le jour se fera nuit, un spectacle exceptionnel \u00e0 ne pas manquer\" class=\"read-more\" href=\"https:\/\/renouvelable-habitat.fr\/en\/la-plus-longue-eclipse-solaire-du-siecle-approche-quand-le-jour-se-fera-nuit-un-spectacle-exceptionnel-a-ne-pas-manquer\/\" aria-label=\"Read more about La plus longue \u00e9clipse solaire du si\u00e8cle approche : quand le jour se fera nuit, un spectacle exceptionnel \u00e0 ne pas manquer\">Read more<\/a><\/p>","protected":false},"author":3,"featured_media":4490,"comment_status":"open","ping_status":"open","sticky":false,"template":"","format":"standard","meta":{"_seopress_titles_title":"La plus longue \u00e9clipse solaire du si\u00e8cle arrive : un spectacle \u00e0 ne pas rater","_seopress_titles_desc":"D\u00e9couvrez quand aura lieu la plus longue \u00e9clipse solaire du si\u00e8cle : un spectacle unique o\u00f9 le jour devient nuit, \u00e0 ne pas manquer !","_seopress_robots_index":"","_seopress_robots_follow":"","_seopress_robots_imageindex":"","_seopress_robots_snippet":"","_seopress_robots_primary_cat":"","_seopress_robots_breadcrumbs":"","_seopress_robots_freeze_modified_date":"","_seopress_robots_custom_modified_date":"","_seopress_robots_canonical":"","_seopress_social_fb_title":"","_seopress_social_fb_desc":"","_seopress_social_fb_img":"","_seopress_social_fb_img_attachment_id":0,"_seopress_social_fb_img_width":0,"_seopress_social_fb_img_height":0,"_seopress_social_twitter_title":"","_seopress_social_twitter_desc":"","_seopress_social_twitter_img":"","_seopress_social_twitter_img_attachment_id":0,"_seopress_social_twitter_img_width":0,"_seopress_social_twitter_img_height":0,"_seopress_redirections_value":"","_seopress_redirections_enabled":"","_seopress_redirections_enabled_regex":"","_seopress_redirections_logged_status":"","_seopress_redirections_param":"","_seopress_redirections_type":0,"_seopress_analysis_target_kw":"","_seopress_news_disabled":"","_seopress_video_disabled":"","_seopress_video":[],"_seopress_pro_schemas_manual":[],"_seopress_pro_rich_snippets_disable_all":"","_seopress_pro_rich_snippets_disable":[],"_seopress_pro_schemas":[],"inline_featured_image":false,"footnotes":""},"categories":[16],"tags":[],"class_list":["post-4493","post","type-post","status-publish","format-standard","has-post-thumbnail","hentry","category-actualite","generate-columns","tablet-grid-50","mobile-grid-100","grid-parent","grid-33"],"_links":{"self":[{"href":"https:\/\/renouvelable-habitat.fr\/en\/wp-json\/wp\/v2\/posts\/4493","targetHints":{"allow":["GET"]}}],"collection":[{"href":"https:\/\/renouvelable-habitat.fr\/en\/wp-json\/wp\/v2\/posts"}],"about":[{"href":"https:\/\/renouvelable-habitat.fr\/en\/wp-json\/wp\/v2\/types\/post"}],"author":[{"embeddable":true,"href":"https:\/\/renouvelable-habitat.fr\/en\/wp-json\/wp\/v2\/users\/3"}],"replies":[{"embeddable":true,"href":"https:\/\/renouvelable-habitat.fr\/en\/wp-json\/wp\/v2\/comments?post=4493"}],"version-history":[{"count":0,"href":"https:\/\/renouvelable-habitat.fr\/en\/wp-json\/wp\/v2\/posts\/4493\/revisions"}],"wp:featuredmedia":[{"embeddable":true,"href":"https:\/\/renouvelable-habitat.fr\/en\/wp-json\/wp\/v2\/media\/4490"}],"wp:attachment":[{"href":"https:\/\/renouvelable-habitat.fr\/en\/wp-json\/wp\/v2\/media?parent=4493"}],"wp:term":[{"taxonomy":"category","embeddable":true,"href":"https:\/\/renouvelable-habitat.fr\/en\/wp-json\/wp\/v2\/categories?post=4493"},{"taxonomy":"post_tag","embeddable":true,"href":"https:\/\/renouvelable-habitat.fr\/en\/wp-json\/wp\/v2\/tags?post=4493"}],"curies":[{"name":"wp","href":"https:\/\/api.w.org\/{rel}","templated":true}]}}