{"id":2457,"date":"2025-06-09T08:03:01","date_gmt":"2025-06-09T07:03:01","guid":{"rendered":"https:\/\/renouvelable-habitat.fr\/face-a-la-chute-de-la-revente-delectricite-et-a-la-diminution-des-aides-les-francais-optent-de-plus-en-plus-pour-le-stockage-solaire\/"},"modified":"2025-06-09T08:03:01","modified_gmt":"2025-06-09T07:03:01","slug":"face-a-la-chute-de-la-revente-delectricite-et-a-la-diminution-des-aides-les-francais-optent-de-plus-en-plus-pour-le-stockage-solaire","status":"publish","type":"post","link":"https:\/\/renouvelable-habitat.fr\/es\/face-a-la-chute-de-la-revente-delectricite-et-a-la-diminution-des-aides-les-francais-optent-de-plus-en-plus-pour-le-stockage-solaire\/","title":{"rendered":"Face \u00e0 la chute de la revente d&rsquo;\u00e9lectricit\u00e9 et \u00e0 la diminution des aides, les Fran\u00e7ais optent de plus en plus pour le stockage solaire."},"content":{"rendered":"<p>Depuis le 27 mars 2025, les particuliers \u00e9quip\u00e9s de panneaux photovolta\u00efques constatent un bouleversement \u00e9conomique majeur : le tarif de rachat du surplus d\u2019\u00e9lectricit\u00e9 a drastiquement chut\u00e9, passant de 12,7 \u00e0 4 centimes par kWh, soit une baisse de 66 %. Parall\u00e8lement, les aides \u00e0 l\u2019installation subissent la m\u00eame \u00e9rosion. Ce mouvement remet en question la rentabilit\u00e9 du mod\u00e8le bas\u00e9 sur la revente d\u2019\u00e9lectricit\u00e9. Face \u00e0 cette situation, le stockage d\u2019\u00e9nergie \u00e0 domicile \u00e9merge comme une alternative privil\u00e9gi\u00e9e, permettant aux foyers de maximiser l\u2019autoconsommation et de s\u00e9curiser leurs d\u00e9penses \u00e9nerg\u00e9tiques, un enjeu crucial dans un contexte o\u00f9 79 % des Fran\u00e7ais anticipent une hausse continue des tarifs. Plusieurs acteurs majeurs tels que SunPower, EDF Energies Nouvelles ou encore TotalEnergies orientent leur strat\u00e9gie vers ces solutions de stockage, accompagn\u00e9s par des sp\u00e9cialistes du secteur comme Photowatt, Voltalia ou encore Enphase Energy.<\/p>\n\n<h2 class=\"wp-block-heading\">Le stockage solaire \u00e0 domicile : une r\u00e9ponse \u00e0 la baisse des tarifs de revente et des aides<\/h2>\n\n<p>Le mod\u00e8le de la revente d\u2019\u00e9lectricit\u00e9 s\u2019essouffle, ce qui pousse de nombreux m\u00e9nages \u00e0 s\u2019\u00e9quiper de syst\u00e8mes de stockage \u00e9nerg\u00e9tiques pour optimiser leur consommation solaire. L\u2019arr\u00eat\u00e9 S21 instaure une r\u00e9duction s\u00e9v\u00e8re du tarif de rachat, plongeant celui-ci \u00e0 seulement 0,04 \u20ac par kWh. De plus, le montant des aides \u00e0 l\u2019installation diminue de 66 %, r\u00e9duisant l\u2019attractivit\u00e9 des syst\u00e8mes photovolta\u00efques sans dispositif de stockage.<\/p>\n\n<ul class=\"wp-block-list\"><li><strong>Baisse du tarif de rachat<\/strong> : de 12,7 \u00e0 4 centimes par kWh.<\/li><li><strong>R\u00e9duction des aides \u00e0 l\u2019installation<\/strong> \u00e0 hauteur de 66 %.<\/li><li><strong>Perte d\u2019int\u00e9r\u00eat \u00e9conomique<\/strong> du mod\u00e8le bas\u00e9 uniquement sur la revente.<\/li><\/ul>\n\n<p>Dans ce contexte, selon une \u00e9tude OpinionWay r\u00e9alis\u00e9e pour Beem en mars 2025, <strong>68 % des Fran\u00e7ais souhaitent recourir au stockage d\u2019\u00e9nergie<\/strong> pour pr\u00e9server leur pouvoir d\u2019achat face \u00e0 la volatilit\u00e9 des prix.<\/p>\n\n<figure class=\"wp-block-table\"><table>\n<thead>\n<tr>\n<th>Criterios<\/th>\n<th>Avant mars 2025<\/th>\n<th>Apr\u00e8s mars 2025<\/th>\n<\/tr>\n<\/thead>\n<tbody>\n<tr>\n<td>Tarif de rachat du surplus (\u20ac\/kWh)<\/td>\n<td>0,127<\/td>\n<td>0,04<\/td>\n<\/tr>\n<tr>\n<td>Aide \u00e0 l\u2019installation<\/td>\n<td>Montant plein<\/td>\n<td>-66 %<\/td>\n<\/tr>\n<tr>\n<td>Mod\u00e8le \u00e9conomique privil\u00e9gi\u00e9<\/td>\n<td>Revente et autoconsommation<\/td>\n<td>Autoconsommation via stockage<\/td>\n<\/tr>\n<\/tbody>\n<\/table><\/figure>\n\n<p>Les industriels comme SMA Solar Technology, Renusol ou GreenYellow adaptent leur offre pour r\u00e9pondre \u00e0 cette demande accrue, avec des solutions de batteries domestiques fiables et connect\u00e9es.<\/p>\n\n<figure class=\"wp-block-image size-full\"><img decoding=\"async\" width=\"1344\" height=\"768\" src=\"https:\/\/renouvelable-habitat.fr\/wp-content\/uploads\/2025\/06\/Face-a-la-chute-de-la-revente-delectricite-et-a-la-diminution-des-aides-les-Francais-optent-de-plus-en-plus-pour-le-stockage-solaire-1.jpg\" alt=\"d\u00e9couvrez comment la baisse de la revente d&#039;\u00e9lectricit\u00e9 et la r\u00e9duction des aides incitent les fran\u00e7ais \u00e0 adopter des solutions de stockage solaire pour maximiser leur production d&#039;\u00e9nergie renouvelable.\" class=\"wp-image-2455\" srcset=\"https:\/\/renouvelable-habitat.fr\/wp-content\/uploads\/2025\/06\/Face-a-la-chute-de-la-revente-delectricite-et-a-la-diminution-des-aides-les-Francais-optent-de-plus-en-plus-pour-le-stockage-solaire-1.jpg 1344w, https:\/\/renouvelable-habitat.fr\/wp-content\/uploads\/2025\/06\/Face-a-la-chute-de-la-revente-delectricite-et-a-la-diminution-des-aides-les-Francais-optent-de-plus-en-plus-pour-le-stockage-solaire-1-300x171.jpg 300w, https:\/\/renouvelable-habitat.fr\/wp-content\/uploads\/2025\/06\/Face-a-la-chute-de-la-revente-delectricite-et-a-la-diminution-des-aides-les-Francais-optent-de-plus-en-plus-pour-le-stockage-solaire-1-1024x585.jpg 1024w, https:\/\/renouvelable-habitat.fr\/wp-content\/uploads\/2025\/06\/Face-a-la-chute-de-la-revente-delectricite-et-a-la-diminution-des-aides-les-Francais-optent-de-plus-en-plus-pour-le-stockage-solaire-1-768x439.jpg 768w, https:\/\/renouvelable-habitat.fr\/wp-content\/uploads\/2025\/06\/Face-a-la-chute-de-la-revente-delectricite-et-a-la-diminution-des-aides-les-Francais-optent-de-plus-en-plus-pour-le-stockage-solaire-1-18x10.jpg 18w\" sizes=\"(max-width: 1344px) 100vw, 1344px\" \/><\/figure>\n\n<h3 class=\"wp-block-heading\">Maximiser la ma\u00eetrise de la facture gr\u00e2ce au stockage d&rsquo;\u00e9nergie<\/h3>\n\n<p>Le stockage domestique de l\u2019\u00e9lectricit\u00e9 produite permet de rem\u00e9dier \u00e0 l\u2019un des principaux inconv\u00e9nients du photovolta\u00efque traditionnel : la production d\u00e9cal\u00e9e par rapport \u00e0 la consommation. Le mat\u00e9riel solaire produit essentiellement en journ\u00e9e, tandis que le foyer consomme souvent davantage en soir\u00e9e.<\/p>\n\n<p>Le stockage s\u2019impose ainsi comme un outil crucial, permettant :<\/p>\n\n<ul class=\"wp-block-list\"><li>De <strong>stocker l\u2019\u00e9lectricit\u00e9 exc\u00e9dentaire<\/strong> produite pendant les heures d\u2019ensoleillement.<\/li><li>De <strong>r\u00e9utiliser cette \u00e9nergie<\/strong> lorsque la production solaire s\u2019arr\u00eate.<\/li><li>De <strong>r\u00e9duire les imports depuis le r\u00e9seau<\/strong> et limiter la d\u00e9pendance aux fluctuations tarifaires.<\/li><li>D\u2019<strong>am\u00e9liorer l\u2019autonomie \u00e9nerg\u00e9tique<\/strong> du foyer, qui peut atteindre jusqu\u2019\u00e0 70 % avec un syst\u00e8me de stockage adapt\u00e9.<\/li><\/ul>\n\n<p>Les groupes comme Enphase Energy, Boost Energy ou encore Voltalia misent sur l\u2019intelligence embarqu\u00e9e dans leurs batteries pour optimiser en continu le cycle de charge et d\u00e9charge, gr\u00e2ce \u00e0 des capteurs et des onduleurs performants.<\/p>\n\n<figure class=\"wp-block-table\"><table>\n<thead>\n<tr>\n<th>Param\u00e8tre<\/th>\n<th>Installation photovolta\u00efque seule<\/th>\n<th>Installation avec batterie (ex : Beem Battery)<\/th>\n<\/tr>\n<\/thead>\n<tbody>\n<tr>\n<td>Autonom\u00eda energ\u00e9tica<\/td>\n<td>Environ 30 %<\/td>\n<td>Jusqu\u2019\u00e0 70 %<\/td>\n<\/tr>\n<tr>\n<td>\u00c9conomies sur 20 ans<\/td>\n<td>20 000 \u20ac<\/td>\n<td>Pr\u00e8s de 40 000 \u20ac<\/td>\n<\/tr>\n<tr>\n<td>Temps de retour sur investissement<\/td>\n<td>Environ 11 ans<\/td>\n<td>10 ans<\/td>\n<\/tr>\n<\/tbody>\n<\/table><\/figure>\n\n<figure class=\"is-provider-youtube is-type-video wp-block-embed wp-block-embed-youtube wp-embed-aspect-16-9 wp-has-aspect-ratio\"><div class=\"wp-block-embed__wrapper\">\n<iframe title=\"Batteries plug&amp;play #zendure  Hyper . 3000W de puissance 24kWh de capacit\u00e9   #batteries #solaire\" width=\"1200\" height=\"675\" src=\"https:\/\/www.youtube.com\/embed\/zNYUcZbLtNQ?feature=oembed\" frameborder=\"0\" allow=\"accelerometer; autoplay; clipboard-write; encrypted-media; gyroscope; picture-in-picture; web-share\" referrerpolicy=\"strict-origin-when-cross-origin\" allowfullscreen><\/iframe>\n<\/div><\/figure>\n\n<h2 class=\"wp-block-heading\">Perspectives r\u00e9gionales et profil des utilisateurs du stockage solaire<\/h2>\n\n<p>La popularit\u00e9 du stockage solaire d\u00e9passe le simple cadre des r\u00e9gions ensoleill\u00e9es. Les ventes sont r\u00e9parties sur tout le territoire avec une forte implantation notamment :<\/p>\n\n<ul class=\"wp-block-list\"><li>12 % des utilisateurs dans les Pays de la Loire<\/li><li>11 % en Auvergne-Rh\u00f4ne-Alpes<\/li><li>10 % en Nouvelle-Aquitaine et Nord-Pas-de-Calais-Picardie<\/li><li>9 % en Occitanie<\/li><li>8 % en \u00cele-de-France et Bretagne<\/li><li>7 % en Provence-Alpes-C\u00f4te d\u2019Azur et Grand-Est<\/li><li>6 % en Normandie<\/li><\/ul>\n\n<p>Ce ph\u00e9nom\u00e8ne r\u00e9v\u00e8le une prise de conscience nationale, o\u00f9 <strong>l\u2019\u00e9conomie, la gestion \u00e9nerg\u00e9tique et l\u2019autonomie sont au centre des pr\u00e9occupations<\/strong>. Selon Ralph Feghali, CEO de Beem, la client\u00e8le est majoritairement compos\u00e9e de propri\u00e9taires engag\u00e9s, sensibles \u00e0 la domotique et \u00e0 la r\u00e9duction de leur empreinte \u00e9cologique.<\/p>\n\n<figure class=\"wp-block-table\"><table>\n<thead>\n<tr>\n<th>R\u00e9gion<\/th>\n<th>Pourcentage d\u2019utilisateurs<\/th>\n<\/tr>\n<\/thead>\n<tbody>\n<tr>\n<td>Pays de la Loire<\/td>\n<td>12%<\/td>\n<\/tr>\n<tr>\n<td>Auvergne-Rh\u00f4ne-Alpes<\/td>\n<td>11%<\/td>\n<\/tr>\n<tr>\n<td>Nouvelle-Aquitaine<\/td>\n<td>10%<\/td>\n<\/tr>\n<tr>\n<td>Nord-Pas-de-Calais-Picardie<\/td>\n<td>10%<\/td>\n<\/tr>\n<tr>\n<td>Occitanie<\/td>\n<td>9%<\/td>\n<\/tr>\n<tr>\n<td>\u00cele-de-France<\/td>\n<td>8%<\/td>\n<\/tr>\n<tr>\n<td>Bretagne<\/td>\n<td>8%<\/td>\n<\/tr>\n<tr>\n<td>Grand-Est<\/td>\n<td>7%<\/td>\n<\/tr>\n<tr>\n<td>Provence-Alpes-C\u00f4te d\u2019Azur<\/td>\n<td>7%<\/td>\n<\/tr>\n<tr>\n<td>Normandie<\/td>\n<td>6%<\/td>\n<\/tr>\n<\/tbody>\n<\/table><\/figure>\n\n<p>Les installations b\u00e9n\u00e9ficient parfois de dispositifs sp\u00e9cifiques, encore m\u00e9connus : 61 % des Fran\u00e7ais ignorent l\u2019existence d\u2019aides locales et seuls 4,5 % les jugent suffisantes. Cette m\u00e9connaissance ralentit le d\u00e9ploiement du stockage domestique.<\/p>\n\n<figure class=\"is-provider-youtube is-type-video wp-block-embed wp-block-embed-youtube wp-embed-aspect-16-9 wp-has-aspect-ratio\"><div class=\"wp-block-embed__wrapper\">\n<iframe title=\"Batterie solaire pour mes panneaux solaires : est-ce rentable ?\" width=\"1200\" height=\"675\" src=\"https:\/\/www.youtube.com\/embed\/wpOVYTksV8g?feature=oembed\" frameborder=\"0\" allow=\"accelerometer; autoplay; clipboard-write; encrypted-media; gyroscope; picture-in-picture; web-share\" referrerpolicy=\"strict-origin-when-cross-origin\" allowfullscreen><\/iframe>\n<\/div><\/figure>\n\n<h3 class=\"wp-block-heading\">Les principaux freins au d\u00e9veloppement du stockage solaire r\u00e9sidentiel<\/h3>\n\n<ul class=\"wp-block-list\"><li><strong>Manque d\u2019information<\/strong> sur les aides et m\u00e9canismes de soutien.<\/li><li><strong>Co\u00fbt initial \u00e9lev\u00e9<\/strong> des batteries et \u00e9quipements associ\u00e9s.<\/li><li><strong>Complexit\u00e9 technique<\/strong> pour l\u2019installation et l\u2019int\u00e9gration.<\/li><li><strong>Besoin d\u2019accompagnement<\/strong> et d\u2019expertise qualifi\u00e9e pour \u00e9viter les erreurs.<\/li><\/ul>\n\n<p>Des acteurs comme Photowatt, GreenYellow ou Boost Energy \u0153uvrent \u00e0 simplifier les d\u00e9marches pour les particuliers afin d\u2019encourager l\u2019adoption.<\/p>\n\n<figure class=\"wp-block-image size-full\"><img decoding=\"async\" width=\"1344\" height=\"768\" src=\"https:\/\/renouvelable-habitat.fr\/wp-content\/uploads\/2025\/06\/Face-a-la-chute-de-la-revente-delectricite-et-a-la-diminution-des-aides-les-Francais-optent-de-plus-en-plus-pour-le-stockage-solaire-2.jpg\" alt=\"d\u00e9couvrez comment la tendance croissante du stockage solaire s&#039;impose face \u00e0 la chute de la revente d&#039;\u00e9lectricit\u00e9 et la r\u00e9duction des aides, permettant aux fran\u00e7ais de mieux s&#039;adapter aux nouveaux enjeux \u00e9nerg\u00e9tiques.\" class=\"wp-image-2456\" srcset=\"https:\/\/renouvelable-habitat.fr\/wp-content\/uploads\/2025\/06\/Face-a-la-chute-de-la-revente-delectricite-et-a-la-diminution-des-aides-les-Francais-optent-de-plus-en-plus-pour-le-stockage-solaire-2.jpg 1344w, https:\/\/renouvelable-habitat.fr\/wp-content\/uploads\/2025\/06\/Face-a-la-chute-de-la-revente-delectricite-et-a-la-diminution-des-aides-les-Francais-optent-de-plus-en-plus-pour-le-stockage-solaire-2-300x171.jpg 300w, https:\/\/renouvelable-habitat.fr\/wp-content\/uploads\/2025\/06\/Face-a-la-chute-de-la-revente-delectricite-et-a-la-diminution-des-aides-les-Francais-optent-de-plus-en-plus-pour-le-stockage-solaire-2-1024x585.jpg 1024w, https:\/\/renouvelable-habitat.fr\/wp-content\/uploads\/2025\/06\/Face-a-la-chute-de-la-revente-delectricite-et-a-la-diminution-des-aides-les-Francais-optent-de-plus-en-plus-pour-le-stockage-solaire-2-768x439.jpg 768w, https:\/\/renouvelable-habitat.fr\/wp-content\/uploads\/2025\/06\/Face-a-la-chute-de-la-revente-delectricite-et-a-la-diminution-des-aides-les-Francais-optent-de-plus-en-plus-pour-le-stockage-solaire-2-18x10.jpg 18w\" sizes=\"(max-width: 1344px) 100vw, 1344px\" \/><\/figure>\n\n<h2 class=\"wp-block-heading\">FAQ : Stockage solaire domestique et baisse des tarifs de revente<\/h2>\n\n<ol class=\"wp-block-list\"><li><strong>Pourquoi le tarif de rachat du surplus a-t-il chut\u00e9 en 2025 ?<\/strong><br>Le gouvernement a r\u00e9vis\u00e9 les tarifs pour refl\u00e9ter le co\u00fbt r\u00e9el de rachat et encourager l\u2019autoconsommation, r\u00e9duisant ainsi la d\u00e9pendance aux infrastructures r\u00e9seau.<\/li><li><strong>Le stockage solaire est-il rentable malgr\u00e9 le co\u00fbt initial ?<\/strong><br>Oui, notamment gr\u00e2ce aux \u00e9conomies sur la facture d\u2019\u00e9lectricit\u00e9 et au gain d\u2019autonomie, avec un retour sur investissement autour de 10 ans.<\/li><li><strong>Quels sont les principaux avantages du stockage \u00e0 domicile ?<\/strong><br>Optimisation de l\u2019autoconsommation, protection contre les hausses tarifaires, autonomie en cas de coupure et contribution \u00e0 la transition \u00e9nerg\u00e9tique.<\/li><li><strong>Le stockage est-il adapt\u00e9 \u00e0 toutes les r\u00e9gions ?<\/strong><br>Oui, m\u00eame les r\u00e9gions moins ensoleill\u00e9es voient une adoption croissante du stockage gr\u00e2ce aux progr\u00e8s technologiques et \u00e0 la gestion intelligente de l\u2019\u00e9nergie.<\/li><li><strong>Existe-t-il des aides pour financer une batterie solaire ?<\/strong><br>Oui, bien que r\u00e9duites, des aides nationales et locales subsistent, mais leur m\u00e9connaissance limite leur impact.<\/li><\/ol>\n\n<p>Pour approfondir :<\/p>\n\n<ul class=\"wp-block-list\"><li><a href=\"https:\/\/www.lesnumeriques.com\/objet-connecte\/revente-d-electricite-divisee-par-trois-aides-en-baisse-pourquoi-les-francais-se-tournent-massivement-vers-le-stockage-solaire-n237194.html\">Revente d&rsquo;\u00e9lectricit\u00e9 divis\u00e9e par trois, aides en baisse : pourquoi les Fran\u00e7ais se tournent vers le stockage solaire<\/a><\/li><li><a href=\"https:\/\/www.sudouest.fr\/economie\/energie\/electricite-baisse-des-aides-et-des-tarifs-de-revente-la-filiere-photovoltaique-et-les-particuliers-s-inquietent-23295528.php\">\u00c9lectricit\u00e9 : baisse des aides et des tarifs de revente, la fili\u00e8re photovolta\u00efque s&rsquo;inqui\u00e8te<\/a><\/li><li><a href=\"https:\/\/www.enviro2b.com\/2025\/05\/03\/la-revente-delectricite-solaire-devient-un-gouffre-financier-pour-des-milliers-de-foyers-francais-en-2025\/\">La revente d&rsquo;\u00e9lectricit\u00e9 solaire devient un gouffre financier pour des milliers de foyers<\/a><\/li><li><a href=\"https:\/\/www.lavoixdunord.fr\/1569493\/article\/2025-03-27\/photovoltaique-baisse-des-aides-aux-petites-installations-solaires-le-tarif-de\">Photovolta\u00efque : baisse des aides aux petites installations solaires<\/a><\/li><li><a href=\"https:\/\/renouvelable-habitat.fr\/es\/como-reducir-la-factura-de-la-luz-con-paneles-fotovoltaicos\/\">Comment r\u00e9duire sa facture gr\u00e2ce aux panneaux photovolta\u00efques<\/a><\/li><\/ul>","protected":false},"excerpt":{"rendered":"<p>Depuis le 27 mars 2025, les particuliers \u00e9quip\u00e9s de panneaux photovolta\u00efques constatent un bouleversement \u00e9conomique majeur : le tarif de rachat du surplus d\u2019\u00e9lectricit\u00e9 a drastiquement chut\u00e9, passant de 12,7 \u00e0 4 centimes par kWh, soit une baisse de 66 %. Parall\u00e8lement, les aides \u00e0 l\u2019installation subissent la m\u00eame \u00e9rosion. Ce mouvement remet en question &#8230; <a title=\"Face \u00e0 la chute de la revente d&rsquo;\u00e9lectricit\u00e9 et \u00e0 la diminution des aides, les Fran\u00e7ais optent de plus en plus pour le stockage solaire.\" class=\"read-more\" href=\"https:\/\/renouvelable-habitat.fr\/es\/face-a-la-chute-de-la-revente-delectricite-et-a-la-diminution-des-aides-les-francais-optent-de-plus-en-plus-pour-le-stockage-solaire\/\" aria-label=\"Leer m\u00e1s sobre Face \u00e0 la chute de la revente d&rsquo;\u00e9lectricit\u00e9 et \u00e0 la diminution des aides, les Fran\u00e7ais optent de plus en plus pour le stockage solaire.\">Leer m\u00e1s<\/a><\/p>","protected":false},"author":3,"featured_media":2454,"comment_status":"open","ping_status":"open","sticky":false,"template":"","format":"standard","meta":{"_seopress_robots_primary_cat":"","_seopress_titles_title":"Le stockage solaire, la solution face \u00e0 la baisse de la revente d'\u00e9lectricit\u00e9","_seopress_titles_desc":"Face \u00e0 la baisse de la revente d\u2019\u00e9lectricit\u00e9 et des aides, les Fran\u00e7ais se tournent vers le stockage solaire pour optimiser leur autoconsommation.","_seopress_robots_index":"","inline_featured_image":false,"footnotes":""},"categories":[16],"tags":[],"class_list":["post-2457","post","type-post","status-publish","format-standard","has-post-thumbnail","hentry","category-actualite","generate-columns","tablet-grid-50","mobile-grid-100","grid-parent","grid-33"],"_links":{"self":[{"href":"https:\/\/renouvelable-habitat.fr\/es\/wp-json\/wp\/v2\/posts\/2457","targetHints":{"allow":["GET"]}}],"collection":[{"href":"https:\/\/renouvelable-habitat.fr\/es\/wp-json\/wp\/v2\/posts"}],"about":[{"href":"https:\/\/renouvelable-habitat.fr\/es\/wp-json\/wp\/v2\/types\/post"}],"author":[{"embeddable":true,"href":"https:\/\/renouvelable-habitat.fr\/es\/wp-json\/wp\/v2\/users\/3"}],"replies":[{"embeddable":true,"href":"https:\/\/renouvelable-habitat.fr\/es\/wp-json\/wp\/v2\/comments?post=2457"}],"version-history":[{"count":0,"href":"https:\/\/renouvelable-habitat.fr\/es\/wp-json\/wp\/v2\/posts\/2457\/revisions"}],"wp:featuredmedia":[{"embeddable":true,"href":"https:\/\/renouvelable-habitat.fr\/es\/wp-json\/wp\/v2\/media\/2454"}],"wp:attachment":[{"href":"https:\/\/renouvelable-habitat.fr\/es\/wp-json\/wp\/v2\/media?parent=2457"}],"wp:term":[{"taxonomy":"category","embeddable":true,"href":"https:\/\/renouvelable-habitat.fr\/es\/wp-json\/wp\/v2\/categories?post=2457"},{"taxonomy":"post_tag","embeddable":true,"href":"https:\/\/renouvelable-habitat.fr\/es\/wp-json\/wp\/v2\/tags?post=2457"}],"curies":[{"name":"wp","href":"https:\/\/api.w.org\/{rel}","templated":true}]}}