{"id":2650,"date":"2025-06-20T08:02:00","date_gmt":"2025-06-20T07:02:00","guid":{"rendered":"https:\/\/renouvelable-habitat.fr\/un-projet-ambitieux-de-parc-solaire-en-reflexion-dans-une-commune-des-ardennes\/"},"modified":"2025-06-20T08:02:00","modified_gmt":"2025-06-20T07:02:00","slug":"un-projet-ambitieux-de-parc-solaire-en-reflexion-dans-une-commune-des-ardennes","status":"publish","type":"post","link":"https:\/\/renouvelable-habitat.fr\/es\/un-projet-ambitieux-de-parc-solaire-en-reflexion-dans-une-commune-des-ardennes\/","title":{"rendered":"Un projet ambitieux de parc solaire en r\u00e9flexion dans une commune des Ardennes"},"content":{"rendered":"<p>Dans une commune des Ardennes, un projet de parc solaire ambitieux est en phase d\u2019\u00e9tude, illustrant la dynamique de transition \u00e9nerg\u00e9tique qui s\u2019intensifie dans la r\u00e9gion. Ce projet vise \u00e0 exploiter le <strong>Soleil Ardennes<\/strong> pour produire une quantit\u00e9 significative d\u2019\u00e9nergie renouvelable locale. Il s\u2019inscrit dans une volont\u00e9 d\u2019<strong>Energie Verte Ardennes<\/strong> en lien avec les besoins croissants de la population et les engagements environnementaux r\u00e9gionaux. Par son positionnement strat\u00e9gique et ses particularit\u00e9s techniques, ce <strong>Parc Solaire Ardennais<\/strong> pourrait devenir un exemple de <strong>Soleil Durable<\/strong> \u00e0 travers les initiatives associ\u00e9es d\u2019<strong>Innov&rsquo;Environnement<\/strong> y <strong>EcoSolar Ardennes<\/strong>.<\/p>\n\n<p>Le projet fait suite \u00e0 plusieurs \u00e9tapes de consultation et d\u2019\u00e9valuation, int\u00e9grant notamment des \u00e9tudes d\u2019impact environnemental et sociale. Il anticipe des b\u00e9n\u00e9fices multiples, tant en terme de production d\u2019\u00e9lectricit\u00e9 propre sous le <strong>Ciel d&rsquo;\u00c9nergie<\/strong> des Ardennes, qu\u2019en termes d\u2019emplois locaux et d\u2019insertion sociale. Ce d\u00e9veloppement s\u2019inscrit dans la mouvance des projets de <strong>Parc \u00c9nergie Positive<\/strong>, conciliant performance \u00e9nerg\u00e9tique et respect de la biodiversit\u00e9, conform\u00e9ment aux orientations d\u00e9j\u00e0 act\u00e9es dans des initiatives similaires comme celles d\u00e9taill\u00e9es par BayWa r.e \u00e0 Saint-Menges.<\/p>\n\n<h2 class=\"wp-block-heading\">Un projet de parc solaire dans les Ardennes : contexte et ambitions \u00e9nerg\u00e9tiques<\/h2>\n\n<p>L\u2019installation envisag\u00e9e est situ\u00e9e sur une parcelle de 5 hectares dans une commune du nord des Ardennes, offrant une exposition optimale au soleil pour un rendement maximal. Cette localisation privil\u00e9gi\u00e9e capte parfaitement le <strong>Soleil Futur<\/strong> de la r\u00e9gion, permettant de maximiser la production \u00e9lectrique en ad\u00e9quation avec les besoins locaux. S\u2019appuyant sur l\u2019exp\u00e9rience acquise avec des sites photo-volta\u00efques similaires, le projet ambitionne de g\u00e9n\u00e9rer une capacit\u00e9 \u00e9nerg\u00e9tique suffisante pour alimenter plusieurs milliers de foyers.<\/p>\n\n<ul class=\"wp-block-list\"><li><strong>Surface<\/strong> : Environ 5 hectares<\/li><li><strong>Capacit\u00e9 estim\u00e9e<\/strong> : Plusieurs MW cr\u00eate<\/li><li><strong>Production annuelle<\/strong> : 15 000 MWh attendus<\/li><li><strong>Objetivo<\/strong> : R\u00e9pondre \u00e0 la consommation \u00e9lectrique locale dans une logique durable<\/li><\/ul>\n\n<p>Cette initiative rejoint une politique globale port\u00e9e par les acteurs locaux engag\u00e9s dans les transitions \u00e9nerg\u00e9tiques, valorisant le <a href=\"https:\/\/www.baywa-re.fr\/fr\/solaire\/projet-solaire-de-saint-menges\" target=\"_blank\">mod\u00e8le du parc solaire de Saint-Menges<\/a>. Elle t\u00e9moigne \u00e9galement d\u2019une volont\u00e9 de concilier d\u00e9veloppement \u00e9conomique et respect de l&rsquo;environnement, conform\u00e9ment aux recommandations r\u00e9centes sur l\u2019<a href=\"https:\/\/www.banquedesterritoires.fr\/sites\/default\/files\/ra\/Guide%20d%C3%A9valuation%20des%20projets%20de%20parcs%20solaires%20au%20sol.pdf\" target=\"_blank\">\u00e9valuation des projets photovolta\u00efques au sol<\/a>. <\/p>\n\n<figure class=\"wp-block-image size-full\"><img decoding=\"async\" width=\"1344\" height=\"768\" src=\"https:\/\/renouvelable-habitat.fr\/wp-content\/uploads\/2025\/06\/Un-projet-ambitieux-de-parc-solaire-en-reflexion-dans-une-commune-des-Ardennes-1.jpg\" alt=\"d\u00e9couvrez un projet ambitieux de parc solaire en r\u00e9flexion dans une commune des ardennes, visant \u00e0 promouvoir les \u00e9nergies renouvelables et \u00e0 transformer le paysage \u00e9nerg\u00e9tique local. rejoignez-nous dans cette initiative \u00e9cologique qui aspire \u00e0 un avenir durable.\" class=\"wp-image-2649\" srcset=\"https:\/\/renouvelable-habitat.fr\/wp-content\/uploads\/2025\/06\/Un-projet-ambitieux-de-parc-solaire-en-reflexion-dans-une-commune-des-Ardennes-1.jpg 1344w, https:\/\/renouvelable-habitat.fr\/wp-content\/uploads\/2025\/06\/Un-projet-ambitieux-de-parc-solaire-en-reflexion-dans-une-commune-des-Ardennes-1-300x171.jpg 300w, https:\/\/renouvelable-habitat.fr\/wp-content\/uploads\/2025\/06\/Un-projet-ambitieux-de-parc-solaire-en-reflexion-dans-une-commune-des-Ardennes-1-1024x585.jpg 1024w, https:\/\/renouvelable-habitat.fr\/wp-content\/uploads\/2025\/06\/Un-projet-ambitieux-de-parc-solaire-en-reflexion-dans-une-commune-des-Ardennes-1-768x439.jpg 768w, https:\/\/renouvelable-habitat.fr\/wp-content\/uploads\/2025\/06\/Un-projet-ambitieux-de-parc-solaire-en-reflexion-dans-une-commune-des-Ardennes-1-18x10.jpg 18w\" sizes=\"(max-width: 1344px) 100vw, 1344px\" \/><\/figure>\n\n<h3 class=\"wp-block-heading\">Les facteurs cl\u00e9s rendant ce projet exemplaire pour l\u2019\u00e9nergie solaire dans les Ardennes<\/h3>\n\n<p>L\u2019\u00e9tude approfondie de ce <strong>Parc Solaire Ardennais<\/strong> repose sur plusieurs crit\u00e8res fondamentaux, essentiels \u00e0 son acceptabilit\u00e9 et \u00e0 sa r\u00e9ussite :<\/p>\n\n<ul class=\"wp-block-list\"><li><strong>Orientation optimis\u00e9e<\/strong> des panneaux vers le sud pour une performance maximale.<\/li><li><strong>Absence de vis-\u00e0-vis<\/strong>, garantissant une int\u00e9gration paysag\u00e8re ma\u00eetris\u00e9e.<\/li><li><strong>Respect de la biodiversit\u00e9<\/strong> avec mesures compensatoires et suivi environnemental.<\/li><li><strong>Participation locale<\/strong> favoris\u00e9e via des consultations publiques r\u00e9guli\u00e8res.<\/li><li><strong>Insertion sociale<\/strong> par le recours \u00e0 des acteurs engag\u00e9s dans l\u2019emploi local et l\u2019insertion professionnelle.<\/li><\/ul>\n\n<figure class=\"wp-block-table\"><table>\n<thead>\n<tr>\n<th>Criterios<\/th>\n<th>Descripci\u00f3n<\/th>\n<th>Impact attendu<\/th>\n<\/tr>\n<\/thead>\n<tbody>\n<tr>\n<td>Orientation<\/td>\n<td>Sud avec inclinaison adapt\u00e9e<\/td>\n<td>Production \u00e9nerg\u00e9tique optimis\u00e9e<\/td>\n<\/tr>\n<tr>\n<td>Environnement<\/td>\n<td>\u00c9tude d&rsquo;impact et mesures compensatoires<\/td>\n<td>Minimisation des effets sur la biodiversit\u00e9<\/td>\n<\/tr>\n<tr>\n<td>Aceptabilidad social<\/td>\n<td>Consultations et partenariats locaux<\/td>\n<td>Meilleure int\u00e9gration territoriale<\/td>\n<\/tr>\n<\/tbody>\n<\/table><\/figure>\n\n<h2 class=\"wp-block-heading\">Innovations et compl\u00e9mentarit\u00e9s dans le d\u00e9veloppement du Solei Ardennes<\/h2>\n\n<p>Le projet int\u00e8gre des innovations techniques et sociales afin de r\u00e9pondre aux d\u00e9fis actuels de production d\u2019\u00e9nergie renouvelable. Il s\u2019inscrit dans les r\u00e9flexions nationales sur la multifonctionnalit\u00e9 des espaces avec notamment l\u2019<strong>agrivoltaismo<\/strong>, qui combine production agricole et \u00e9nergie solaire. Des r\u00e9gulations r\u00e9centes encadrent strictement ces pratiques pour garantir un usage optimal et respectueux des terres agricoles.<\/p>\n\n<ul class=\"wp-block-list\"><li>Mise en \u0153uvre possible d\u2019installations photovolta\u00efques mobiles adapt\u00e9es.<\/li><li>Respect des normes environnementales pour limiter l\u2019impact sur la faune locale.<\/li><li>Soutien \u00e0 la fili\u00e8re locale et implication d\u2019entreprises comme <a href=\"https:\/\/renouvelable-habitat.fr\/es\/sowash-solutions-le-pionnier-du-nettoyage-solaire-et-ecologique-originaire-de-saubrigues\/\" target=\"_blank\">Sowash Solutions<\/a> pour le nettoyage solaire \u00e9cologique.<\/li><li>Optimisation de l\u2019orientation des panneaux solaires selon <a href=\"https:\/\/renouvelable-habitat.fr\/es\/panneaux-solaires-orientation\/\" target=\"_blank\">les recommandations \u00e0 jour de 2025<\/a>.<\/li><\/ul>\n\n<p>En compl\u00e9ment, ce projet aligne son ambition sur des initiatives exemplaires nationales, dont le reportage r\u00e9cent dans la plus grande centrale solaire citoyenne de France souligne l\u2019importance d\u2019un <strong>Soleil Durable<\/strong> accessible \u00e0 tous les citoyens (<a href=\"https:\/\/www.pv-magazine.fr\/2025\/02\/11\/reportage-dans-la-plus-grande-centrale-solaire-citoyenne-de-france\/\" target=\"_blank\">voir le reportage d\u00e9taill\u00e9<\/a>).<\/p>\n\n<figure class=\"is-provider-youtube is-type-video wp-block-embed wp-block-embed-youtube wp-embed-aspect-16-9 wp-has-aspect-ratio\"><div class=\"wp-block-embed__wrapper\">\n<iframe title=\"Projet citoyen d&#039;\u00e9nergie renouvelable : Parc photovolta\u00efque de Aubais\" width=\"1200\" height=\"675\" src=\"https:\/\/www.youtube.com\/embed\/8qC6iROCzbM?feature=oembed\" frameborder=\"0\" allow=\"accelerometer; autoplay; clipboard-write; encrypted-media; gyroscope; picture-in-picture; web-share\" referrerpolicy=\"strict-origin-when-cross-origin\" allowfullscreen><\/iframe>\n<\/div><\/figure>\n\n<figure class=\"wp-block-table\"><table>\n<thead>\n<tr>\n<th>Innovation<\/th>\n<th>Descripci\u00f3n<\/th>\n<th>Avantage<\/th>\n<\/tr>\n<\/thead>\n<tbody>\n<tr>\n<td>Agrivolta\u00efsme<\/td>\n<td>Combinaison agriculture et production solaire<\/td>\n<td>Optimisation des terres et diversification des revenus<\/td>\n<\/tr>\n<tr>\n<td>Techniques de nettoyage \u00e9cologique<\/td>\n<td>Utilisation de technologies et m\u00e9thodes respectueuses<\/td>\n<td>Entretien durable et efficace des panneaux<\/td>\n<\/tr>\n<tr>\n<td>Orientation optimale<\/td>\n<td>Inclinaison selon les meilleures pratiques 2025<\/td>\n<td>Maximisation du rendement \u00e9nerg\u00e9tique<\/td>\n<\/tr>\n<\/tbody>\n<\/table><\/figure>\n\n<h2 class=\"wp-block-heading\">R\u00e9percussions sur le territoire et perspectives d\u2019avenir pour le parc \u00e9nergie positive<\/h2>\n\n<p>Outre sa vocation \u00e9nerg\u00e9tique, le <strong>Parc Energie Positive<\/strong> envisage un impact socio-\u00e9conomique notable :<\/p>\n\n<ul class=\"wp-block-list\"><li>Cr\u00e9ation d\u2019emplois li\u00e9s \u00e0 la maintenance et \u00e0 la gestion du site.<\/li><li>Valorisation des fili\u00e8res locales et des acteurs r\u00e9gionaux dans le secteur des renouvelables.<\/li><li>Contribution \u00e0 l\u2019objectif r\u00e9gional de r\u00e9duction de l\u2019empreinte carbone.<\/li><li>Renforcement de la notori\u00e9t\u00e9 des Ardennes dans le domaine de l\u2019<strong>Ardennes \u00c9nergie<\/strong> propre et durable.<\/li><\/ul>\n\n<p>Ce positionnement fait \u00e9cho \u00e0 des programmes environnementaux ambitieux d\u00e9j\u00e0 mis en place dans d\u2019autres secteurs des Ardennes, favorisant la cohabitation entre biodiversit\u00e9 et infrastructures \u00e9nerg\u00e9tiques. Par ailleurs, cet \u00e9cosyst\u00e8me dynamique participe activement aux \u00e9changes interterritoriaux, assurant une coh\u00e9rence globale des politiques \u00e9nerg\u00e9tiques r\u00e9gionales. <\/p>\n\n<figure class=\"is-provider-youtube is-type-video wp-block-embed wp-block-embed-youtube wp-embed-aspect-16-9 wp-has-aspect-ratio\"><div class=\"wp-block-embed__wrapper\">\n<iframe title=\"Le 1er parc photovolta\u00efque financ\u00e9, cr\u00e9\u00e9 et g\u00e9r\u00e9 par des citoyens\" width=\"1200\" height=\"675\" src=\"https:\/\/www.youtube.com\/embed\/yrqa_TpWybg?feature=oembed\" frameborder=\"0\" allow=\"accelerometer; autoplay; clipboard-write; encrypted-media; gyroscope; picture-in-picture; web-share\" referrerpolicy=\"strict-origin-when-cross-origin\" allowfullscreen><\/iframe>\n<\/div><\/figure>\n\n<figure class=\"wp-block-table\"><table>\n<thead>\n<tr>\n<th>Impacto<\/th>\n<th>B\u00e9n\u00e9fices attendus<\/th>\n<th>Acteurs concern\u00e9s<\/th>\n<\/tr>\n<\/thead>\n<tbody>\n<tr>\n<td>\u00c9conomique<\/td>\n<td>Cr\u00e9ation d\u2019emplois locaux induits<\/td>\n<td>Entreprises, collectivit\u00e9s<\/td>\n<\/tr>\n<tr>\n<td>Environnemental<\/td>\n<td>R\u00e9duction d\u2019\u00e9missions de CO2<\/td>\n<td>Habitants, associations \u00e9cologiques<\/td>\n<\/tr>\n<tr>\n<td>Social<\/td>\n<td>Insertion professionnelle de groupes en difficult\u00e9<\/td>\n<td>Partenaires sociaux, organismes d\u2019insertion<\/td>\n<\/tr>\n<\/tbody>\n<\/table><\/figure>\n\n<h3 class=\"wp-block-heading\">Initiatives compl\u00e9mentaires pour renforcer le projet solaire des Ardennes<\/h3>\n\n<p>Parmi les actions \u00e0 l\u2019appui, la r\u00e9gion d\u00e9veloppe et encourage l\u2019usage de m\u00e9thodes innovantes en mati\u00e8re d\u2019installation et d\u2019utilisation :<\/p>\n\n<ul class=\"wp-block-list\"><li>Encouragement \u00e0 l\u2019isolation thermique des b\u00e2timents pour r\u00e9duire les consommations de mani\u00e8re prioritaire (<a href=\"https:\/\/renouvelable-habitat.fr\/es\/isolation-quels-travaux-effectuer-en-priorite-pour-un-confort-optimal\/\" target=\"_blank\">lire les conseils en isolation<\/a>).<\/li><li>Soutien \u00e0 l\u2019emploi de panneaux solaires orient\u00e9s selon les conditions optimales locales.<\/li><li>Suivi r\u00e9glementaire des technologies d\u2019agrivolta\u00efsme actualis\u00e9es (<a href=\"https:\/\/renouvelable-habitat.fr\/es\/reglementations-agrivoltaisme-2025\/\" target=\"_blank\">m\u00e1s informaci\u00f3n<\/a>).<\/li><li>Promotion d\u2019approches inclusives telles que l\u2019insertion sociale via des projets d\u2019\u00e9nergie renouvelable (<a href=\"https:\/\/renouvelable-habitat.fr\/es\/inauguration-dun-parc-solaire-promouvant-linsertion-sociale-des-travailleurs-en-situation-de-handicap\/\" target=\"_blank\">exemple r\u00e9cent<\/a>).<\/li><\/ul>\n\n<figure class=\"wp-block-embed is-type-rich is-provider-twitter wp-block-embed-twitter\"><div class=\"wp-block-embed__wrapper\">\n<blockquote class=\"twitter-tweet\" data-width=\"550\" data-dnt=\"true\"><p lang=\"fr\" dir=\"ltr\">D\u00e9couvrez le plus grand parc solaire offshore du monde en Chine ! \ud83c\udf1e\u26a1 Plongez dans l&#39;innovation durable ici : <a href=\"https:\/\/t.co\/MQg3HzeHJV\">https:\/\/t.co\/MQg3HzeHJV<\/a> <a href=\"https:\/\/twitter.com\/hashtag\/%C3%89nergiesRenouvelables?src=hash&amp;ref_src=twsrc%5Etfw\">#\u00c9nergiesRenouvelables<\/a> <a href=\"https:\/\/twitter.com\/hashtag\/Innovation?src=hash&amp;ref_src=twsrc%5Etfw\">#Innovation<\/a><\/p>&mdash; Innovant.fr (@innovantfr) <a href=\"https:\/\/twitter.com\/innovantfr\/status\/1860564241205387585?ref_src=twsrc%5Etfw\">November 24, 2024<\/a><\/blockquote><script async src=\"https:\/\/platform.twitter.com\/widgets.js\" charset=\"utf-8\"><\/script>\n<\/div><\/figure>\n\n<h2 class=\"wp-block-heading\">FAQ sur le projet de parc solaire dans les Ardennes<\/h2>\n\n<ol class=\"wp-block-list\"><li><strong>Quelle est la capacit\u00e9 \u00e9nerg\u00e9tique pr\u00e9vue pour ce parc solaire ?<\/strong><br>Le projet vise une production d\u2019environ <strong>15 000 MWh par an<\/strong>, suffisante pour alimenter plusieurs milliers de foyers ardennais.<\/li><li><strong>Comment le projet respecte-t-il la biodiversit\u00e9 locale ?<\/strong><br>Une \u00e9tude d\u2019impact rigoureuse accompagne le projet avec des mesures sp\u00e9cifiques pour minimiser et compenser son impact sur les habitats naturels.<\/li><li><strong>Quelles sont les innovations int\u00e9gr\u00e9es au parc solaire ?<\/strong><br>Il combine agrivolta\u00efsme, optimisation de l\u2019orientation des panneaux et nettoyage \u00e9cologique pour maximiser le rendement tout en respectant l\u2019environnement.<\/li><li><strong>Quels b\u00e9n\u00e9fices socio-\u00e9conomiques sont attendus ?<\/strong><br>En plus de la production d\u2019\u00e9nergie verte, le projet favorise l\u2019emploi local et l\u2019insertion sociale, renfor\u00e7ant l\u2019\u00e9conomie territoriale.<\/li><li><strong>Ce projet s\u2019inscrit-il dans une dynamique r\u00e9gionale plus large ?<\/strong><br>Oui, il correspond aux objectifs r\u00e9gionaux de transition \u00e9nerg\u00e9tique, en coh\u00e9rence avec d\u2019autres initiatives telles que le parc solaire de Saint-Menges.<\/li><\/ol>","protected":false},"excerpt":{"rendered":"<p>Dans une commune des Ardennes, un projet de parc solaire ambitieux est en phase d\u2019\u00e9tude, illustrant la dynamique de transition \u00e9nerg\u00e9tique qui s\u2019intensifie dans la r\u00e9gion. Ce projet vise \u00e0 exploiter le Soleil Ardennes pour produire une quantit\u00e9 significative d\u2019\u00e9nergie renouvelable locale. Il s\u2019inscrit dans une volont\u00e9 d\u2019Energie Verte Ardennes en lien avec les besoins &#8230; <a title=\"Un projet ambitieux de parc solaire en r\u00e9flexion dans une commune des Ardennes\" class=\"read-more\" href=\"https:\/\/renouvelable-habitat.fr\/es\/un-projet-ambitieux-de-parc-solaire-en-reflexion-dans-une-commune-des-ardennes\/\" aria-label=\"Leer m\u00e1s sobre Un projet ambitieux de parc solaire en r\u00e9flexion dans une commune des Ardennes\">Leer m\u00e1s<\/a><\/p>","protected":false},"author":3,"featured_media":2648,"comment_status":"open","ping_status":"open","sticky":false,"template":"","format":"standard","meta":{"_seopress_robots_primary_cat":"","_seopress_titles_title":"Un parc solaire innovant en pleine r\u00e9flexion dans les Ardennes","_seopress_titles_desc":"D\u00e9couvrez le projet ambitieux de parc solaire envisag\u00e9 dans une commune des Ardennes, pour une transition \u00e9nerg\u00e9tique locale et durable.","_seopress_robots_index":"","inline_featured_image":false,"footnotes":""},"categories":[16],"tags":[],"class_list":["post-2650","post","type-post","status-publish","format-standard","has-post-thumbnail","hentry","category-actualite","generate-columns","tablet-grid-50","mobile-grid-100","grid-parent","grid-33"],"_links":{"self":[{"href":"https:\/\/renouvelable-habitat.fr\/es\/wp-json\/wp\/v2\/posts\/2650","targetHints":{"allow":["GET"]}}],"collection":[{"href":"https:\/\/renouvelable-habitat.fr\/es\/wp-json\/wp\/v2\/posts"}],"about":[{"href":"https:\/\/renouvelable-habitat.fr\/es\/wp-json\/wp\/v2\/types\/post"}],"author":[{"embeddable":true,"href":"https:\/\/renouvelable-habitat.fr\/es\/wp-json\/wp\/v2\/users\/3"}],"replies":[{"embeddable":true,"href":"https:\/\/renouvelable-habitat.fr\/es\/wp-json\/wp\/v2\/comments?post=2650"}],"version-history":[{"count":0,"href":"https:\/\/renouvelable-habitat.fr\/es\/wp-json\/wp\/v2\/posts\/2650\/revisions"}],"wp:featuredmedia":[{"embeddable":true,"href":"https:\/\/renouvelable-habitat.fr\/es\/wp-json\/wp\/v2\/media\/2648"}],"wp:attachment":[{"href":"https:\/\/renouvelable-habitat.fr\/es\/wp-json\/wp\/v2\/media?parent=2650"}],"wp:term":[{"taxonomy":"category","embeddable":true,"href":"https:\/\/renouvelable-habitat.fr\/es\/wp-json\/wp\/v2\/categories?post=2650"},{"taxonomy":"post_tag","embeddable":true,"href":"https:\/\/renouvelable-habitat.fr\/es\/wp-json\/wp\/v2\/tags?post=2650"}],"curies":[{"name":"wp","href":"https:\/\/api.w.org\/{rel}","templated":true}]}}