{"id":3120,"date":"2025-09-29T08:02:51","date_gmt":"2025-09-29T07:02:51","guid":{"rendered":"https:\/\/renouvelable-habitat.fr\/defi-solaire-2025-a-angers-les-etudiants-relevent-le-challenge-avec-brio\/"},"modified":"2025-09-29T08:02:51","modified_gmt":"2025-09-29T07:02:51","slug":"defi-solaire-2025-a-angers-les-etudiants-relevent-le-challenge-avec-brio","status":"publish","type":"post","link":"https:\/\/renouvelable-habitat.fr\/es\/defi-solaire-2025-a-angers-les-etudiants-relevent-le-challenge-avec-brio\/","title":{"rendered":"D\u00e9fi Solaire 2025 \u00e0 Angers : Les \u00c9tudiants Rel\u00e8vent le Challenge avec Brio"},"content":{"rendered":"<p>Le D\u00e9fi Solaire 2025 \u00e0 Angers a mis en lumi\u00e8re l\u2019expertise et l\u2019engagement des \u00e9tudiants du d\u00e9partement G\u00e9nie M\u00e9canique et Productique (GMP) de l\u2019IUT Angers-Cholet. Apr\u00e8s une \u00e9dition 2024 annul\u00e9e \u00e0 cause de conditions climatiques d\u00e9favorables, cette ann\u00e9e, ils ont fait un retour \u00e9clatant en surmontant les d\u00e9fis du circuit de la Baumette. Leur v\u00e9hicule solaire, fruit d\u2019un travail rigoureux et innovant, a franchi la barre des 100 km en quatre heures, battant un record historique et illustrant les avanc\u00e9es concr\u00e8tes en mati\u00e8re d\u2019\u00e9nergie renouvelable et de mobilit\u00e9 durable.<\/p>\n\n<ul class=\"wp-block-list\"><li>Pr\u00e9sentation de l\u2019\u00e9dition 2025 du D\u00e9fi Solaire \u00e0 Angers<\/li><li>Performance technique et r\u00e9sultats du v\u00e9hicule solaire<\/li><li>Aspects p\u00e9dagogiques et implication des \u00e9tudiants<\/li><li>Partenariats et innovations dans le secteur solaire<\/li><li>Perspectives et enjeux futurs pour la mobilit\u00e9 solaire<\/li><\/ul>\n\n<h2 class=\"wp-block-heading\">Pr\u00e9sentation compl\u00e8te du D\u00e9fi Solaire 2025 \u00e0 Angers : un projet d\u2019excellence en mobilit\u00e9 solaire<\/h2>\n\n<p>Organis\u00e9 par l\u2019IUT Angers-Cholet, le <strong>Angers Solar Challenge 2025<\/strong> incarne une comp\u00e9tition o\u00f9 comp\u00e9tence technique et \u00e9nergie propre se conjuguent. Sur le circuit de la Baumette, les \u00e9tudiants du d\u00e9partement GMP ont con\u00e7u et pilot\u00e9 un v\u00e9hicule int\u00e9gralement solaire pour parcourir 100 kilom\u00e8tres en quatre heures, d\u00e9fi qu\u2019ils ont largement relev\u00e9 gr\u00e2ce \u00e0 une parfaite ma\u00eetrise des contraintes \u00e9nerg\u00e9tiques et m\u00e9caniques.<\/p>\n\n<ul class=\"wp-block-list\"><li>Lieu : Circuit de la Baumette, Angers (Maine-et-Loire)<\/li><li>Dur\u00e9e : 4 heures de course continue<\/li><li>Distance cible : 100 km<\/li><li>\u00c9nergie : 100% solaire<\/li><li>\u00c9dition 2024 annul\u00e9e, retour fort en 2025<\/li><\/ul>\n\n<figure class=\"wp-block-table\"><table>\n<thead>\n<tr>\n<th>\u00c9l\u00e9ment<\/th>\n<th>Description<\/th>\n<\/tr>\n<\/thead>\n<tbody>\n<tr>\n<td>Organisateur<\/td>\n<td>IUT Angers-Cholet, D\u00e9partement G\u00e9nie M\u00e9canique et Productique<\/td>\n<\/tr>\n<tr>\n<td>Type de v\u00e9hicule<\/td>\n<td>Voiture \u00e9lectrique solaire prototype<\/td>\n<\/tr>\n<tr>\n<td>\u00c9nergie utilis\u00e9e<\/td>\n<td>Exclusivement solaire photovolta\u00efque<\/td>\n<\/tr>\n<tr>\n<td>Objectif technique<\/td>\n<td>Maintenir la vitesse \u00e9lev\u00e9e sur 4h en autonomie solaire<\/td>\n<\/tr>\n<\/tbody>\n<\/table><\/figure>\n\n<figure class=\"wp-block-image size-full\"><img decoding=\"async\" width=\"1344\" height=\"768\" src=\"https:\/\/renouvelable-habitat.fr\/wp-content\/uploads\/2025\/09\/Defi-Solaire-2025-a-Angers-Les-Etudiants-Relevent-le-Challenge-avec-Brio-1.jpg\" alt=\"participez au d\u00e9fi solaire 2025 \u00e0 angers ! d\u00e9couvrez comment les \u00e9tudiants innovent et repoussent les limites des technologies solaires lors de ce challenge captivant. suivez leur aventure et leurs exploits ing\u00e9nieux au c\u0153ur d\u2019un \u00e9v\u00e9nement unique en \u00e9nergie renouvelable.\" class=\"wp-image-3118\" srcset=\"https:\/\/renouvelable-habitat.fr\/wp-content\/uploads\/2025\/09\/Defi-Solaire-2025-a-Angers-Les-Etudiants-Relevent-le-Challenge-avec-Brio-1.jpg 1344w, https:\/\/renouvelable-habitat.fr\/wp-content\/uploads\/2025\/09\/Defi-Solaire-2025-a-Angers-Les-Etudiants-Relevent-le-Challenge-avec-Brio-1-300x171.jpg 300w, https:\/\/renouvelable-habitat.fr\/wp-content\/uploads\/2025\/09\/Defi-Solaire-2025-a-Angers-Les-Etudiants-Relevent-le-Challenge-avec-Brio-1-1024x585.jpg 1024w, https:\/\/renouvelable-habitat.fr\/wp-content\/uploads\/2025\/09\/Defi-Solaire-2025-a-Angers-Les-Etudiants-Relevent-le-Challenge-avec-Brio-1-768x439.jpg 768w, https:\/\/renouvelable-habitat.fr\/wp-content\/uploads\/2025\/09\/Defi-Solaire-2025-a-Angers-Les-Etudiants-Relevent-le-Challenge-avec-Brio-1-18x10.jpg 18w\" sizes=\"(max-width: 1344px) 100vw, 1344px\" \/><\/figure>\n\n<h3 class=\"wp-block-heading\">R\u00e9ussite technique et performances remarquables du v\u00e9hicule solaire<\/h3>\n\n<p>Le d\u00e9fi technique majeur de cette comp\u00e9tition repose sur la capacit\u00e9 \u00e0 allier l\u00e9g\u00e8ret\u00e9, fiabilit\u00e9 et efficacit\u00e9 \u00e9nerg\u00e9tique. En 2025, le prototype a r\u00e9alis\u00e9 <strong>263 tours du circuit<\/strong>, ce qui correspond \u00e0 une distance totale de <strong>105,2 km<\/strong>. Ce r\u00e9sultat d\u00e9passe de plus de 4 km le record pr\u00e9c\u00e9dent \u00e9tabli en 2023, soulignant les progr\u00e8s constants du projet.<\/p>\n\n<ul class=\"wp-block-list\"><li>Vitesse moyenne maintenue : plus de <strong>26,3 km\/h<\/strong><\/li><li>Production \u00e9nerg\u00e9tique : plus de <strong>1,5 kWh<\/strong> exclusivement par \u00e9nergie solaire<\/li><li>D\u00e9monstration de fiabilit\u00e9 m\u00e9canique et \u00e9lectrique sur 4 heures<\/li><li>Optimisation de la captation solaire via panneaux fournis en partie par des partenaires comme <strong>SunPower France<\/strong> et <strong>SolarEco<\/strong><\/li><\/ul>\n\n<figure class=\"wp-block-table\"><table>\n<thead>\n<tr>\n<th>Param\u00e8tre<\/th>\n<th>Valeur 2025<\/th>\n<th>Record pr\u00e9c\u00e9dent 2023<\/th>\n<\/tr>\n<\/thead>\n<tbody>\n<tr>\n<td>Nombre de tours<\/td>\n<td>263<\/td>\n<td>258<\/td>\n<\/tr>\n<tr>\n<td>Distance parcourue (km)<\/td>\n<td>105,2<\/td>\n<td>101<\/td>\n<\/tr>\n<tr>\n<td>Vitesse moyenne (km\/h)<\/td>\n<td>26,3+<\/td>\n<td>~25,3<\/td>\n<\/tr>\n<tr>\n<td>\u00c9nergie produite (kWh)<\/td>\n<td>1,5+<\/td>\n<td>\u22481,3<\/td>\n<\/tr>\n<\/tbody>\n<\/table><\/figure>\n\n<p>Cette prouesse a \u00e9t\u00e9 possible gr\u00e2ce \u00e0 l\u2019appui technique d\u2019industriels et acteurs cl\u00e9s du secteur, notamment <strong>EDF<\/strong>, <strong>TotalEnergies<\/strong>, <strong>SMA France<\/strong>, mais aussi des entit\u00e9s innovantes telles que <strong>NeoSol<\/strong> et <strong>Universolar<\/strong>, formant un r\u00e9seau collaboratif au service de la transition \u00e9nerg\u00e9tique.<\/p>\n\n<figure class=\"is-provider-youtube is-type-video wp-block-embed wp-block-embed-youtube wp-embed-aspect-16-9 wp-has-aspect-ratio\"><div class=\"wp-block-embed__wrapper\">\n<iframe title=\"HELLO ALICE SPRINGS! \u2600\ufe0f DAY 3 | BRIDGESTONE WORLD SOLAR CHALLENGE 2025\" width=\"1200\" height=\"675\" src=\"https:\/\/www.youtube.com\/embed\/JYymPxt-1dM?feature=oembed\" frameborder=\"0\" allow=\"accelerometer; autoplay; clipboard-write; encrypted-media; gyroscope; picture-in-picture; web-share\" referrerpolicy=\"strict-origin-when-cross-origin\" allowfullscreen><\/iframe>\n<\/div><\/figure>\n\n<h2 class=\"wp-block-heading\">Un projet p\u00e9dagogique au c\u0153ur de la formation en g\u00e9nie m\u00e9canique<\/h2>\n\n<p>Au-del\u00e0 de la comp\u00e9tition, le D\u00e9fi Solaire s\u2019affirme comme une plateforme p\u00e9dagogique majeure. Il permet aux \u00e9tudiants de se confronter \u00e0 des d\u00e9fis industriels r\u00e9els et d\u2019appr\u00e9hender les multiples facettes de la mobilit\u00e9 douce et de l\u2019\u00e9co-conception. Les savoir-faire en m\u00e9canique, \u00e9lectronique et gestion de l\u2019\u00e9nergie sont mis en pratique dans un contexte concret.<\/p>\n\n<ul class=\"wp-block-list\"><li>Travail en \u00e9quipe pluridisciplinaire<\/li><li>Int\u00e9gration des enjeux environnementaux r\u00e9cents<\/li><li>D\u00e9veloppement des comp\u00e9tences en innovation technologique<\/li><li>Collaboration avec des mentors et experts des partenaires industriels<\/li><\/ul>\n\n<figure class=\"wp-block-table\"><table>\n<thead>\n<tr>\n<th>Aspect p\u00e9dagogique<\/th>\n<th>B\u00e9n\u00e9fices pour les \u00e9tudiants<\/th>\n<\/tr>\n<\/thead>\n<tbody>\n<tr>\n<td>Projet concret<\/td>\n<td>Exp\u00e9rience pratique en conception et pilotage de v\u00e9hicule solaire<\/td>\n<\/tr>\n<tr>\n<td>Travail d\u2019\u00e9quipe<\/td>\n<td>D\u00e9veloppement de comp\u00e9tences collaboratives et organisationnelles<\/td>\n<\/tr>\n<tr>\n<td>Enjeux \u00e9cologiques<\/td>\n<td>Compr\u00e9hension accrue des \u00e9nergies renouvelables et mobilit\u00e9 durable<\/td>\n<\/tr>\n<tr>\n<td>Partenariats industriels<\/td>\n<td>Contact direct avec les entreprises et valorisation du projet<\/td>\n<\/tr>\n<\/tbody>\n<\/table><\/figure>\n\n<p>L\u2019implication des \u00e9tudiants et des enseignants a \u00e9t\u00e9 la cl\u00e9 du succ\u00e8s. Au fil des ann\u00e9es, l\u2019Universit\u00e9 de Angers a su f\u00e9d\u00e9rer autour du projet des acteurs r\u00e9gionaux majeurs, comme <strong>Angers Technocampus<\/strong> ou la <strong>La Rochelle Solar Team<\/strong>, contribuant \u00e0 l\u2019essor de ces innovations.<\/p>\n\n<figure class=\"wp-block-image size-full\"><img decoding=\"async\" width=\"1344\" height=\"768\" src=\"https:\/\/renouvelable-habitat.fr\/wp-content\/uploads\/2025\/09\/Defi-Solaire-2025-a-Angers-Les-Etudiants-Relevent-le-Challenge-avec-Brio-2.jpg\" alt=\"participez au d\u00e9fi solaire 2025 \u00e0 angers et d\u00e9couvrez comment les \u00e9tudiants rivalisent d&#039;ing\u00e9niosit\u00e9 pour concevoir des v\u00e9hicules \u00e9cologiques propuls\u00e9s par l&#039;\u00e9nergie solaire. une comp\u00e9tition innovante et inspirante !\" class=\"wp-image-3119\" srcset=\"https:\/\/renouvelable-habitat.fr\/wp-content\/uploads\/2025\/09\/Defi-Solaire-2025-a-Angers-Les-Etudiants-Relevent-le-Challenge-avec-Brio-2.jpg 1344w, https:\/\/renouvelable-habitat.fr\/wp-content\/uploads\/2025\/09\/Defi-Solaire-2025-a-Angers-Les-Etudiants-Relevent-le-Challenge-avec-Brio-2-300x171.jpg 300w, https:\/\/renouvelable-habitat.fr\/wp-content\/uploads\/2025\/09\/Defi-Solaire-2025-a-Angers-Les-Etudiants-Relevent-le-Challenge-avec-Brio-2-1024x585.jpg 1024w, https:\/\/renouvelable-habitat.fr\/wp-content\/uploads\/2025\/09\/Defi-Solaire-2025-a-Angers-Les-Etudiants-Relevent-le-Challenge-avec-Brio-2-768x439.jpg 768w, https:\/\/renouvelable-habitat.fr\/wp-content\/uploads\/2025\/09\/Defi-Solaire-2025-a-Angers-Les-Etudiants-Relevent-le-Challenge-avec-Brio-2-18x10.jpg 18w\" sizes=\"(max-width: 1344px) 100vw, 1344px\" \/><\/figure>\n\n<h3 class=\"wp-block-heading\">Partenariats strat\u00e9giques et innovations apport\u00e9es au d\u00e9fi<\/h3>\n\n<p>Le caract\u00e8re novateur de cette comp\u00e9tition est accentu\u00e9 par l&rsquo;intervention d\u2019acteurs majeurs du secteur solaire et \u00e9nerg\u00e9tique. Ces collaborations favorisent un \u00e9change de comp\u00e9tences et des retours d\u2019exp\u00e9rience pr\u00e9cieux.<\/p>\n\n<ul class=\"wp-block-list\"><li><strong>EDF<\/strong> et <strong>TotalEnergies<\/strong> soutiennent la logistique \u00e9nerg\u00e9tique et la recherche appliqu\u00e9e<\/li><li><strong>SMA France<\/strong> apporte son expertise en onduleurs photovolta\u00efques<\/li><li><strong>SolarMobil<\/strong> et <strong>Universolar<\/strong> participent \u00e0 l\u2019innovation des syst\u00e8mes embarqu\u00e9s<\/li><li><strong>NeoSol<\/strong>, acteur cl\u00e9 dans les mat\u00e9riaux solaires, optimise l\u2019efficacit\u00e9 \u00e9nerg\u00e9tique<\/li><\/ul>\n\n<figure class=\"wp-block-table\"><table>\n<thead>\n<tr>\n<th>Partenaire<\/th>\n<th>R\u00f4le et contribution<\/th>\n<\/tr>\n<\/thead>\n<tbody>\n<tr>\n<td>EDF<\/td>\n<td>Financement et expertise en \u00e9nergie renouvelable<\/td>\n<\/tr>\n<tr>\n<td>TotalEnergies<\/td>\n<td>Soutien technologique et ressources \u00e9nerg\u00e9tiques<\/td>\n<\/tr>\n<tr>\n<td>SMA France<\/td>\n<td>Fourniture d\u2019\u00e9quipements photovolta\u00efques<\/td>\n<\/tr>\n<tr>\n<td>SolarMobil<\/td>\n<td>D\u00e9veloppement de solutions mobiles \u00e0 \u00e9nergie solaire<\/td>\n<\/tr>\n<\/tbody>\n<\/table><\/figure>\n\n<figure class=\"is-provider-youtube is-type-video wp-block-embed wp-block-embed-youtube wp-embed-aspect-16-9 wp-has-aspect-ratio\"><div class=\"wp-block-embed__wrapper\">\n<iframe title=\"Solari Mobility - Team Building 2025\" width=\"1200\" height=\"675\" src=\"https:\/\/www.youtube.com\/embed\/JEBpNyOznBM?feature=oembed\" frameborder=\"0\" allow=\"accelerometer; autoplay; clipboard-write; encrypted-media; gyroscope; picture-in-picture; web-share\" referrerpolicy=\"strict-origin-when-cross-origin\" allowfullscreen><\/iframe>\n<\/div><\/figure>\n\n<h2 class=\"wp-block-heading\">L\u2019avenir de la mobilit\u00e9 solaire : enseignements et perspectives du D\u00e9fi Solaire<\/h2>\n\n<p>Le succ\u00e8s de ce d\u00e9fi souligne les progr\u00e8s r\u00e9alis\u00e9s dans la fili\u00e8re solaire et son potentiel croissant face aux enjeux climatiques et \u00e9nerg\u00e9tiques. Ces innovations ouvrent la voie \u00e0 des applications pratiques de la mobilit\u00e9 propre au-del\u00e0 du cadre universitaire, en lien avec les aspirations globales pour une \u00e9nergie d\u00e9carbon\u00e9e.<\/p>\n\n<ul class=\"wp-block-list\"><li>Valorisation des v\u00e9hicules \u00e0 \u00e9nergie solaire dans le transport urbain et rural<\/li><li>Int\u00e9gration des solutions solaires dans des contextes industriels et domestiques (voir projets li\u00e9s comme <a href=\"https:\/\/renouvelable-habitat.fr\/lancement-de-la-phase-2b-du-projet-solaire-domestique-a-chamouny\/\">le projet solaire domestique \u00e0 Chamouny<\/a>)<\/li><li>Collaboration avec des \u00e9quipes telles que <strong>La Rochelle Solar Team<\/strong> pour des comp\u00e9titions nationales et internationales<\/li><li>Consolidation des synergies entre acteurs acad\u00e9miques et industriels comme <a href=\"https:\/\/renouvelable-habitat.fr\/le-sommet-solaire-de-bordeaux-2025-commence-des-demain-matin\/\">le sommet solaire de Bordeaux 2025<\/a><\/li><\/ul>\n\n<figure class=\"wp-block-table\"><table>\n<thead>\n<tr>\n<th>Enjeux<\/th>\n<th>Applications potentielles<\/th>\n<th>Collaborations cl\u00e9s<\/th>\n<\/tr>\n<\/thead>\n<tbody>\n<tr>\n<td>Mobilit\u00e9 durable<\/td>\n<td>V\u00e9hicules \u00e9lectriques solaires urbains<\/td>\n<td>Angers Technocampus, SolarEco<\/td>\n<\/tr>\n<tr>\n<td>\u00c9nergies renouvelables<\/td>\n<td>Projets photovolta\u00efques domestiques et industriels<\/td>\n<td>EDF, NeoSol<\/td>\n<\/tr>\n<tr>\n<td>Innovation technologique<\/td>\n<td>Am\u00e9lioration de la captation et gestion de l\u2019\u00e9nergie<\/td>\n<td>SunPower France, SMA France<\/td>\n<\/tr>\n<\/tbody>\n<\/table><\/figure>\n\n<p>Le D\u00e9fi Solaire 2025 \u00e0 Angers illustre comment la formation, la recherche et la collaboration entre acteurs priv\u00e9s et publics peuvent impulser une transition \u00e9nerg\u00e9tique cr\u00e9dible. Pour suivre le projet et d\u00e9couvrir les prochaines \u00e9tapes, visitez le site officiel du <a href=\"https:\/\/angers-solarchallenge.fr\/\">Angers Solar Challenge<\/a> et la page d\u00e9di\u00e9e \u00e0 l\u2019\u00e9dition 2025 <a href=\"https:\/\/angers-solarchallenge.fr\/edition-2025\/\">Angers Solar Challenge 2025<\/a>.<\/p>\n\n<figure class=\"is-provider-youtube is-type-video wp-block-embed wp-block-embed-youtube wp-embed-aspect-16-9 wp-has-aspect-ratio\"><div class=\"wp-block-embed__wrapper\">\n<iframe title=\"Best wishes for 2025 : 5 challenges for the upcoming year\" width=\"1200\" height=\"675\" src=\"https:\/\/www.youtube.com\/embed\/v537Fq5Mbas?feature=oembed\" frameborder=\"0\" allow=\"accelerometer; autoplay; clipboard-write; encrypted-media; gyroscope; picture-in-picture; web-share\" referrerpolicy=\"strict-origin-when-cross-origin\" allowfullscreen><\/iframe>\n<\/div><\/figure>\n\n<script type=\"application\/ld+json\">\n{\"@context\":\"https:\/\/schema.org\",\"@type\":\"FAQPage\",\"mainEntity\":[{\"@type\":\"Question\",\"name\":\"Quel est lu2019objectif principal du Angers Solar Challenge ?\",\"acceptedAnswer\":{\"@type\":\"Answer\",\"text\":\"Le challenge vise u00e0 concevoir et piloter un vu00e9hicule propulsu00e9 exclusivement par lu2019u00e9nergie solaire afin de parcourir 100 kilomu00e8tres en quatre heures, combinant performance et innovation durable.\"}},{\"@type\":\"Question\",\"name\":\"Quels partenaires soutiennent le projet ?\",\"acceptedAnswer\":{\"@type\":\"Answer\",\"text\":\"Des acteurs clu00e9s tels quu2019EDF, TotalEnergies, SMA France, SolarMobil, et NeoSol accompagnent techniquement et financiu00e8rement le projet.\"}},{\"@type\":\"Question\",\"name\":\"En quoi le du00e9fi est-il une opportunitu00e9 pu00e9dagogique ?\",\"acceptedAnswer\":{\"@type\":\"Answer\",\"text\":\"Il permet aux u00e9tudiants du2019appliquer leurs connaissances dans un contexte concret, renforu00e7ant compu00e9tences techniques, travail en u00e9quipe et conscience u00e9cologique.\"}},{\"@type\":\"Question\",\"name\":\"Quelles avancu00e9es technologiques ont u00e9tu00e9 remarquu00e9es en 2025 ?\",\"acceptedAnswer\":{\"@type\":\"Answer\",\"text\":\"Le vu00e9hicule a amu00e9lioru00e9 son autonomie et son efficacitu00e9 u00e9nergu00e9tique, atteignant une vitesse moyenne de plus de 26,3 km\/h et battant le record de distance parcourue.\"}},{\"@type\":\"Question\",\"name\":\"Ou00f9 suivre les futures u00e9ditions du challenge ?\",\"acceptedAnswer\":{\"@type\":\"Answer\",\"text\":\"Le site officiel https:\/\/angers-solarchallenge.fr\/ et les ru00e9seaux sociaux de lu2019Universitu00e9 du2019Angers apportent des mises u00e0 jour ru00e9guliu00e8res sur les ru00e9alisations et u00e9vu00e9nements.\"}}]}\n<\/script>\n<h3>Quel est l\u2019objectif principal du Angers Solar Challenge ?<\/h3>\n<p>Le challenge vise \u00e0 concevoir et piloter un v\u00e9hicule propuls\u00e9 exclusivement par l\u2019\u00e9nergie solaire afin de parcourir 100 kilom\u00e8tres en quatre heures, combinant performance et innovation durable.<\/p>\n<h3>Quels partenaires soutiennent le projet ?<\/h3>\n<p>Des acteurs cl\u00e9s tels qu\u2019EDF, TotalEnergies, SMA France, SolarMobil, et NeoSol accompagnent techniquement et financi\u00e8rement le projet.<\/p>\n<h3>En quoi le d\u00e9fi est-il une opportunit\u00e9 p\u00e9dagogique ?<\/h3>\n<p>Il permet aux \u00e9tudiants d\u2019appliquer leurs connaissances dans un contexte concret, renfor\u00e7ant comp\u00e9tences techniques, travail en \u00e9quipe et conscience \u00e9cologique.<\/p>\n<h3>Quelles avanc\u00e9es technologiques ont \u00e9t\u00e9 remarqu\u00e9es en 2025 ?<\/h3>\n<p>Le v\u00e9hicule a am\u00e9lior\u00e9 son autonomie et son efficacit\u00e9 \u00e9nerg\u00e9tique, atteignant une vitesse moyenne de plus de 26,3 km\/h et battant le record de distance parcourue.<\/p>\n<h3>O\u00f9 suivre les futures \u00e9ditions du challenge ?<\/h3>\n<p>Le site officiel https:\/\/angers-solarchallenge.fr\/ et les r\u00e9seaux sociaux de l\u2019Universit\u00e9 d\u2019Angers apportent des mises \u00e0 jour r\u00e9guli\u00e8res sur les r\u00e9alisations et \u00e9v\u00e9nements.<\/p>\n\n","protected":false},"excerpt":{"rendered":"<p>Le D\u00e9fi Solaire 2025 \u00e0 Angers a mis en lumi\u00e8re l\u2019expertise et l\u2019engagement des \u00e9tudiants du d\u00e9partement G\u00e9nie M\u00e9canique et Productique (GMP) de l\u2019IUT Angers-Cholet. Apr\u00e8s une \u00e9dition 2024 annul\u00e9e \u00e0 cause de conditions climatiques d\u00e9favorables, cette ann\u00e9e, ils ont fait un retour \u00e9clatant en surmontant les d\u00e9fis du circuit de la Baumette. Leur v\u00e9hicule &#8230; <a title=\"D\u00e9fi Solaire 2025 \u00e0 Angers : Les \u00c9tudiants Rel\u00e8vent le Challenge avec Brio\" class=\"read-more\" href=\"https:\/\/renouvelable-habitat.fr\/es\/defi-solaire-2025-a-angers-les-etudiants-relevent-le-challenge-avec-brio\/\" aria-label=\"Leer m\u00e1s sobre D\u00e9fi Solaire 2025 \u00e0 Angers : Les \u00c9tudiants Rel\u00e8vent le Challenge avec Brio\">Leer m\u00e1s<\/a><\/p>","protected":false},"author":3,"featured_media":3117,"comment_status":"open","ping_status":"open","sticky":false,"template":"","format":"standard","meta":{"_seopress_robots_primary_cat":"","_seopress_titles_title":"D\u00e9fi Solaire 2025 : Les \u00e9tudiants \u00e9lectrisent Angers","_seopress_titles_desc":"Participez au D\u00e9fi Solaire 2025 \u00e0 Angers : des \u00e9tudiants innovants rel\u00e8vent le challenge autour de l'\u00e9nergie solaire ! \u00c0 ne pas manquer.","_seopress_robots_index":"","inline_featured_image":false,"footnotes":""},"categories":[16],"tags":[],"class_list":["post-3120","post","type-post","status-publish","format-standard","has-post-thumbnail","hentry","category-actualite","generate-columns","tablet-grid-50","mobile-grid-100","grid-parent","grid-33"],"_links":{"self":[{"href":"https:\/\/renouvelable-habitat.fr\/es\/wp-json\/wp\/v2\/posts\/3120","targetHints":{"allow":["GET"]}}],"collection":[{"href":"https:\/\/renouvelable-habitat.fr\/es\/wp-json\/wp\/v2\/posts"}],"about":[{"href":"https:\/\/renouvelable-habitat.fr\/es\/wp-json\/wp\/v2\/types\/post"}],"author":[{"embeddable":true,"href":"https:\/\/renouvelable-habitat.fr\/es\/wp-json\/wp\/v2\/users\/3"}],"replies":[{"embeddable":true,"href":"https:\/\/renouvelable-habitat.fr\/es\/wp-json\/wp\/v2\/comments?post=3120"}],"version-history":[{"count":0,"href":"https:\/\/renouvelable-habitat.fr\/es\/wp-json\/wp\/v2\/posts\/3120\/revisions"}],"wp:featuredmedia":[{"embeddable":true,"href":"https:\/\/renouvelable-habitat.fr\/es\/wp-json\/wp\/v2\/media\/3117"}],"wp:attachment":[{"href":"https:\/\/renouvelable-habitat.fr\/es\/wp-json\/wp\/v2\/media?parent=3120"}],"wp:term":[{"taxonomy":"category","embeddable":true,"href":"https:\/\/renouvelable-habitat.fr\/es\/wp-json\/wp\/v2\/categories?post=3120"},{"taxonomy":"post_tag","embeddable":true,"href":"https:\/\/renouvelable-habitat.fr\/es\/wp-json\/wp\/v2\/tags?post=3120"}],"curies":[{"name":"wp","href":"https:\/\/api.w.org\/{rel}","templated":true}]}}