{"id":3125,"date":"2025-09-30T11:09:53","date_gmt":"2025-09-30T10:09:53","guid":{"rendered":"https:\/\/renouvelable-habitat.fr\/le-trio-solaire-en-concert-au-theatre-de-verdure\/"},"modified":"2025-09-30T11:09:53","modified_gmt":"2025-09-30T10:09:53","slug":"le-trio-solaire-en-concert-au-theatre-de-verdure","status":"publish","type":"post","link":"https:\/\/renouvelable-habitat.fr\/es\/le-trio-solaire-en-concert-au-theatre-de-verdure\/","title":{"rendered":"Le Trio Solaire en Concert au Th\u00e9\u00e2tre de Verdure"},"content":{"rendered":"<p>Le Th\u00e9\u00e2tre de Verdure a r\u00e9cemment accueilli un \u00e9v\u00e9nement musical de grande qualit\u00e9 avec le concert du Trio Solaire. Reconnus pour leur ma\u00eetrise de la musique de chambre, ces musiciens fran\u00e7ais ont offert une soir\u00e9e m\u00ealant \u00e9l\u00e9gance classique et atmosph\u00e8re intime en plein air. Cet \u00e9v\u00e9nement s\u2019inscrit dans la saison culturelle et les arts vivants que propose r\u00e9guli\u00e8rement cette sc\u00e8ne fran\u00e7aise embl\u00e9matique.<\/p>\n\n<ul class=\"wp-block-list\"><li>Pr\u00e9sentation du Trio Solaire et de sa prestation<\/li><li>R\u00f4le du Th\u00e9\u00e2tre de Verdure dans la promotion des concerts classiques<\/li><li>Organisation de l\u2019\u00e9v\u00e9nement et gestion des billetteries en France<\/li><li>Contribution des musiciens fran\u00e7ais \u00e0 la sc\u00e8ne culturelle<\/li><li>Programme d\u00e9taill\u00e9 et perspectives pour la saison culturelle<\/li><\/ul>\n\n<h2 class=\"wp-block-heading\">Le Trio Solaire : un concert classique en harmonie avec le Th\u00e9\u00e2tre de Verdure<\/h2>\n\n<p>Le Trio Solaire s\u2019est produit dans un cadre naturel exceptionnel, celui du Th\u00e9\u00e2tre de Verdure, reconnu pour ses concerts de musique de chambre et son ambiance unique \u00e0 ciel ouvert. Leur r\u00e9pertoire, alliant finesse et interpr\u00e9tation soign\u00e9e, correspond parfaitement \u00e0 la vocation de cet espace d\u00e9di\u00e9 aux arts vivants.<\/p>\n\n<ul class=\"wp-block-list\"><li>Trio Solaire compos\u00e9 de trois musiciens fran\u00e7ais de renom<\/li><li>S\u00e9lection rigoureuse de pi\u00e8ces classiques et contemporaines<\/li><li>Ambiance intimiste propice \u00e0 la musique de chambre<\/li><li>Appr\u00e9ciation positive du public pr\u00e9sent, environ cinquante personnes<\/li><li>Partenariat avec des producteurs locaux pour une exp\u00e9rience compl\u00e8te (notes et nectar)<\/li><\/ul>\n\n<figure class=\"wp-block-table\"><table>\n<thead>\n<tr>\n<th>\u00c9l\u00e9ment<\/th>\n<th>Description<\/th>\n<\/tr>\n<\/thead>\n<tbody>\n<tr>\n<td>Lieu<\/td>\n<td>Th\u00e9\u00e2tre de Verdure, Saint-Marcellin-l\u00e8s-Vaison<\/td>\n<\/tr>\n<tr>\n<td>Artistes<\/td>\n<td>Trio Solaire, musiciens fran\u00e7ais sp\u00e9cialis\u00e9s en musique de chambre<\/td>\n<\/tr>\n<tr>\n<td>Public<\/td>\n<td>Environ 50 personnes<\/td>\n<\/tr>\n<tr>\n<td>Organisateurs<\/td>\n<td>Parc naturel r\u00e9gional du Ventoux, cave La Romaine, Nicolas Barnier (d\u00e9gustations)<\/td>\n<\/tr>\n<tr>\n<td>Date<\/td>\n<td>Septembre 2025<\/td>\n<\/tr>\n<\/tbody>\n<\/table><\/figure>\n\n<figure class=\"wp-block-image size-full\"><img decoding=\"async\" width=\"1344\" height=\"768\" src=\"https:\/\/renouvelable-habitat.fr\/wp-content\/uploads\/2025\/09\/Le-Trio-Solaire-en-Concert-au-Theatre-de-Verdure-4.jpg\" alt=\"assistez \u00e0 un moment musical unique avec le trio solaire en concert au th\u00e9\u00e2tre de verdure. d\u00e9couvrez des artistes passionn\u00e9s et un r\u00e9pertoire enchanteur dans un cadre verdoyant et convivial. r\u00e9servez vos places d\u00e8s maintenant !\" class=\"wp-image-3123\" srcset=\"https:\/\/renouvelable-habitat.fr\/wp-content\/uploads\/2025\/09\/Le-Trio-Solaire-en-Concert-au-Theatre-de-Verdure-4.jpg 1344w, https:\/\/renouvelable-habitat.fr\/wp-content\/uploads\/2025\/09\/Le-Trio-Solaire-en-Concert-au-Theatre-de-Verdure-4-300x171.jpg 300w, https:\/\/renouvelable-habitat.fr\/wp-content\/uploads\/2025\/09\/Le-Trio-Solaire-en-Concert-au-Theatre-de-Verdure-4-1024x585.jpg 1024w, https:\/\/renouvelable-habitat.fr\/wp-content\/uploads\/2025\/09\/Le-Trio-Solaire-en-Concert-au-Theatre-de-Verdure-4-768x439.jpg 768w, https:\/\/renouvelable-habitat.fr\/wp-content\/uploads\/2025\/09\/Le-Trio-Solaire-en-Concert-au-Theatre-de-Verdure-4-18x10.jpg 18w\" sizes=\"(max-width: 1344px) 100vw, 1344px\" \/><\/figure>\n\n<h3 class=\"wp-block-heading\">Le Th\u00e9\u00e2tre de Verdure : un symbole de la sc\u00e8ne fran\u00e7aise exclusive en plein air<\/h3>\n\n<p>Depuis les ann\u00e9es 1980, le Th\u00e9\u00e2tre de Verdure est un lieu privil\u00e9gi\u00e9 pour les concerts classiques et les \u00e9v\u00e9nements culturels en France. Son cadre naturel favorise une immersion unique dans les arts vivants, faisant de chaque soir\u00e9e un moment m\u00e9morable.<\/p>\n\n<ul class=\"wp-block-list\"><li>Histoire riche marqu\u00e9e par des artistes internationaux et fran\u00e7ais<\/li><li>Programmation vari\u00e9e incluant musique classique, danse et th\u00e9\u00e2tre<\/li><li>Lieu id\u00e9al pour les concerts de musique de chambre et projets innovants<\/li><li>Billetterie France accessible via le site officiel du th\u00e9\u00e2tre<\/li><li>Engagement envers la promotion de musiciens fran\u00e7ais et le rayonnement culturel<\/li><\/ul>\n\n<figure class=\"wp-block-table\"><table>\n<thead>\n<tr>\n<th>Aspect<\/th>\n<th>Informations cl\u00e9s<\/th>\n<\/tr>\n<\/thead>\n<tbody>\n<tr>\n<td>Ann\u00e9es d\u2019existence<\/td>\n<td>Depuis les ann\u00e9es 1980<\/td>\n<\/tr>\n<tr>\n<td>Types d\u2019\u00e9v\u00e9nements<\/td>\n<td>Concert classique, spectacles vivants, arts de la sc\u00e8ne<\/td>\n<\/tr>\n<tr>\n<td>Capacit\u00e9<\/td>\n<td>Variable selon la configuration<\/td>\n<\/tr>\n<tr>\n<td>R\u00e9servation billetterie<\/td>\n<td>Services en ligne disponibles sur <a href=\"https:\/\/letheatredeverdure.com\/calendrier-le-theatre-de-verdure\/\" rel=\"dofollow\">calendrier Th\u00e9\u00e2tre de Verdure<\/a><\/td>\n<\/tr>\n<tr>\n<td>Localisation<\/td>\n<td>Saint-Marcellin-l\u00e8s-Vaison et autres sites en France<\/td>\n<\/tr>\n<\/tbody>\n<\/table><\/figure>\n\n<figure class=\"is-provider-youtube is-type-video wp-block-embed wp-block-embed-youtube wp-embed-aspect-16-9 wp-has-aspect-ratio\"><div class=\"wp-block-embed__wrapper\">\n<iframe title=\"J&#039;ai sonoris\u00e9 le concert ext\u00e9rieur de PETITE FLEUR TRIO \ud83c\udf38\" width=\"1200\" height=\"675\" src=\"https:\/\/www.youtube.com\/embed\/EzggtVdNpWs?feature=oembed\" frameborder=\"0\" allow=\"accelerometer; autoplay; clipboard-write; encrypted-media; gyroscope; picture-in-picture; web-share\" referrerpolicy=\"strict-origin-when-cross-origin\" allowfullscreen><\/iframe>\n<\/div><\/figure>\n\n<h2 class=\"wp-block-heading\">Organisation et billetterie : faciliter l\u2019acc\u00e8s aux \u00e9v\u00e9nements musicaux<\/h2>\n\n<p>La gestion de la billetterie en France, notamment pour les concerts classiques comme celui du Trio Solaire, est essentielle pour garantir une exp\u00e9rience fluide aux spectateurs. Le Parc naturel r\u00e9gional du Ventoux collabore \u00e9troitement avec le th\u00e9\u00e2tre pour adapter l&rsquo;organisation aux besoins du public et des partenaires.<\/p>\n\n<ul class=\"wp-block-list\"><li>R\u00f4le de la r\u00e9servation pour calibrer le nombre de participants<\/li><li>Communication aupr\u00e8s des partenaires commerciaux, par exemple producteurs locaux<\/li><li>Absence de contr\u00f4le syst\u00e9matique des billets \u00e0 l\u2019entr\u00e9e pour certains \u00e9v\u00e9nements<\/li><li>Diffusion de l\u2019information sur plusieurs canaux pour toucher un large public<\/li><li>Possibilit\u00e9 de r\u00e9server sur des plateformes d\u00e9di\u00e9es telles que <a href=\"https:\/\/www.billetreduc.com\/305775\/evt.htm\" rel=\"dofollow\">BilletReduc<\/a><\/li><\/ul>\n\n<figure class=\"wp-block-table\"><table>\n<thead>\n<tr>\n<th>Gestion<\/th>\n<th>Description<\/th>\n<\/tr>\n<\/thead>\n<tbody>\n<tr>\n<td>Inscription-r\u00e9servation<\/td>\n<td>Utilis\u00e9e pour ajuster la logistique et pr\u00e9voir les quantit\u00e9s de produits<\/td>\n<\/tr>\n<tr>\n<td>Contr\u00f4le d\u2019acc\u00e8s<\/td>\n<td>Souvent symbolique ou non pratiqu\u00e9 pour certains \u00e9v\u00e9nements<\/td>\n<\/tr>\n<tr>\n<td>Communication<\/td>\n<td>Multiples canaux, y compris sites officiels et partenaires<\/td>\n<\/tr>\n<tr>\n<td>Partenaires impliqu\u00e9s<\/td>\n<td>Cave La Romaine, artisans locaux, Parc naturel r\u00e9gional du Ventoux<\/td>\n<\/tr>\n<tr>\n<td>Billetterie en ligne<\/td>\n<td>Accessible via sites comme <a href=\"https:\/\/letheatredeverdure.com\/\" rel=\"dofollow\">Th\u00e9\u00e2tre de Verdure officiel<\/a><\/td>\n<\/tr>\n<\/tbody>\n<\/table><\/figure>\n\n<h3 class=\"wp-block-heading\">Impact sur la sc\u00e8ne culturelle et les arts vivants<\/h3>\n\n<p>Les concerts du Trio Solaire et autres \u00e9v\u00e9nements musicaux au Th\u00e9\u00e2tre de Verdure participent activement au dynamisme de la sc\u00e8ne fran\u00e7aise. Ils offrent une plateforme aux musiciens fran\u00e7ais et enrichissent la saison culturelle avec un large \u00e9ventail de propositions artistiques.<\/p>\n\n<ul class=\"wp-block-list\"><li>Valorisation de la musique de chambre et des arts vivants<\/li><li>Promotion des talents locaux et nationaux<\/li><li>Ouverture vers des publics diversifi\u00e9s<\/li><li>Participation \u00e0 la diffusion culturelle en France<\/li><li>Renforcement de la programmation artistique locale et r\u00e9gionale<\/li><\/ul>\n\n<figure class=\"wp-block-table\"><table>\n<thead>\n<tr>\n<th>\u00c9l\u00e9ment culturel<\/th>\n<th>Effet sur le public<\/th>\n<\/tr>\n<\/thead>\n<tbody>\n<tr>\n<td>Dynamique locale<\/td>\n<td>Renforcement de l\u2019attractivit\u00e9 culturelle<\/td>\n<\/tr>\n<tr>\n<td>Public cibl\u00e9<\/td>\n<td>Amateurs de musique classique, familles, jeunes<\/td>\n<\/tr>\n<tr>\n<td>Innovation<\/td>\n<td>Multiplication des formats et lieux de concerts<\/td>\n<\/tr>\n<tr>\n<td>Coop\u00e9ration<\/td>\n<td>Entre musiciens, organisateurs et collectivit\u00e9s<\/td>\n<\/tr>\n<tr>\n<td>Diffusion<\/td>\n<td>M\u00e9dias locaux et nationaux, r\u00e9seaux sociaux<\/td>\n<\/tr>\n<\/tbody>\n<\/table><\/figure>\n\n<figure class=\"is-provider-youtube is-type-video wp-block-embed wp-block-embed-youtube wp-embed-aspect-16-9 wp-has-aspect-ratio\"><div class=\"wp-block-embed__wrapper\">\n<iframe title=\"TH\u00c9\u00c2TRE DE VERDURE - SAISON ESTIVALE 2024 - BANDE ANNONCE\" width=\"1200\" height=\"675\" src=\"https:\/\/www.youtube.com\/embed\/I1Is4YdiHL8?feature=oembed\" frameborder=\"0\" allow=\"accelerometer; autoplay; clipboard-write; encrypted-media; gyroscope; picture-in-picture; web-share\" referrerpolicy=\"strict-origin-when-cross-origin\" allowfullscreen><\/iframe>\n<\/div><\/figure>\n\n<figure class=\"wp-block-image size-full\"><img decoding=\"async\" width=\"1344\" height=\"768\" src=\"https:\/\/renouvelable-habitat.fr\/wp-content\/uploads\/2025\/09\/Le-Trio-Solaire-en-Concert-au-Theatre-de-Verdure-5.jpg\" alt=\"assistez au concert exceptionnel du trio solaire au th\u00e9\u00e2tre de verdure ! une soir\u00e9e musicale inoubliable vous attend avec des sonorit\u00e9s envo\u00fbtantes dans un cadre unique et convivial. r\u00e9servez vos places d\u00e8s maintenant.\" class=\"wp-image-3124\" srcset=\"https:\/\/renouvelable-habitat.fr\/wp-content\/uploads\/2025\/09\/Le-Trio-Solaire-en-Concert-au-Theatre-de-Verdure-5.jpg 1344w, https:\/\/renouvelable-habitat.fr\/wp-content\/uploads\/2025\/09\/Le-Trio-Solaire-en-Concert-au-Theatre-de-Verdure-5-300x171.jpg 300w, https:\/\/renouvelable-habitat.fr\/wp-content\/uploads\/2025\/09\/Le-Trio-Solaire-en-Concert-au-Theatre-de-Verdure-5-1024x585.jpg 1024w, https:\/\/renouvelable-habitat.fr\/wp-content\/uploads\/2025\/09\/Le-Trio-Solaire-en-Concert-au-Theatre-de-Verdure-5-768x439.jpg 768w, https:\/\/renouvelable-habitat.fr\/wp-content\/uploads\/2025\/09\/Le-Trio-Solaire-en-Concert-au-Theatre-de-Verdure-5-18x10.jpg 18w\" sizes=\"(max-width: 1344px) 100vw, 1344px\" \/><\/figure>\n\n<script type=\"application\/ld+json\">\n{\"@context\":\"https:\/\/schema.org\",\"@type\":\"FAQPage\",\"mainEntity\":[{\"@type\":\"Question\",\"name\":\"Quels types de musique le Trio Solaire interpru00e8te-t-il ?\",\"acceptedAnswer\":{\"@type\":\"Answer\",\"text\":\"Le Trio Solaire se spu00e9cialise dans la musique de chambre avec un ru00e9pertoire allant du classique traditionnel aux compositions contemporaines.\"}},{\"@type\":\"Question\",\"name\":\"Comment ru00e9server des billets pour un concert au Thu00e9u00e2tre de Verdure ?\",\"acceptedAnswer\":{\"@type\":\"Answer\",\"text\":\"Les billets peuvent u00eatre ru00e9servu00e9s en ligne via la billetterie officielle du Thu00e9u00e2tre de Verdure ou des plateformes reconnues telles que BilletReduc.\"}},{\"@type\":\"Question\",\"name\":\"Le Thu00e9u00e2tre de Verdure organise-t-il du2019autres u00e9vu00e9nements culturels ?\",\"acceptedAnswer\":{\"@type\":\"Answer\",\"text\":\"Oui, le thu00e9u00e2tre propose une programmation diversifiu00e9e, incluant thu00e9u00e2tre, danse, concerts classiques et autres arts vivants.\"}},{\"@type\":\"Question\",\"name\":\"Quelle est la capacitu00e9 du2019accueil du Thu00e9u00e2tre de Verdure ?\",\"acceptedAnswer\":{\"@type\":\"Answer\",\"text\":\"La capacitu00e9 est modulable selon la configuration, permettant du2019accueillir des petites u00e0 grandes audiences dans un cadre naturel.\"}},{\"@type\":\"Question\",\"name\":\"Le public doit-il pru00e9senter une ru00e9servation lors de lu2019entru00e9e ?\",\"acceptedAnswer\":{\"@type\":\"Answer\",\"text\":\"Pour certains u00e9vu00e9nements, le contru00f4le des ru00e9servations est symbolique et nu2019est pas systu00e9matiquement vu00e9rifiu00e9 u00e0 lu2019entru00e9e.\"}}]}\n<\/script>\n<h3>Quels types de musique le Trio Solaire interpr\u00e8te-t-il ?<\/h3>\n<p>Le Trio Solaire se sp\u00e9cialise dans la musique de chambre avec un r\u00e9pertoire allant du classique traditionnel aux compositions contemporaines.<\/p>\n<h3>Comment r\u00e9server des billets pour un concert au Th\u00e9\u00e2tre de Verdure ?<\/h3>\n<p>Les billets peuvent \u00eatre r\u00e9serv\u00e9s en ligne via la billetterie officielle du Th\u00e9\u00e2tre de Verdure ou des plateformes reconnues telles que BilletReduc.<\/p>\n<h3>Le Th\u00e9\u00e2tre de Verdure organise-t-il d\u2019autres \u00e9v\u00e9nements culturels ?<\/h3>\n<p>Oui, le th\u00e9\u00e2tre propose une programmation diversifi\u00e9e, incluant th\u00e9\u00e2tre, danse, concerts classiques et autres arts vivants.<\/p>\n<h3>Quelle est la capacit\u00e9 d\u2019accueil du Th\u00e9\u00e2tre de Verdure ?<\/h3>\n<p>La capacit\u00e9 est modulable selon la configuration, permettant d\u2019accueillir des petites \u00e0 grandes audiences dans un cadre naturel.<\/p>\n<h3>Le public doit-il pr\u00e9senter une r\u00e9servation lors de l\u2019entr\u00e9e ?<\/h3>\n<p>Pour certains \u00e9v\u00e9nements, le contr\u00f4le des r\u00e9servations est symbolique et n\u2019est pas syst\u00e9matiquement v\u00e9rifi\u00e9 \u00e0 l\u2019entr\u00e9e.<\/p>\n\n","protected":false},"excerpt":{"rendered":"<p>Le Th\u00e9\u00e2tre de Verdure a r\u00e9cemment accueilli un \u00e9v\u00e9nement musical de grande qualit\u00e9 avec le concert du Trio Solaire. Reconnus pour leur ma\u00eetrise de la musique de chambre, ces musiciens fran\u00e7ais ont offert une soir\u00e9e m\u00ealant \u00e9l\u00e9gance classique et atmosph\u00e8re intime en plein air. Cet \u00e9v\u00e9nement s\u2019inscrit dans la saison culturelle et les arts vivants &#8230; <a title=\"Le Trio Solaire en Concert au Th\u00e9\u00e2tre de Verdure\" class=\"read-more\" href=\"https:\/\/renouvelable-habitat.fr\/es\/le-trio-solaire-en-concert-au-theatre-de-verdure\/\" aria-label=\"Leer m\u00e1s sobre Le Trio Solaire en Concert au Th\u00e9\u00e2tre de Verdure\">Leer m\u00e1s<\/a><\/p>","protected":false},"author":3,"featured_media":3122,"comment_status":"open","ping_status":"open","sticky":false,"template":"","format":"standard","meta":{"_seopress_robots_primary_cat":"","_seopress_titles_title":"Le Trio Solaire illumine le Th\u00e9\u00e2tre de Verdure","_seopress_titles_desc":"Vivez un concert unique avec Le Trio Solaire au Th\u00e9\u00e2tre de Verdure : jazz, \u00e9motion et virtuosit\u00e9 dans un cadre exceptionnel !","_seopress_robots_index":"","inline_featured_image":false,"footnotes":""},"categories":[16],"tags":[],"class_list":["post-3125","post","type-post","status-publish","format-standard","has-post-thumbnail","hentry","category-actualite","generate-columns","tablet-grid-50","mobile-grid-100","grid-parent","grid-33"],"_links":{"self":[{"href":"https:\/\/renouvelable-habitat.fr\/es\/wp-json\/wp\/v2\/posts\/3125","targetHints":{"allow":["GET"]}}],"collection":[{"href":"https:\/\/renouvelable-habitat.fr\/es\/wp-json\/wp\/v2\/posts"}],"about":[{"href":"https:\/\/renouvelable-habitat.fr\/es\/wp-json\/wp\/v2\/types\/post"}],"author":[{"embeddable":true,"href":"https:\/\/renouvelable-habitat.fr\/es\/wp-json\/wp\/v2\/users\/3"}],"replies":[{"embeddable":true,"href":"https:\/\/renouvelable-habitat.fr\/es\/wp-json\/wp\/v2\/comments?post=3125"}],"version-history":[{"count":0,"href":"https:\/\/renouvelable-habitat.fr\/es\/wp-json\/wp\/v2\/posts\/3125\/revisions"}],"wp:featuredmedia":[{"embeddable":true,"href":"https:\/\/renouvelable-habitat.fr\/es\/wp-json\/wp\/v2\/media\/3122"}],"wp:attachment":[{"href":"https:\/\/renouvelable-habitat.fr\/es\/wp-json\/wp\/v2\/media?parent=3125"}],"wp:term":[{"taxonomy":"category","embeddable":true,"href":"https:\/\/renouvelable-habitat.fr\/es\/wp-json\/wp\/v2\/categories?post=3125"},{"taxonomy":"post_tag","embeddable":true,"href":"https:\/\/renouvelable-habitat.fr\/es\/wp-json\/wp\/v2\/tags?post=3125"}],"curies":[{"name":"wp","href":"https:\/\/api.w.org\/{rel}","templated":true}]}}