{"id":3709,"date":"2026-01-07T09:10:42","date_gmt":"2026-01-07T08:10:42","guid":{"rendered":"https:\/\/renouvelable-habitat.fr\/un-miroir-spatial-colossal-pour-reflechir-la-lumiere-solaire-vers-la-terre\/"},"modified":"2026-01-07T09:10:42","modified_gmt":"2026-01-07T08:10:42","slug":"un-miroir-spatial-colossal-pour-reflechir-la-lumiere-solaire-vers-la-terre","status":"publish","type":"post","link":"https:\/\/renouvelable-habitat.fr\/es\/un-miroir-spatial-colossal-pour-reflechir-la-lumiere-solaire-vers-la-terre\/","title":{"rendered":"Un miroir spatial colossal pour r\u00e9fl\u00e9chir la lumi\u00e8re solaire vers la Terre"},"content":{"rendered":"<p>La start-up am\u00e9ricaine Reflect Orbital se pr\u00e9pare \u00e0 lancer en 2026 un satellite \u00e9quip\u00e9 d\u2019un miroir spatial colossal capable de r\u00e9fl\u00e9chir la lumi\u00e8re solaire et de la diriger vers la Terre, m\u00eame lorsque le soleil est couch\u00e9. Cette initiative innovante vise \u00e0 prolonger la dur\u00e9e d&rsquo;ensoleillement sur certaines zones, afin d&rsquo;am\u00e9liorer la production d&rsquo;\u00e9nergie solaire, l&rsquo;\u00e9clairage artificiel, et de soutenir des activit\u00e9s comme la recherche et le sauvetage. Cependant, ce projet de technologie spatiale suscite un d\u00e9bat important parmi les experts sur les d\u00e9fis techniques, les impacts environnementaux et les risques pour l\u2019astronomie. <\/p>\n\n<p>Ce miroir g\u00e9ant, d\u00e9ploy\u00e9 sur un satellite en orbite terrestre \u00e0 environ 600 kilom\u00e8tres d\u2019altitude, fait partie d\u2019un concept ambitieux o\u00f9 une constellation de satellites pourrait offrir une lumi\u00e8re solaire cibl\u00e9e \u00ab\u00a0\u00e0 la demande\u00a0\u00bb. Cette lumi\u00e8re artificielle serait un v\u00e9ritable projecteur spatial, capable de compenser le cycle naturel jour-nuit et d\u2019apporter des solutions novatrices face au r\u00e9chauffement solaire et \u00e0 la n\u00e9cessit\u00e9 d\u2019\u00e9nergies renouvelables.<\/p>\n\n<h2 class=\"wp-block-heading\">Miroir spatial en orbite : un levier pour l&rsquo;\u00e9nergie solaire et l&rsquo;\u00e9clairage artificiel<\/h2>\n\n<p>Le dispositif propos\u00e9 par Reflect Orbital entend capter la lumi\u00e8re provenant de l&rsquo;astre solaire et la r\u00e9fl\u00e9chir vers la surface terrestre gr\u00e2ce \u00e0 un miroir de 18 m\u00e8tres de c\u00f4t\u00e9. Cette r\u00e9flexion solaire amplifi\u00e9e pourrait temporairement illuminer des r\u00e9gions plong\u00e9es dans l&rsquo;obscurit\u00e9, favorisant ainsi la production continue d\u2019\u00e9nergie solaire via des panneaux photovolta\u00efques. Gr\u00e2ce \u00e0 cette technologie spatiale, certaines activit\u00e9s b\u00e9n\u00e9ficieraient d\u2019un \u00e9clairage artificiel renforc\u00e9, optimisant par exemple les interventions nocturnes ou les op\u00e9rations d&rsquo;urgence dans des zones difficiles d\u2019acc\u00e8s.<\/p>\n\n<figure class=\"wp-block-image size-full\"><img decoding=\"async\" width=\"1344\" height=\"768\" src=\"https:\/\/renouvelable-habitat.fr\/wp-content\/uploads\/2026\/01\/Un-miroir-spatial-colossal-pour-reflechir-la-lumiere-solaire-vers-la-Terre-1.jpg\" alt=\"d\u00e9couvrez le projet d&#039;un miroir spatial colossal con\u00e7u pour r\u00e9fl\u00e9chir la lumi\u00e8re solaire vers la terre, une innovation prometteuse pour augmenter l&#039;\u00e9nergie solaire disponible et lutter contre le changement climatique.\" class=\"wp-image-3707\" srcset=\"https:\/\/renouvelable-habitat.fr\/wp-content\/uploads\/2026\/01\/Un-miroir-spatial-colossal-pour-reflechir-la-lumiere-solaire-vers-la-Terre-1.jpg 1344w, https:\/\/renouvelable-habitat.fr\/wp-content\/uploads\/2026\/01\/Un-miroir-spatial-colossal-pour-reflechir-la-lumiere-solaire-vers-la-Terre-1-300x171.jpg 300w, https:\/\/renouvelable-habitat.fr\/wp-content\/uploads\/2026\/01\/Un-miroir-spatial-colossal-pour-reflechir-la-lumiere-solaire-vers-la-Terre-1-1024x585.jpg 1024w, https:\/\/renouvelable-habitat.fr\/wp-content\/uploads\/2026\/01\/Un-miroir-spatial-colossal-pour-reflechir-la-lumiere-solaire-vers-la-Terre-1-768x439.jpg 768w, https:\/\/renouvelable-habitat.fr\/wp-content\/uploads\/2026\/01\/Un-miroir-spatial-colossal-pour-reflechir-la-lumiere-solaire-vers-la-Terre-1-18x10.jpg 18w\" sizes=\"(max-width: 1344px) 100vw, 1344px\" \/><\/figure>\n\n<p>Le lancement du premier satellite de d\u00e9monstration est pr\u00e9vu pour avril 2026, selon le site sp\u00e9cialis\u00e9 <a href=\"https:\/\/www.sciencesetcivilisations.fr\/p-474\">Sciences et Civilisations<\/a>. Si le fonctionnement se r\u00e9v\u00e8le efficace, la mise en orbite d\u2019une constellation deviendra possible, ouvrant la voie \u00e0 une infrastructure spatiale de r\u00e9flexion solaire globale. Ce syst\u00e8me pourrait r\u00e9volutionner l\u2019approvisionnement en \u00e9nergie solaire continue et l\u2019optimisation de l\u2019\u00e9clairage artificiel tout en r\u00e9duisant la d\u00e9pendance aux combustibles fossiles.<\/p>\n\n<h3 class=\"wp-block-heading\">Les enjeux techniques et environnementaux de la r\u00e9flexion solaire en orbite terrestre<\/h3>\n\n<p>Malgr\u00e9 son potentiel, cette technologie spatiale fait face \u00e0 des d\u00e9fis majeurs. Darren McKnight de LeoLabs met en garde contre les risques li\u00e9s \u00e0 la gestion de la chaleur et \u00e0 la maintenance des satellites en orbite. La diffusion du faisceau lumineux peut \u00e9galement entra\u00eener une perte d\u2019efficacit\u00e9 importante. Par ailleurs, la luminosit\u00e9 des miroirs g\u00e9ants posera un risque \u00e9lev\u00e9 pour les observations astronomiques, car elle pourrait perturber les instruments sensibles et entra\u00eener des dommages connus des chercheurs en astronomie, notamment James Lowenthal, qui souligne que ces reflets pourraient \u00eatre plus brillants que la pleine lune.<\/p>\n\n<p>En termes d\u2019\u00e9cologie, la perturbation provoqu\u00e9e par ce \u00ab\u00a0r\u00e9chauffement solaire\u00a0\u00bb artificiel est aussi au centre des inqui\u00e9tudes. La modification intempestive du cycle naturel jour-nuit peut affecter la migration des oiseaux, la pollinisation des plantes et d&rsquo;autres comportements animaux essentiels \u00e0 l&rsquo;\u00e9quilibre des \u00e9cosyst\u00e8mes terrestres.<\/p>\n\n<h2 class=\"wp-block-heading\">Impact de la technologie spatiale sur la production d&rsquo;\u00e9nergie solaire : potentialit\u00e9s et limites<\/h2>\n\n<p>La lumi\u00e8re r\u00e9fl\u00e9chie par un unique miroir spatial serait insuffisante pour alimenter une installation solaire d\u2019envergure significative. Une constellation de plusieurs satellites sera donc n\u00e9cessaire pour avoir un impact r\u00e9el sur la production d&rsquo;\u00e9nergie, d\u2019apr\u00e8s les experts du secteur. En parall\u00e8le, la start-up Reflect Orbital assure mener un dialogue ouvert avec la communaut\u00e9 astronomique afin d\u2019att\u00e9nuer les risques et r\u00e9pondre aux pr\u00e9occupations soulev\u00e9es.<\/p>\n\n<p>Un autre point soulev\u00e9 concerne le bilan \u00e9cologique du lancement r\u00e9p\u00e9t\u00e9 de satellites ainsi que leur fabrication. Selon la soci\u00e9t\u00e9, les \u00e9missions initiales dues \u00e0 ces op\u00e9rations pourraient \u00eatre compens\u00e9es en quelques semaines gr\u00e2ce \u00e0 l\u2019\u00e9nergie solaire propre g\u00e9n\u00e9r\u00e9e via cette technologie novatrice.<\/p>\n\n<figure class=\"wp-block-image size-full\"><img decoding=\"async\" width=\"1344\" height=\"768\" src=\"https:\/\/renouvelable-habitat.fr\/wp-content\/uploads\/2026\/01\/Un-miroir-spatial-colossal-pour-reflechir-la-lumiere-solaire-vers-la-Terre-2.jpg\" alt=\"d\u00e9couvrez un miroir spatial g\u00e9ant con\u00e7u pour r\u00e9fl\u00e9chir la lumi\u00e8re solaire vers la terre, une innovation prometteuse pour capter et rediriger l&#039;\u00e9nergie solaire depuis l&#039;espace.\" class=\"wp-image-3708\" srcset=\"https:\/\/renouvelable-habitat.fr\/wp-content\/uploads\/2026\/01\/Un-miroir-spatial-colossal-pour-reflechir-la-lumiere-solaire-vers-la-Terre-2.jpg 1344w, https:\/\/renouvelable-habitat.fr\/wp-content\/uploads\/2026\/01\/Un-miroir-spatial-colossal-pour-reflechir-la-lumiere-solaire-vers-la-Terre-2-300x171.jpg 300w, https:\/\/renouvelable-habitat.fr\/wp-content\/uploads\/2026\/01\/Un-miroir-spatial-colossal-pour-reflechir-la-lumiere-solaire-vers-la-Terre-2-1024x585.jpg 1024w, https:\/\/renouvelable-habitat.fr\/wp-content\/uploads\/2026\/01\/Un-miroir-spatial-colossal-pour-reflechir-la-lumiere-solaire-vers-la-Terre-2-768x439.jpg 768w, https:\/\/renouvelable-habitat.fr\/wp-content\/uploads\/2026\/01\/Un-miroir-spatial-colossal-pour-reflechir-la-lumiere-solaire-vers-la-Terre-2-18x10.jpg 18w\" sizes=\"(max-width: 1344px) 100vw, 1344px\" \/><\/figure>\n\n<h3 class=\"wp-block-heading\">Avantages et d\u00e9fis de la mise en orbite de miroirs spatiaux pour la r\u00e9flexion solaire<\/h3>\n\n<figure class=\"wp-block-table\"><table>\n<thead>\n<tr>\n<th>Aspect<\/th>\n<th>Avantages<\/th>\n<th>D\u00e9fis<\/th>\n<\/tr>\n<\/thead>\n<tbody>\n<tr>\n<td>Production d&rsquo;\u00e9nergie continue<\/td>\n<td>Prolongation de l&rsquo;ensoleillement, am\u00e9lioration des rendements photovolta\u00efques<\/td>\n<td>Perte d&rsquo;\u00e9nergie dans les faisceaux, n\u00e9cessit\u00e9 de plusieurs satellites<\/td>\n<\/tr>\n<tr>\n<td>\u00c9clairage artificiel<\/td>\n<td>Facilitation des op\u00e9rations nocturnes, soutien aux zones isol\u00e9es<\/td>\n<td>Impact sur le cycle naturel jour-nuit, perturbation de la faune<\/td>\n<\/tr>\n<tr>\n<td>Environnement spatial<\/td>\n<td>Innovation technologique, r\u00e9duction de la d\u00e9pendance aux \u00e9nergies fossiles<\/td>\n<td>Gestion des d\u00e9bris spatiaux, maintenance en orbite complexe<\/td>\n<\/tr>\n<tr>\n<td>Observations astronomiques<\/td>\n<td>Dialogue en cours avec la communaut\u00e9 scientifique pour minimiser les nuisances<\/td>\n<td>Risque de pollution lumineuse et dommages aux instruments<\/td>\n<\/tr>\n<\/tbody>\n<\/table><\/figure>\n\n<h2 class=\"wp-block-heading\">Une r\u00e9volution \u00e9nerg\u00e9tique \u00e0 port\u00e9e de main, malgr\u00e9 des controverses<\/h2>\n\n<p>Alors que la r\u00e9flexion solaire depuis l\u2019espace s\u2019annonce comme un projet audacieux, sa viabilit\u00e9 d\u00e9pendra de la capacit\u00e9 \u00e0 g\u00e9rer les contraintes techniques, environnementales et sociales. Le miroir spatial propose une approche innovante face aux enjeux \u00e9nerg\u00e9tiques et climatiques actuels, mais n\u00e9cessite une coop\u00e9ration \u00e9troite entre ing\u00e9nieurs, \u00e9cologistes, astronomes et autorit\u00e9s r\u00e9glementaires.<\/p>\n\n<p>Pour en savoir plus sur les implications et d\u00e9tails du projet, vous pouvez consulter l\u2019analyse compl\u00e8te de <a href=\"https:\/\/sciencepost.fr\/solaire-cette-start-up-va-envoyer-un-grand-miroir-dans-lespace-a-bord-dun-satellite\/\">Science Post<\/a> ou encore la couverture par <a href=\"https:\/\/www.bbc.com\/afrique\/articles\/cwypywk242zo\">BBC Afrique<\/a>. D&rsquo;autres m\u00e9dias sp\u00e9cialis\u00e9s comme <a href=\"https:\/\/www.msn.com\/fr-fr\/technologie\/exploration-spatiale\/des-miroirs-dans-l-espace-pour-refl%C3%A9ter-la-lumi%C3%A8re-du-soleil-le-pari-d-une-entreprise-am%C3%A9ricaine-pour-cr%C3%A9er-de-l-%C3%A9nergie-solaire\/ar-AA1TIQOC\">MSN Technologie<\/a> mettent \u00e9galement en lumi\u00e8re ce projet qui pourrait transformer la production d&rsquo;\u00e9nergie solaire.<\/p>\n\n<figure class=\"is-provider-youtube is-type-video wp-block-embed wp-block-embed-youtube wp-embed-aspect-16-9 wp-has-aspect-ratio\"><div class=\"wp-block-embed__wrapper\">\n<iframe title=\"Les miroirs solaires sont-ils efficaces ? - C&#039;est pas sorcier\" width=\"1200\" height=\"675\" src=\"https:\/\/www.youtube.com\/embed\/OVufofEqA1Q?feature=oembed\" frameborder=\"0\" allow=\"accelerometer; autoplay; clipboard-write; encrypted-media; gyroscope; picture-in-picture; web-share\" referrerpolicy=\"strict-origin-when-cross-origin\" allowfullscreen><\/iframe>\n<\/div><\/figure>\n\n<h3 class=\"wp-block-heading\">Applications futures et perspectives de cette technologie spatiale<\/h3>\n\n<p>Au-del\u00e0 de l&rsquo;am\u00e9lioration de la production \u00e9nerg\u00e9tique, le miroir spatial pourrait ouvrir la voie \u00e0 d\u2019autres usages comme l\u2019\u00e9clairage urbain durable, la lutte contre la d\u00e9pression saisonni\u00e8re gr\u00e2ce \u00e0 une exposition prolong\u00e9e \u00e0 la lumi\u00e8re solaire, ou encore le soutien \u00e0 l\u2019agriculture en zones peu ensoleill\u00e9es. Ces avanc\u00e9es pourraient ainsi modifier profond\u00e9ment la mani\u00e8re dont l\u2019humanit\u00e9 exploite la lumi\u00e8re du soleil.<\/p>\n\n<figure class=\"is-provider-youtube is-type-video wp-block-embed wp-block-embed-youtube wp-embed-aspect-16-9 wp-has-aspect-ratio\"><div class=\"wp-block-embed__wrapper\">\n<iframe title=\"Tu es un photon : Du Soleil \u00e0 la Terre, d\u00e9couvre le voyage extraordinaire d\u2019une particule de lumi\u00e8re\" width=\"1200\" height=\"675\" src=\"https:\/\/www.youtube.com\/embed\/QhuGnH-EExo?feature=oembed\" frameborder=\"0\" allow=\"accelerometer; autoplay; clipboard-write; encrypted-media; gyroscope; picture-in-picture; web-share\" referrerpolicy=\"strict-origin-when-cross-origin\" allowfullscreen><\/iframe>\n<\/div><\/figure>\n\n<ul class=\"wp-block-list\"><li><strong>Constellation de satellites<\/strong> pour multiplier les points de r\u00e9flexion<\/li><li><strong>R\u00e9duction des \u00e9missions de gaz \u00e0 effet de serre<\/strong> via une \u00e9nergie renouvelable continue<\/li><li><strong>Prolongation du cycle d&rsquo;activit\u00e9 humaine<\/strong> gr\u00e2ce \u00e0 une lumi\u00e8re solaire artificielle contr\u00f4l\u00e9e<\/li><li><strong>Collaboration \u00e9troite avec la communaut\u00e9 astronomique<\/strong> pour minimiser les effets secondaires<\/li><li><strong>D\u00e9fis techniques<\/strong> li\u00e9s \u00e0 la dissipation thermique et \u00e0 la stabilit\u00e9 orbitale<\/li><\/ul>\n\n<script type=\"application\/ld+json\">\n{\"@context\":\"https:\/\/schema.org\",\"@type\":\"FAQPage\",\"mainEntity\":[{\"@type\":\"Question\",\"name\":\"Quel est le principe de fonctionnement du2019un miroir spatial ?\",\"acceptedAnswer\":{\"@type\":\"Answer\",\"text\":\"Un miroir spatial placu00e9 en orbite terrestre ru00e9flu00e9chit la lumiu00e8re solaire vers des zones spu00e9cifiques sur Terre, permettant ainsi du2019u00e9clairer ces zones mu00eame en lu2019absence directe du soleil.\"}},{\"@type\":\"Question\",\"name\":\"Quels sont les principaux risques liu00e9s u00e0 cette technologie ?\",\"acceptedAnswer\":{\"@type\":\"Answer\",\"text\":\"Les risques incluent la perturbation des observations astronomiques par la pollution lumineuse, les impacts sur la faune et la flore, ainsi que les du00e9fis techniques liu00e9s u00e0 la gestion des satellites en orbite.\"}},{\"@type\":\"Question\",\"name\":\"Quelle est la portu00e9e u00e9nergu00e9tique attendue avec ce systu00e8me ?\",\"acceptedAnswer\":{\"@type\":\"Answer\",\"text\":\"Un seul satellite ne suffit pas u00e0 fournir une u00e9nergie significative. Il faudra du00e9ployer une constellation de satellites pour avoir un impact ru00e9el sur la production du2019u00e9nergie solaire.\"}},{\"@type\":\"Question\",\"name\":\"Comment Reflect Orbital pru00e9voit-elle de compenser l'impact environnemental des lancements ?\",\"acceptedAnswer\":{\"@type\":\"Answer\",\"text\":\"La start-up assure que les u00e9missions liu00e9es aux lancements seront rapidement compensu00e9es gru00e2ce u00e0 lu2019u00e9nergie renouvelable gu00e9nu00e9ru00e9e par le systu00e8me, en seulement quelques semaines.\"}},{\"@type\":\"Question\",\"name\":\"Quels usages pourraient bu00e9nu00e9ficier de la lumiu00e8re solaire ru00e9flu00e9chie ?\",\"acceptedAnswer\":{\"@type\":\"Answer\",\"text\":\"Outre la production d'u00e9nergie, ce systu00e8me pourrait amu00e9liorer lu2019u00e9clairage artificiel pour la su00e9curitu00e9, la recherche, lu2019agriculture et contribuer u00e0 lutter contre la du00e9pression saisonniu00e8re.\"}}]}\n<\/script>\n<h3>Quel est le principe de fonctionnement d\u2019un miroir spatial ?<\/h3>\n<p>Un miroir spatial plac\u00e9 en orbite terrestre r\u00e9fl\u00e9chit la lumi\u00e8re solaire vers des zones sp\u00e9cifiques sur Terre, permettant ainsi d\u2019\u00e9clairer ces zones m\u00eame en l\u2019absence directe du soleil.<\/p>\n<h3>Quels sont les principaux risques li\u00e9s \u00e0 cette technologie ?<\/h3>\n<p>Les risques incluent la perturbation des observations astronomiques par la pollution lumineuse, les impacts sur la faune et la flore, ainsi que les d\u00e9fis techniques li\u00e9s \u00e0 la gestion des satellites en orbite.<\/p>\n<h3>Quelle est la port\u00e9e \u00e9nerg\u00e9tique attendue avec ce syst\u00e8me ?<\/h3>\n<p>Un seul satellite ne suffit pas \u00e0 fournir une \u00e9nergie significative. Il faudra d\u00e9ployer une constellation de satellites pour avoir un impact r\u00e9el sur la production d\u2019\u00e9nergie solaire.<\/p>\n<h3>Comment Reflect Orbital pr\u00e9voit-elle de compenser l&rsquo;impact environnemental des lancements ?<\/h3>\n<p>La start-up assure que les \u00e9missions li\u00e9es aux lancements seront rapidement compens\u00e9es gr\u00e2ce \u00e0 l\u2019\u00e9nergie renouvelable g\u00e9n\u00e9r\u00e9e par le syst\u00e8me, en seulement quelques semaines.<\/p>\n<h3>Quels usages pourraient b\u00e9n\u00e9ficier de la lumi\u00e8re solaire r\u00e9fl\u00e9chie ?<\/h3>\n<p>Outre la production d&rsquo;\u00e9nergie, ce syst\u00e8me pourrait am\u00e9liorer l\u2019\u00e9clairage artificiel pour la s\u00e9curit\u00e9, la recherche, l\u2019agriculture et contribuer \u00e0 lutter contre la d\u00e9pression saisonni\u00e8re.<\/p>\n\n","protected":false},"excerpt":{"rendered":"<p>La start-up am\u00e9ricaine Reflect Orbital se pr\u00e9pare \u00e0 lancer en 2026 un satellite \u00e9quip\u00e9 d\u2019un miroir spatial colossal capable de r\u00e9fl\u00e9chir la lumi\u00e8re solaire et de la diriger vers la Terre, m\u00eame lorsque le soleil est couch\u00e9. Cette initiative innovante vise \u00e0 prolonger la dur\u00e9e d&rsquo;ensoleillement sur certaines zones, afin d&rsquo;am\u00e9liorer la production d&rsquo;\u00e9nergie solaire, &#8230; <a title=\"Un miroir spatial colossal pour r\u00e9fl\u00e9chir la lumi\u00e8re solaire vers la Terre\" class=\"read-more\" href=\"https:\/\/renouvelable-habitat.fr\/es\/un-miroir-spatial-colossal-pour-reflechir-la-lumiere-solaire-vers-la-terre\/\" aria-label=\"Leer m\u00e1s sobre Un miroir spatial colossal pour r\u00e9fl\u00e9chir la lumi\u00e8re solaire vers la Terre\">Leer m\u00e1s<\/a><\/p>","protected":false},"author":3,"featured_media":3706,"comment_status":"open","ping_status":"open","sticky":false,"template":"","format":"standard","meta":{"_seopress_robots_primary_cat":"","_seopress_titles_title":"Un miroir g\u00e9ant pour capter la lumi\u00e8re solaire depuis l'espace","_seopress_titles_desc":"D\u00e9couvrez un miroir spatial g\u00e9ant destin\u00e9 \u00e0 r\u00e9fl\u00e9chir la lumi\u00e8re solaire vers la Terre pour am\u00e9liorer l'\u00e9clairage et les \u00e9nergies renouvelables.","_seopress_robots_index":"","inline_featured_image":false,"footnotes":""},"categories":[16],"tags":[],"class_list":["post-3709","post","type-post","status-publish","format-standard","has-post-thumbnail","hentry","category-actualite","generate-columns","tablet-grid-50","mobile-grid-100","grid-parent","grid-33"],"_links":{"self":[{"href":"https:\/\/renouvelable-habitat.fr\/es\/wp-json\/wp\/v2\/posts\/3709","targetHints":{"allow":["GET"]}}],"collection":[{"href":"https:\/\/renouvelable-habitat.fr\/es\/wp-json\/wp\/v2\/posts"}],"about":[{"href":"https:\/\/renouvelable-habitat.fr\/es\/wp-json\/wp\/v2\/types\/post"}],"author":[{"embeddable":true,"href":"https:\/\/renouvelable-habitat.fr\/es\/wp-json\/wp\/v2\/users\/3"}],"replies":[{"embeddable":true,"href":"https:\/\/renouvelable-habitat.fr\/es\/wp-json\/wp\/v2\/comments?post=3709"}],"version-history":[{"count":0,"href":"https:\/\/renouvelable-habitat.fr\/es\/wp-json\/wp\/v2\/posts\/3709\/revisions"}],"wp:featuredmedia":[{"embeddable":true,"href":"https:\/\/renouvelable-habitat.fr\/es\/wp-json\/wp\/v2\/media\/3706"}],"wp:attachment":[{"href":"https:\/\/renouvelable-habitat.fr\/es\/wp-json\/wp\/v2\/media?parent=3709"}],"wp:term":[{"taxonomy":"category","embeddable":true,"href":"https:\/\/renouvelable-habitat.fr\/es\/wp-json\/wp\/v2\/categories?post=3709"},{"taxonomy":"post_tag","embeddable":true,"href":"https:\/\/renouvelable-habitat.fr\/es\/wp-json\/wp\/v2\/tags?post=3709"}],"curies":[{"name":"wp","href":"https:\/\/api.w.org\/{rel}","templated":true}]}}