{"id":4030,"date":"2026-04-26T07:33:26","date_gmt":"2026-04-26T06:33:26","guid":{"rendered":"https:\/\/renouvelable-habitat.fr\/inauguration-dun-nouveau-parc-solaire-citoyen-sur-une-ancienne-zone-de-depot-de-materiaux\/"},"modified":"2026-04-26T07:33:26","modified_gmt":"2026-04-26T06:33:26","slug":"inauguration-dun-nouveau-parc-solaire-citoyen-sur-une-ancienne-zone-de-depot-de-materiaux","status":"publish","type":"post","link":"https:\/\/renouvelable-habitat.fr\/es\/inauguration-dun-nouveau-parc-solaire-citoyen-sur-une-ancienne-zone-de-depot-de-materiaux\/","title":{"rendered":"Inauguration d\u2019un nouveau parc solaire citoyen sur une ancienne zone de d\u00e9p\u00f4t de mat\u00e9riaux"},"content":{"rendered":"<p>Un nouveau parc solaire citoyen a \u00e9t\u00e9 inaugur\u00e9 en Lot-et-Garonne, \u00e0 Saint-Aubin, d\u00e9montrant la reconversion efficace d\u2019une ancienne zone de d\u00e9p\u00f4t de mat\u00e9riaux en une source d\u2019\u00e9nergie renouvelable. Couvrant 1 400 m\u00b2, ce parc photovolta\u00efque est capable de produire jusqu\u2019\u00e0 28 % de la consommation \u00e9lectrique locale, illustrant ainsi l\u2019engagement concret des collectivit\u00e9s et des habitants dans la transition \u00e9nerg\u00e9tique et le d\u00e9veloppement durable du territoire. Cette initiative souligne l&rsquo;importance croissante de la participation citoyenne dans les projets \u00e9cologiques, mettant en lumi\u00e8re une innovation \u00e9nerg\u00e9tique susceptible d\u2019\u00eatre reproduite dans d\u2019autres r\u00e9gions.<\/p>\n\n<p>Port\u00e9 par la coop\u00e9rative Enercoop Nouvelle-Aquitaine, ce projet marque la valorisation d\u2019un terrain jusqu\u2019ici inexploit\u00e9, avec une d\u00e9marche centr\u00e9e sur l\u2019\u00e9cologie et la collaboration entre diff\u00e9rentes instances publiques et citoyennes. L\u2019inauguration a rassembl\u00e9 \u00e9lus, soci\u00e9taires et habitants, symbolisant l\u2019union autour d\u2019un objectif commun : favoriser l\u2019\u00e9lectricit\u00e9 locale et renouvelable. Cette r\u00e9alisation s\u2019inscrit dans un contexte plus large o\u00f9 les territoires du Sud-Ouest confirment leur volont\u00e9 de s\u2019orienter vers un mod\u00e8le \u00e9nerg\u00e9tique alternatif et inclusif.<\/p>\n\n<h2 class=\"wp-block-heading\">Un parc solaire citoyen qui valorise une ancienne zone de d\u00e9p\u00f4t<\/h2>\n\n<p>Le parc solaire de Saint-Aubin, mis en service en janvier 2026, transforme une ancienne zone de d\u00e9p\u00f4t de mat\u00e9riaux en un site producteur d\u2019\u00e9nergie propre. Cette reconversion t\u00e9moigne de l&rsquo;usage innovant des espaces d\u00e9laiss\u00e9s, \u00e9vitant ainsi la consommation de terres agricoles ou naturelles suppl\u00e9mentaires. Gr\u00e2ce \u00e0 une surface install\u00e9e de 1 400 m\u00b2 \u00e9quip\u00e9e de panneaux photovolta\u00efques, cette installation fournit une part significative de l\u2019\u00e9lectricit\u00e9 locale, r\u00e9pondant \u00e0 pr\u00e8s de 28 % de la demande annuelle de la commune.<\/p>\n\n<figure class=\"wp-block-image size-full\"><img decoding=\"async\" width=\"1344\" height=\"768\" src=\"https:\/\/renouvelable-habitat.fr\/wp-content\/uploads\/2026\/04\/Inauguration-dun-nouveau-parc-solaire-citoyen-sur-une-ancienne-zone-de-depot-de-materiaux-1.jpg\" alt=\"c\u00e9l\u00e9brez l&#039;inauguration d&#039;un nouveau parc solaire citoyen, install\u00e9 sur une ancienne zone de d\u00e9p\u00f4t de mat\u00e9riaux, transformant un site industriel en une source d&#039;\u00e9nergie propre et durable.\" class=\"wp-image-4028\" srcset=\"https:\/\/renouvelable-habitat.fr\/wp-content\/uploads\/2026\/04\/Inauguration-dun-nouveau-parc-solaire-citoyen-sur-une-ancienne-zone-de-depot-de-materiaux-1.jpg 1344w, https:\/\/renouvelable-habitat.fr\/wp-content\/uploads\/2026\/04\/Inauguration-dun-nouveau-parc-solaire-citoyen-sur-une-ancienne-zone-de-depot-de-materiaux-1-300x171.jpg 300w, https:\/\/renouvelable-habitat.fr\/wp-content\/uploads\/2026\/04\/Inauguration-dun-nouveau-parc-solaire-citoyen-sur-une-ancienne-zone-de-depot-de-materiaux-1-1024x585.jpg 1024w, https:\/\/renouvelable-habitat.fr\/wp-content\/uploads\/2026\/04\/Inauguration-dun-nouveau-parc-solaire-citoyen-sur-une-ancienne-zone-de-depot-de-materiaux-1-768x439.jpg 768w, https:\/\/renouvelable-habitat.fr\/wp-content\/uploads\/2026\/04\/Inauguration-dun-nouveau-parc-solaire-citoyen-sur-une-ancienne-zone-de-depot-de-materiaux-1-18x10.jpg 18w\" sizes=\"(max-width: 1344px) 100vw, 1344px\" \/><\/figure>\n\n<h3 class=\"wp-block-heading\">Une initiative collaborative entre habitants et collectivit\u00e9s<\/h3>\n\n<p>La r\u00e9alisation du parc s\u2019appuie sur une collaboration \u00e9troite entre la coop\u00e9rative Enercoop Nouvelle-Aquitaine, la municipalit\u00e9 de Saint-Aubin, la communaut\u00e9 de communes Bastides en Haut Agenais P\u00e9rigord et le D\u00e9partement.<\/p>\n\n<p>Cette synergie exemplaire englobe cinq ann\u00e9es de travail, int\u00e9grant la lev\u00e9e de fonds citoyenne et le soutien financier du Cr\u00e9dit coop\u00e9ratif. Chaque \u00e9tape du projet a b\u00e9n\u00e9fici\u00e9 de l\u2019implication des habitants, \u00e9lus et techniciens, soulignant un mod\u00e8le de gouvernance participative dans la transition \u00e9nerg\u00e9tique. Lors de l\u2019inauguration, le branchement symbolique du parc par des prises \u00e9lectriques g\u00e9antes a rassembl\u00e9 tous les acteurs autour d\u2019un geste f\u00e9d\u00e9rateur.<\/p>\n\n<h2 class=\"wp-block-heading\">Les atouts du parc solaire pour la transition \u00e9nerg\u00e9tique locale<\/h2>\n\n<p>Ce parc solaire citoyen r\u00e9pond aux enjeux cruciaux de la transition \u00e9nerg\u00e9tique tout en int\u00e9grant les principes du d\u00e9veloppement durable et de l\u2019\u00e9conomie circulaire. Il permet non seulement de r\u00e9duire l\u2019empreinte carbone locale avec une \u00e9nergie renouvelable, mais aussi de r\u00e9habiliter une friche en zone de d\u00e9p\u00f4t.<\/p>\n\n<figure class=\"wp-block-table\"><table>\n<thead>\n<tr>\n<th>Caract\u00e9ristiques du parc solaire<\/th>\n<th>Donn\u00e9es cl\u00e9s<\/th>\n<\/tr>\n<\/thead>\n<tbody>\n<tr>\n<td>Surface couverte<\/td>\n<td>1 400 m\u00b2<\/td>\n<\/tr>\n<tr>\n<td>Part de la consommation locale couverte<\/td>\n<td>28 %<\/td>\n<\/tr>\n<tr>\n<td>Date de mise en service<\/td>\n<td>Janvier 2026<\/td>\n<\/tr>\n<tr>\n<td>Type de site<\/td>\n<td>Ancienne zone de d\u00e9p\u00f4t de mat\u00e9riaux<\/td>\n<\/tr>\n<tr>\n<td>Acteurs principaux<\/td>\n<td>Coop\u00e9rative Enercoop Nouvelle-Aquitaine, communaut\u00e9 de communes, municipalit\u00e9<\/td>\n<\/tr>\n<\/tbody>\n<\/table><\/figure>\n\n<figure class=\"is-provider-youtube is-type-video wp-block-embed wp-block-embed-youtube wp-embed-aspect-16-9 wp-has-aspect-ratio\"><div class=\"wp-block-embed__wrapper\">\n<iframe title=\"Monter un parc solaire citoyen sans soutien public : mode d\u2019emploi\" width=\"1200\" height=\"675\" src=\"https:\/\/www.youtube.com\/embed\/quw-vCQA3e4?feature=oembed\" frameborder=\"0\" allow=\"accelerometer; autoplay; clipboard-write; encrypted-media; gyroscope; picture-in-picture; web-share\" referrerpolicy=\"strict-origin-when-cross-origin\" allowfullscreen><\/iframe>\n<\/div><\/figure>\n\n<h3 class=\"wp-block-heading\">Un mod\u00e8le \u00e0 suivre pour d\u2019autres projets d\u2019\u00e9nergie renouvelable<\/h3>\n\n<p>La r\u00e9ussite de ce parc solar citoyen s\u2019inscrit dans une dynamique r\u00e9gionale plus vaste. En effet, Enercoop Nouvelle-Aquitaine a d\u00e9j\u00e0 d\u00e9velopp\u00e9 plusieurs projets similaires, notamment \u00e0 Castillonn\u00e8s. Des discussions avancent avec Monflanquin et Monbahus pour \u00e9tendre cette d\u00e9marche participative \u00e0 d\u2019autres communes.<\/p>\n\n<p>Ce projet illustre comment, \u00e0 travers la mobilisation locale, l\u2019innovation \u00e9nerg\u00e9tique peut permettre la cr\u00e9ation d\u2019installations performantes et durables sur des terrains marginalis\u00e9s. La d\u00e9marche participe \u00e0 la valorisation du territoire et \u00e0 l\u2019acceptabilit\u00e9 sociale des infrastructures d\u2019\u00e9nergies renouvelables.<\/p>\n\n<figure class=\"wp-block-image size-full\"><img decoding=\"async\" width=\"1344\" height=\"768\" src=\"https:\/\/renouvelable-habitat.fr\/wp-content\/uploads\/2026\/04\/Inauguration-dun-nouveau-parc-solaire-citoyen-sur-une-ancienne-zone-de-depot-de-materiaux-2.jpg\" alt=\"d\u00e9couvrez l&#039;inauguration d\u2019un nouveau parc solaire citoyen install\u00e9 sur une ancienne zone de d\u00e9p\u00f4t de mat\u00e9riaux, une initiative durable transformant un site industriel en source d&#039;\u00e9nergie renouvelable pour la communaut\u00e9.\" class=\"wp-image-4029\" srcset=\"https:\/\/renouvelable-habitat.fr\/wp-content\/uploads\/2026\/04\/Inauguration-dun-nouveau-parc-solaire-citoyen-sur-une-ancienne-zone-de-depot-de-materiaux-2.jpg 1344w, https:\/\/renouvelable-habitat.fr\/wp-content\/uploads\/2026\/04\/Inauguration-dun-nouveau-parc-solaire-citoyen-sur-une-ancienne-zone-de-depot-de-materiaux-2-300x171.jpg 300w, https:\/\/renouvelable-habitat.fr\/wp-content\/uploads\/2026\/04\/Inauguration-dun-nouveau-parc-solaire-citoyen-sur-une-ancienne-zone-de-depot-de-materiaux-2-1024x585.jpg 1024w, https:\/\/renouvelable-habitat.fr\/wp-content\/uploads\/2026\/04\/Inauguration-dun-nouveau-parc-solaire-citoyen-sur-une-ancienne-zone-de-depot-de-materiaux-2-768x439.jpg 768w, https:\/\/renouvelable-habitat.fr\/wp-content\/uploads\/2026\/04\/Inauguration-dun-nouveau-parc-solaire-citoyen-sur-une-ancienne-zone-de-depot-de-materiaux-2-18x10.jpg 18w\" sizes=\"(max-width: 1344px) 100vw, 1344px\" \/><\/figure>\n\n<h2 class=\"wp-block-heading\">Implications sociales et environnementales du parc citoyen de Saint-Aubin<\/h2>\n\n<ul class=\"wp-block-list\"><li><strong>Participation citoyenne : <\/strong>lev\u00e9e de fonds et engagement des r\u00e9sidents, assurant une gouvernance locale transparente.<\/li><li><strong>Reconversion de friches industrielles : <\/strong>r\u00e9habilitation d\u2019une ancienne zone de d\u00e9p\u00f4t de mat\u00e9riaux sans usage agricole.<\/li><li><strong>R\u00e9duction des \u00e9missions de CO2 : <\/strong>production d\u2019\u00e9lectricit\u00e9 renouvelable favorisant la lutte contre le changement climatique.<\/li><li><strong>Cr\u00e9ation de lien social : <\/strong>moment d\u2019\u00e9change lors de l\u2019inauguration et suivi collectif du projet.<\/li><li><strong>Innovation territoriale : <\/strong>mod\u00e8le reproductible dans de nombreuses r\u00e9gions confront\u00e9es \u00e0 la gestion des friches.<\/li><\/ul>\n\n<h2 class=\"wp-block-heading\">\u00c9v\u00e9nements li\u00e9s aux parcs solaires citoyens en France<\/h2>\n\n<figure class=\"wp-block-table\"><table>\n<thead>\n<tr>\n<th>Localisation<\/th>\n<th>Type de site initial<\/th>\n<th>Surface<\/th>\n<th>Date d\u2019inauguration<\/th>\n<th>Particularit\u00e9s<\/th>\n<\/tr>\n<\/thead>\n<tbody>\n<tr>\n<td>Saint-Aubin (Lot-et-Garonne)<\/td>\n<td>Ancienne zone de d\u00e9p\u00f4t de mat\u00e9riaux<\/td>\n<td>1 400 m\u00b2<\/td>\n<td>2026<\/td>\n<td>28 % de la consommation locale couverte<\/td>\n<\/tr>\n<tr>\n<td>Mallemort (Bouches-du-Rh\u00f4ne)<\/td>\n<td>Ancienne d\u00e9charge r\u00e9habilit\u00e9e<\/td>\n<td>Surface non communiqu\u00e9e<\/td>\n<td>R\u00e9cente<\/td>\n<td>Coop\u00e9ration citoyenne et territoriale<\/td>\n<\/tr>\n<tr>\n<td>Jarz\u00e9 (Maine-et-Loire)<\/td>\n<td>Ancienne sabli\u00e8re d\u00e9charge communale<\/td>\n<td>Non pr\u00e9cis\u00e9e<\/td>\n<td>Ant\u00e9rieure<\/td>\n<td>Stockage temporaire de mat\u00e9riaux inertes<\/td>\n<\/tr>\n<\/tbody>\n<\/table><\/figure>\n\n<figure class=\"is-provider-youtube is-type-video wp-block-embed wp-block-embed-youtube wp-embed-aspect-16-9 wp-has-aspect-ratio\"><div class=\"wp-block-embed__wrapper\">\n<iframe title=\"Gard : un parc solaire cr\u00e9\u00e9 par des habitants devient un mod\u00e8le d\u2019\u00e9nergie citoyenne\" width=\"1200\" height=\"675\" src=\"https:\/\/www.youtube.com\/embed\/8nwsJHJDbjc?feature=oembed\" frameborder=\"0\" allow=\"accelerometer; autoplay; clipboard-write; encrypted-media; gyroscope; picture-in-picture; web-share\" referrerpolicy=\"strict-origin-when-cross-origin\" allowfullscreen><\/iframe>\n<\/div><\/figure>\n\n<h2 class=\"wp-block-heading\">Questions fr\u00e9quentes sur les parcs solaires citoyens et la reconversion de zones de d\u00e9p\u00f4t<\/h2>\n\n<script type=\"application\/ld+json\">\n{\"@context\":\"https:\/\/schema.org\",\"@type\":\"FAQPage\",\"mainEntity\":[{\"@type\":\"Question\",\"name\":\"Quelle est la production estimu00e9e de ce nouveau parc solaire citoyen ?\",\"acceptedAnswer\":{\"@type\":\"Answer\",\"text\":\"Le parc solaire de Saint-Aubin produit environ 28 % de la consommation u00e9lectrique annuelle de la commune, gru00e2ce u00e0 ses 1 400 mu00b2 de panneaux photovoltau00efques.\"}},{\"@type\":\"Question\",\"name\":\"Quels sont les avantages u00e9cologiques de la reconversion du2019anciennes zones de du00e9pu00f4t ?\",\"acceptedAnswer\":{\"@type\":\"Answer\",\"text\":\"Cette reconversion u00e9vite lu2019utilisation de terres agricoles ou naturelles, recycle un terrain inutilisu00e9 et favorise la ru00e9duction des u00e9missions de gaz u00e0 effet de serre gru00e2ce u00e0 la production du2019u00e9lectricitu00e9 renouvelable.\"}},{\"@type\":\"Question\",\"name\":\"Comment les habitants participent-ils u00e0 ce type de projet ?\",\"acceptedAnswer\":{\"@type\":\"Answer\",\"text\":\"Les habitants peuvent devenir sociu00e9taires, participer u00e0 la levu00e9e de fonds citoyenne et suivre les u00e9tapes de du00e9veloppement du parc, renforu00e7ant ainsi la gouvernance locale et lu2019appropriation collective du projet.\"}},{\"@type\":\"Question\",\"name\":\"Quels liens existent entre Enercoop et les projets locaux ?\",\"acceptedAnswer\":{\"@type\":\"Answer\",\"text\":\"Enercoop agit en tant que coopu00e9rative facilitant la mise en place de parcs photovoltau00efques citoyens en collaboration avec les collectivitu00e9s et les habitants, consolidant une dynamique territoriale autour des u00e9nergies renouvelables.\"}},{\"@type\":\"Question\",\"name\":\"Ce modu00e8le est-il reproductible ailleurs en France ?\",\"acceptedAnswer\":{\"@type\":\"Answer\",\"text\":\"Oui, ce type de projet est du00e9ju00e0 du00e9veloppu00e9 dans plusieurs ru00e9gions, notamment avec des projets similaires u00e0 Mallemort et Jarzu00e9, mettant en avant la reconversion durable de zones du00e9laissu00e9es.\"}}]}\n<\/script>\n<h3>Quelle est la production estim\u00e9e de ce nouveau parc solaire citoyen ?<\/h3>\n<p>Le parc solaire de Saint-Aubin produit environ 28 % de la consommation \u00e9lectrique annuelle de la commune, gr\u00e2ce \u00e0 ses 1 400 m\u00b2 de panneaux photovolta\u00efques.<\/p>\n<h3>Quels sont les avantages \u00e9cologiques de la reconversion d\u2019anciennes zones de d\u00e9p\u00f4t ?<\/h3>\n<p>Cette reconversion \u00e9vite l\u2019utilisation de terres agricoles ou naturelles, recycle un terrain inutilis\u00e9 et favorise la r\u00e9duction des \u00e9missions de gaz \u00e0 effet de serre gr\u00e2ce \u00e0 la production d\u2019\u00e9lectricit\u00e9 renouvelable.<\/p>\n<h3>Comment les habitants participent-ils \u00e0 ce type de projet ?<\/h3>\n<p>Les habitants peuvent devenir soci\u00e9taires, participer \u00e0 la lev\u00e9e de fonds citoyenne et suivre les \u00e9tapes de d\u00e9veloppement du parc, renfor\u00e7ant ainsi la gouvernance locale et l\u2019appropriation collective du projet.<\/p>\n<h3>Quels liens existent entre Enercoop et les projets locaux ?<\/h3>\n<p>Enercoop agit en tant que coop\u00e9rative facilitant la mise en place de parcs photovolta\u00efques citoyens en collaboration avec les collectivit\u00e9s et les habitants, consolidant une dynamique territoriale autour des \u00e9nergies renouvelables.<\/p>\n<h3>Ce mod\u00e8le est-il reproductible ailleurs en France ?<\/h3>\n<p>Oui, ce type de projet est d\u00e9j\u00e0 d\u00e9velopp\u00e9 dans plusieurs r\u00e9gions, notamment avec des projets similaires \u00e0 Mallemort et Jarz\u00e9, mettant en avant la reconversion durable de zones d\u00e9laiss\u00e9es.<\/p>\n\n<p>Pour en savoir plus sur l\u2019inauguration de ce parc solaire citoyen \u00e0 Saint-Aubin, consultez les informations offertes par <a href=\"https:\/\/www.ladepeche.fr\/2026\/04\/25\/des-panneaux-sur-une-zone-de-depot-de-materiaux-un-nouveau-parc-solaire-citoyen-mis-en-service-en-lot-et-garonne-13343303.php\">la presse locale sp\u00e9cialis\u00e9e<\/a> ainsi que le reportage sur <a href=\"https:\/\/www.enercoop.fr\/blog\/actualites\/nouvelle-aquitaine\/inauguration_saint-aubin\">Enercoop Nouvelle-Aquitaine<\/a>.<\/p>\n\n","protected":false},"excerpt":{"rendered":"<p>Un nouveau parc solaire citoyen a \u00e9t\u00e9 inaugur\u00e9 en Lot-et-Garonne, \u00e0 Saint-Aubin, d\u00e9montrant la reconversion efficace d\u2019une ancienne zone de d\u00e9p\u00f4t de mat\u00e9riaux en une source d\u2019\u00e9nergie renouvelable. Couvrant 1 400 m\u00b2, ce parc photovolta\u00efque est capable de produire jusqu\u2019\u00e0 28 % de la consommation \u00e9lectrique locale, illustrant ainsi l\u2019engagement concret des collectivit\u00e9s et des &#8230; <a title=\"Inauguration d\u2019un nouveau parc solaire citoyen sur une ancienne zone de d\u00e9p\u00f4t de mat\u00e9riaux\" class=\"read-more\" href=\"https:\/\/renouvelable-habitat.fr\/es\/inauguration-dun-nouveau-parc-solaire-citoyen-sur-une-ancienne-zone-de-depot-de-materiaux\/\" aria-label=\"Leer m\u00e1s sobre Inauguration d\u2019un nouveau parc solaire citoyen sur une ancienne zone de d\u00e9p\u00f4t de mat\u00e9riaux\">Leer m\u00e1s<\/a><\/p>","protected":false},"author":3,"featured_media":4027,"comment_status":"open","ping_status":"open","sticky":false,"template":"","format":"standard","meta":{"_seopress_robots_primary_cat":"","_seopress_titles_title":"Un parc solaire citoyen rena\u00eet sur un ancien d\u00e9p\u00f4t","_seopress_titles_desc":"D\u00e9couvrez l'inauguration d'un parc solaire citoyen innovant install\u00e9 sur une ancienne zone de d\u00e9p\u00f4t, alliant \u00e9cologie et engagement local.","_seopress_robots_index":"","inline_featured_image":false,"footnotes":""},"categories":[16],"tags":[],"class_list":["post-4030","post","type-post","status-publish","format-standard","has-post-thumbnail","hentry","category-actualite","generate-columns","tablet-grid-50","mobile-grid-100","grid-parent","grid-33"],"_links":{"self":[{"href":"https:\/\/renouvelable-habitat.fr\/es\/wp-json\/wp\/v2\/posts\/4030","targetHints":{"allow":["GET"]}}],"collection":[{"href":"https:\/\/renouvelable-habitat.fr\/es\/wp-json\/wp\/v2\/posts"}],"about":[{"href":"https:\/\/renouvelable-habitat.fr\/es\/wp-json\/wp\/v2\/types\/post"}],"author":[{"embeddable":true,"href":"https:\/\/renouvelable-habitat.fr\/es\/wp-json\/wp\/v2\/users\/3"}],"replies":[{"embeddable":true,"href":"https:\/\/renouvelable-habitat.fr\/es\/wp-json\/wp\/v2\/comments?post=4030"}],"version-history":[{"count":0,"href":"https:\/\/renouvelable-habitat.fr\/es\/wp-json\/wp\/v2\/posts\/4030\/revisions"}],"wp:featuredmedia":[{"embeddable":true,"href":"https:\/\/renouvelable-habitat.fr\/es\/wp-json\/wp\/v2\/media\/4027"}],"wp:attachment":[{"href":"https:\/\/renouvelable-habitat.fr\/es\/wp-json\/wp\/v2\/media?parent=4030"}],"wp:term":[{"taxonomy":"category","embeddable":true,"href":"https:\/\/renouvelable-habitat.fr\/es\/wp-json\/wp\/v2\/categories?post=4030"},{"taxonomy":"post_tag","embeddable":true,"href":"https:\/\/renouvelable-habitat.fr\/es\/wp-json\/wp\/v2\/tags?post=4030"}],"curies":[{"name":"wp","href":"https:\/\/api.w.org\/{rel}","templated":true}]}}