{"id":1640,"date":"2024-12-23T21:14:37","date_gmt":"2024-12-23T20:14:37","guid":{"rendered":"https:\/\/renouvelable-habitat.fr\/quelle-hauteur-faut-il-pour-une-porte-de-garage-sectionnelle\/"},"modified":"2024-12-23T21:14:37","modified_gmt":"2024-12-23T20:14:37","slug":"di-quale-altezza-hai-bisogno-per-una-porta-da-garage-sezionale","status":"publish","type":"post","link":"https:\/\/renouvelable-habitat.fr\/it\/di-quale-altezza-hai-bisogno-per-una-porta-da-garage-sezionale\/","title":{"rendered":"Di quale altezza hai bisogno per una porta da garage sezionale?"},"content":{"rendered":"<figure class=\"wp-block-table\">\n<table>\n<tbody>\n<tr>\n<td>\n            <p><strong>IN BREVE<\/strong><\/p>\n            <ul>\n                <li><strong>Altezza minima<\/strong> consigliato: 2,50 metri sotto il soffitto per porte sezionali standard.<\/li>\n                <li>Dimensioni comuni: 200 cm, 212,5 cm, 225 cm, fino a 3 metri.<\/li>\n                <li>Porte da garage singole tipicamente a 2 metri (200 cm).<\/li>\n                <li>Configurazione possibile in base alle esigenze: opzioni su misura disponibili.<\/li>\n                <li>Verificare lo spazio per l&#039;installazione: prevedere un minimo di 2,50 m per una porta di 2 m.<\/li>\n                <li><strong>Monorotaia<\/strong> : adatto per altezze fino a 2125 mm, necessita di motorizzazione.<\/li>\n                <li>Rilevazione delle misure: fondamentale per garantire una corretta installazione.<\/li>\n            <\/ul><p>\n        <\/p><\/td>\n<\/tr>\n<\/tbody>\n<\/table>\n<\/figure>\n\n\n\n<p>Nell&#039;allestimento di un garage, la scelta del <strong>altezza<\/strong> di una porta sezionale \u00e8 un aspetto essenziale da tenere in considerazione. Infatti, a <strong>altezza adeguata<\/strong> non solo consente un utilizzo ottimale dello spazio, ma anche la funzionalit\u00e0 e la sicurezza del tuo garage. Le dimensioni standard e le raccomandazioni professionali rimangono criteri essenziali per garantire che la vostra porta si adatti perfettamente all&#039;infrastruttura del vostro edificio. Esploriamo insieme <strong>altezze ideali<\/strong> per porte da garage sezionali.<\/p>\n\n\n<figure class='wp-block-image size-full'>\n<img width=\"1344\" height=\"768\" src=\"https:\/\/renouvelable-habitat.fr\/wp-content\/uploads\/2024\/12\/Quelle-hauteur-Faut-il-pour-une-porte-de-garage-sectionnelle-.png\" class=\"attachment-full size-full\" alt=\"scopri le dimensioni ideali per l&#039;installazione di una porta da garage sezionale. scopri quale altezza scegliere per ottimizzare gli spazi garantendo funzionalit\u00e0 ed estetica del tuo garage.\" decoding=\"async\" loading=\"lazy\" srcset=\"https:\/\/renouvelable-habitat.fr\/wp-content\/uploads\/2024\/12\/Quelle-hauteur-Faut-il-pour-une-porte-de-garage-sectionnelle-.png 1344w, https:\/\/renouvelable-habitat.fr\/wp-content\/uploads\/2024\/12\/Quelle-hauteur-Faut-il-pour-une-porte-de-garage-sectionnelle--300x171.png 300w, https:\/\/renouvelable-habitat.fr\/wp-content\/uploads\/2024\/12\/Quelle-hauteur-Faut-il-pour-une-porte-de-garage-sectionnelle--1024x585.png 1024w, https:\/\/renouvelable-habitat.fr\/wp-content\/uploads\/2024\/12\/Quelle-hauteur-Faut-il-pour-une-porte-de-garage-sectionnelle--768x439.png 768w, https:\/\/renouvelable-habitat.fr\/wp-content\/uploads\/2024\/12\/Quelle-hauteur-Faut-il-pour-une-porte-de-garage-sectionnelle--18x10.png 18w\" sizes=\"auto, (max-width: 1344px) 100vw, 1344px\" \/>\n<\/figure>\n\n\n\n<p>L&#039;altezza di a <a href=\"https:\/\/renouvelable-habitat.fr\/it\/problema-della-porta-sezionale-del-garage\/\">porta da garage sezionale<\/a> \u00e8 una domanda essenziale quando si pianifica un progetto di sviluppo. Infatti, la scelta della giusta dimensione pu\u00f2 avere un impatto diretto sulla funzionalit\u00e0 del tuo garage e sull&#039;estetica della tua propriet\u00e0. In questo articolo approfondiremo le dimensioni tipiche delle porte sezionali, le norme da rispettare, oltre ai consigli per una scelta ottimizzata.<\/p>\n\n\n<h2 class=\"wp-block-heading\">Dimensioni standard delle porte da garage sezionali<\/h2>\n\n\n<p>Quando si tratta di porte da garage, ce ne sono <strong>dimensioni standard<\/strong> che vengono spesso utilizzati. L&#039;altezza di una porta da garage standard \u00e8 in genere di 2 metri, sebbene siano disponibili anche opzioni da 2.125 metri o 2.250 metri. Queste dimensioni sono progettate per adattarsi alla maggior parte dei veicoli, inclusi veicoli commerciali e SUV. Per i garage con soffitti di altezza pi\u00f9 generosa \u00e8 possibile optare per porte fino a 3 metri.<\/p>\n\n\n<h2 class=\"wp-block-heading\">Altezza minima consigliata<\/h2>\n\n\n<p>Per un&#039;installazione ottimale, si consiglia di avere un&#039;altezza minima di <strong>2,50 metri<\/strong> sotto soffitto. Questa misura \u00e8 fondamentale per consentire il corretto funzionamento dell&#039;apertura automatica delle porte e per garantire la libera circolazione dei veicoli pi\u00f9 piccoli. Pertanto, quando si progetta il proprio garage, \u00e8 importante considerare questa altezza per evitare problemi di spazio.<\/p>\n\n\n<h2 class=\"wp-block-heading\">Fattori da considerare nella scelta dell&#039;altezza<\/h2>\n\n\n<p><strong>Fattori ambientali<\/strong> e anche la destinazione d&#039;uso del garage gioca un ruolo nell&#039;altezza scelta per la vostra porta basculante. Se il garage viene utilizzato principalmente per il parcheggio di veicoli, pu\u00f2 essere sufficiente un&#039;altezza standard di 2 metri. D&#039;altra parte, per le applicazioni che richiedono pi\u00f9 spazio, come lo stoccaggio di attrezzature o veicoli specializzati, sarebbe saggio optare per una porta pi\u00f9 alta. Inoltre, \u00e8 essenziale garantire che ci sia spazio sufficiente per il meccanismo di apertura della porta.<\/p>\n\n\n<h2 class=\"wp-block-heading\">Installazione e requisiti di spazio<\/h2>\n\n\n<p>\u00c8 importante tenerne conto <strong>spazio aggiuntivo<\/strong> necessari per l&#039;installazione delle porte sezionali. In generale, per un portone sezionale alto 2 metri, \u00e8 necessario prevedere uno spazio di 2,50 metri complessivi. Questo calcolo garantisce che la porta possa aprirsi senza alcun vincolo e consente al meccanismo di funzionare in modo efficiente. Se stai pianificando un&#039;installazione, non esitare a consultare un professionista per determinare le dimensioni precise necessarie alla tua situazione.<\/p>\n\n\n<h2 class=\"wp-block-heading\">Ulteriori informazioni sui problemi comuni<\/h2>\n\n\n<p>Se hai difficolt\u00e0 con la tua porta da garage sezionale o hai domande specifiche sull&#039;installazione, puoi consultare <a href=\"https:\/\/renouvelable-habitat.fr\/it\/problema-della-porta-sezionale-del-garage\/\" title=\"Problemi con la porta del garage sezionale\">la nostra guida ai problemi delle porte da garage sezionali<\/a>. Questo collegamento ti indirizzer\u00e0 a risorse utili per comprendere meglio e risolvere eventuali dubbi che potresti avere.<\/p>\n\n\n\n<h2 class=\"wp-block-heading\">Scegliere l&#039;altezza ideale per una porta da garage sezionale<\/h2>\n\n\n<p>L&#039;altezza di a <strong>porta da garage sezionale<\/strong> \u00e8 un elemento cruciale da tenere in considerazione durante la progettazione e l&#039;installazione. \u00c8 infatti fondamentale garantire che la porta si adatti perfettamente allo spazio disponibile rispettando gli standard di sicurezza e fruibilit\u00e0. In questo articolo vengono evidenziate le dimensioni standard e i consigli sull&#039;altezza delle porte da garage sezionali per guidarti nella scelta.<\/p>\n\n\n<h2 class=\"wp-block-heading\">Dimensioni standard delle porte da garage sezionali<\/h2>\n\n\n<p>Le dimensioni delle porte da garage sezionali variano principalmente a seconda delle esigenze e dello spazio a disposizione. In generale, il <strong>altezza standard<\/strong> di una porta da garage singola \u00e8 di 2 metri (200 cm). Esistono per\u00f2 anche modelli con un&#039;altezza di 2.125 metri, 2.25 metri e anche fino a 3 metri per garage pi\u00f9 grandi. Queste dimensioni standardizzate sono progettate per adattarsi alla maggior parte dei veicoli lasciando spazio sufficiente sopra per il meccanismo di apertura.<\/p>\n\n\n<h3 class=\"wp-block-heading\">Altezza minima del soffitto<\/h3>\n\n\n<p>Per garantire il corretto funzionamento di a <strong>porta sezionale<\/strong>, si consiglia generalmente di avere un&#039;altezza minima del soffitto di 2,50 metri. Ci\u00f2 non solo facilita l&#039;apertura della porta, ma garantisce anche che il meccanismo di azionamento possa funzionare liberamente, soprattutto se la porta \u00e8 motorizzata. Un soffitto troppo basso pu\u00f2 ostacolare il movimento e causare problemi durante l&#039;utilizzo della porta.<\/p>\n\n\n<h2 class=\"wp-block-heading\">Portoni sezionali motorizzati vs. manuali<\/h2>\n\n\n<p>Quando si considerano le dimensioni, \u00e8 necessario fare una distinzione tra <strong>porte motorizzate<\/strong> e porte manuali. Per le porte sezionali motorizzate si consiglia di prevedere uno spazio aggiuntivo di 120 mm per il meccanismo. Per una versione manuale, invece, \u00e8 sufficiente uno spazio di 80 mm. \u00c8 quindi imperativo tenere conto di queste misure quando si pianifica l&#039;installazione.<\/p>\n\n\n<h3 class=\"wp-block-heading\">Considerazioni tecniche per l&#039;architrave<\/h3>\n\n\n<p>La <strong>altezza dell&#039;architrave<\/strong> \u00e8 un fattore essenziale anche quando si installa una porta sezionale. \u00c8 importante verificare che la caduta dell&#039;architrave sia sufficiente ad accogliere la porta ed i suoi componenti. Per una porta alta 2,00 metri, ad esempio, \u00e8 consigliabile prevedere un architrave alto almeno 2,50 metri. Ci\u00f2 non garantisce solo la funzionalit\u00e0, ma anche un&#039;adeguata sicurezza del garage.<\/p>\n\n\n<h2 class=\"wp-block-heading\">Porta da garage personalizzata<\/h2>\n\n\n<p>Se le dimensioni standard non corrispondono alle tue esigenze specifiche, puoi sempre optare per una <strong>porta garage personalizzata<\/strong>. I produttori offrono la possibilit\u00e0 di personalizzare l&#039;altezza e la larghezza della porta. Potrai cos\u00ec progettare un garage perfettamente adatto alle tue esigenze, rispettando criteri di sicurezza e funzionalit\u00e0.<\/p>\n\n\n<h3 class=\"wp-block-heading\">Conclusione sull&#039;adattamento ottimale<\/h3>\n\n\n<p>In sintesi, \u00e8 fondamentale non trascurare l\u2019altezza nella scelta di una porta da garage sezionale. La dimensione sbagliata pu\u00f2 causare complicazioni sia nell&#039;installazione che nell&#039;uso quotidiano. Assicurati di seguire i consigli sull&#039;altezza e sullo spazio per ottenere il massimo dalla porta del tuo garage, sia per esigenze quotidiane che per considerazioni pratiche.<\/p>","protected":false},"excerpt":{"rendered":"<p>IN SINTESI Altezza minima consigliata: 2,50 metri sotto soffitto per porte sezionali standard. Dimensioni comuni: 200 cm, 212,5 cm, 225 cm, fino a 3 metri. Porte da garage singole tipicamente a 2 metri (200 cm). Configurazione possibile in base alle esigenze: opzioni su misura disponibili. Controllare lo spazio per l&#039;installazione: consentire un minimo... <a title=\"Di quale altezza hai bisogno per una porta da garage sezionale?\" class=\"read-more\" href=\"https:\/\/renouvelable-habitat.fr\/it\/di-quale-altezza-hai-bisogno-per-una-porta-da-garage-sezionale\/\" aria-label=\"Per saperne di pi\u00f9 su Quale altezza \u00e8 necessaria per una porta da garage sezionale?\">Leggi tutto<\/a><\/p>","protected":false},"author":3,"featured_media":1641,"comment_status":"open","ping_status":"open","sticky":false,"template":"","format":"standard","meta":{"_seopress_robots_primary_cat":"0","_seopress_titles_title":"","_seopress_titles_desc":"","_seopress_robots_index":"","inline_featured_image":false,"footnotes":""},"categories":[8],"tags":[],"class_list":["post-1640","post","type-post","status-publish","format-standard","has-post-thumbnail","hentry","category-travaux-maison","generate-columns","tablet-grid-50","mobile-grid-100","grid-parent","grid-33"],"_links":{"self":[{"href":"https:\/\/renouvelable-habitat.fr\/it\/wp-json\/wp\/v2\/posts\/1640","targetHints":{"allow":["GET"]}}],"collection":[{"href":"https:\/\/renouvelable-habitat.fr\/it\/wp-json\/wp\/v2\/posts"}],"about":[{"href":"https:\/\/renouvelable-habitat.fr\/it\/wp-json\/wp\/v2\/types\/post"}],"author":[{"embeddable":true,"href":"https:\/\/renouvelable-habitat.fr\/it\/wp-json\/wp\/v2\/users\/3"}],"replies":[{"embeddable":true,"href":"https:\/\/renouvelable-habitat.fr\/it\/wp-json\/wp\/v2\/comments?post=1640"}],"version-history":[{"count":0,"href":"https:\/\/renouvelable-habitat.fr\/it\/wp-json\/wp\/v2\/posts\/1640\/revisions"}],"wp:featuredmedia":[{"embeddable":true,"href":"https:\/\/renouvelable-habitat.fr\/it\/wp-json\/wp\/v2\/media\/1641"}],"wp:attachment":[{"href":"https:\/\/renouvelable-habitat.fr\/it\/wp-json\/wp\/v2\/media?parent=1640"}],"wp:term":[{"taxonomy":"category","embeddable":true,"href":"https:\/\/renouvelable-habitat.fr\/it\/wp-json\/wp\/v2\/categories?post=1640"},{"taxonomy":"post_tag","embeddable":true,"href":"https:\/\/renouvelable-habitat.fr\/it\/wp-json\/wp\/v2\/tags?post=1640"}],"curies":[{"name":"wp","href":"https:\/\/api.w.org\/{rel}","templated":true}]}}