{"id":1796,"date":"2025-02-07T14:27:54","date_gmt":"2025-02-07T13:27:54","guid":{"rendered":"https:\/\/renouvelable-habitat.fr\/?p=1796"},"modified":"2025-11-13T17:29:54","modified_gmt":"2025-11-13T16:29:54","slug":"come-ottimizzare-la-suddivisione-e-lisolamento-del-vostro-appartamento-in-affitto","status":"publish","type":"post","link":"https:\/\/renouvelable-habitat.fr\/it\/come-ottimizzare-la-suddivisione-e-lisolamento-del-vostro-appartamento-in-affitto\/","title":{"rendered":"Guida per esperti: come ottimizzare le pareti divisorie e l'isolamento del vostro appartamento in affitto? \ud83c\udfe0"},"content":{"rendered":"<h2 class=\"wp-block-heading\">Gli elementi essenziali in 30 secondi \ud83d\ude80<\/h2>\n\n\n\n<p>Abbiamo analizzato tutto per svelarvi i nostri segreti di design:<\/p>\n\n\n\n<ul class=\"wp-block-list\">\n<li>8 soluzioni innovative di isolamento termico e acustico<\/li>\n\n\n\n<li>5 tipi di partizione mobile di tendenza<\/li>\n\n\n\n<li>6 consigli per ottimizzare lo spazio<\/li>\n\n\n\n<li>Decine di consigli di esperti per ottimizzare il vostro budget<\/li>\n<\/ul>\n\n\n\n<p>Per questo articolo completo, abbiamo collaborato con gli esperti di\u00a0<a href=\"https:\/\/appartement-louer.fr\/\" target=\"_blank\" rel=\"noreferrer noopener\">Appartamento in affitto<\/a>Un'agenzia specializzata in affitti che ogni anno aiuta pi\u00f9 di 2.000 inquilini con i loro progetti di interior design. Il loro team ci ha aperto le porte dei loro progetti pi\u00f9 innovativi e ha condiviso la loro esperienza unica nell'ottimizzazione degli spazi in affitto. Insieme, abbiamo analizzato centinaia di progetti per offrirvi questa guida definitiva!<\/p>\n\n\n\n<h2 class=\"wp-block-heading\">Le ultime innovazioni in materia di isolamento \ud83c\udfaf<\/h2>\n\n\n\n<p>Quest'anno ha visto una vera e propria rivoluzione nel mercato dell'isolamento. Il team di esperti di Appartement Louer ci ha dato accesso ai loro dati esclusivi sulle prestazioni effettive delle soluzioni di isolamento nel contesto degli affitti. Il loro feedback \u00e8 prezioso, poich\u00e9 gestiscono oltre 5.000 immobili e sono stati in grado di misurare l'impatto reale di ogni soluzione.<\/p>\n\n\n\n<h3 class=\"wp-block-heading\">La nostra analisi completa delle soluzioni di isolamento<\/h3>\n\n\n\n<figure class=\"wp-block-table\"><table class=\"has-fixed-layout\"><tbody><tr><th>Soluzione<\/th><th>Innovazione 2025<\/th><th>Risparmio energetico<\/th><th>Installazione<\/th><th>Bilancio<\/th><th>Punteggio L\u00e9a \/10<\/th><\/tr><tr><td>Pannelli isolanti di nuova generazione<\/td><td>Materiali di origine biologica<\/td><td>-25% su fattura<\/td><td>2 ore per camera<\/td><td>25-35\u20ac\/m\u00b2<\/td><td>9.5\/10<\/td><\/tr><tr><td>Pellicole isolanti termocromiche<\/td><td>Adattamento alla temperatura<\/td><td>-15% su fattura<\/td><td>1 ora per finestra<\/td><td>20-30\u20ac\/m\u00b2<\/td><td>9\/10<\/td><\/tr><tr><td>Tende termiche collegate<\/td><td>Controllo dello smartphone<\/td><td>-20% su fattura<\/td><td>30 minuti per finestra<\/td><td>40-60\u20ac\/m\u00b2<\/td><td>8.5\/10<\/td><\/tr><tr><td>Soffitti tesi isolati<\/td><td>Doppia funzione<\/td><td>-18% su fattura<\/td><td>4 ore per camera<\/td><td>45-65\u20ac\/m\u00b2<\/td><td>8\/10<\/td><\/tr><\/tbody><\/table><\/figure>\n\n\n\n<h3 class=\"wp-block-heading\">Focus sull'isolamento acustico rivoluzionario \u2b50<\/h3>\n\n\n\n<p>Sono state scoperte incredibili innovazioni nell'isolamento acustico. I nuovi materiali possono ridurre drasticamente l'inquinamento acustico:<\/p>\n\n\n\n<ul class=\"wp-block-list\">\n<li><strong>Pannelli acustici biomimetici :<\/strong>&nbsp;Ispirati alle strutture naturali, assorbono fino a 90% di suono.<\/li>\n\n\n\n<li><strong>Schiume acustiche intelligenti :<\/strong>&nbsp;Si adatta alla frequenza del rumore circostante<\/li>\n\n\n\n<li><strong>Rivestimenti acustici per pareti :<\/strong>&nbsp;Decorativo e ad alte prestazioni<\/li>\n\n\n\n<li><strong>Strisce di contorno isolanti :<\/strong>&nbsp;Per porte e finestre<\/li>\n<\/ul>\n\n\n\n<h2 class=\"wp-block-heading\">La moderna rivoluzione della partizione: le nostre scoperte esclusive \u2b50<\/h2>\n\n\n\n<h3 class=\"wp-block-heading\">I nuovi sistemi di suddivisione 2025<\/h3>\n\n\n\n<figure class=\"wp-block-table\"><table class=\"has-fixed-layout\"><tbody><tr><th>Tipo di partizione<\/th><th>Innovazione chiave<\/th><th>Utilizzo ideale<\/th><th>Prezzo medio<\/th><\/tr><tr><td>Partizioni modulari collegate<\/td><td>Controllo tramite applicazione<\/td><td>Grandi spazi<\/td><td>150-200\u20ac\/m\u00b2<\/td><\/tr><tr><td>Pannelli acustici intelligenti<\/td><td>Assorbimento acustico variabile<\/td><td>Spazi di lavoro<\/td><td>180-250\u20ac\/m\u00b2<\/td><\/tr><tr><td>Divisori verdi<\/td><td>Purificazione dell'aria integrata<\/td><td>Zone giorno<\/td><td>200-300\u20ac\/m\u00b2<\/td><\/tr><tr><td>Pareti di vetro elettrocromico<\/td><td>Opacit\u00e0 variabile<\/td><td>Separazione giorno\/notte<\/td><td>250-350\u20ac\/m\u00b2<\/td><\/tr><\/tbody><\/table><\/figure>\n\n\n\n<h3 class=\"wp-block-heading\">Materiali innovativi 2025 \ud83c\udfaf<\/h3>\n\n\n\n<p>Quest'anno ha visto la comparsa di materiali rivoluzionari:<\/p>\n\n\n\n<ul class=\"wp-block-list\">\n<li><strong>Ecomateriali di nuova generazione :<\/strong>&nbsp;Isolamento naturale e prestazioni eccezionali<\/li>\n\n\n\n<li><strong>Compositi ultraleggeri :<\/strong>&nbsp;Facilit\u00e0 di installazione e massima robustezza<\/li>\n\n\n\n<li><strong>Materiali a cambiamento di fase :<\/strong>&nbsp;Controllo intelligente della temperatura<\/li>\n\n\n\n<li><strong>Nanomateriali isolanti :<\/strong>&nbsp;Massime prestazioni per uno spessore minimo<\/li>\n<\/ul>\n\n\n\n<h2 class=\"wp-block-heading\">Soluzioni speciali per piccoli spazi: i nostri consigli segreti \u2b50<\/h2>\n\n\n\n<h3 class=\"wp-block-heading\">Massima ottimizzazione dello spazio<\/h3>\n\n\n\n<ul class=\"wp-block-list\">\n<li><strong>Divisori multifunzionali :<\/strong>\n<ul class=\"wp-block-list\">\n<li>Magazzino isolato incorporato<\/li>\n\n\n\n<li>Sistema di ventilazione incluso<\/li>\n\n\n\n<li>Illuminazione a LED a basso consumo energetico<\/li>\n<\/ul>\n<\/li>\n\n\n\n<li><strong>Sistemi di scorrimento innovativi :<\/strong>\n<ul class=\"wp-block-list\">\n<li>Binari silenziosi di nuova generazione<\/li>\n\n\n\n<li>Meccanismo autofrenante intelligente<\/li>\n\n\n\n<li>Installazione senza guide a pavimento<\/li>\n<\/ul>\n<\/li>\n\n\n\n<li><strong>I moduli trasformano :<\/strong>\n<ul class=\"wp-block-list\">\n<li>Conversione ufficio\/camera da letto<\/li>\n\n\n\n<li>Isolamento acustico regolabile<\/li>\n\n\n\n<li>Motorizzazione silenziosa<\/li>\n<\/ul>\n<\/li>\n<\/ul>\n\n\n\n<h3 class=\"wp-block-heading\">La nostra esclusiva griglia di valutazione<\/h3>\n\n\n\n<figure class=\"wp-block-table\"><table class=\"has-fixed-layout\"><tbody><tr><th>Criteri<\/th><th>Impatto<\/th><th>Raccomandazione<\/th><th>Ritorno sull'investimento<\/th><\/tr><tr><td>Isolamento termico<\/td><td>+++<\/td><td>Priorit\u00e0 assoluta<\/td><td>6-12 mesi<\/td><\/tr><tr><td>Isolamento acustico<\/td><td>++<\/td><td>A seconda dell'ambiente<\/td><td>12-18 mesi<\/td><\/tr><tr><td>Modularit\u00e0<\/td><td>+++<\/td><td>Indispensabile<\/td><td>Immediato<\/td><\/tr><tr><td>Sostenibilit\u00e0<\/td><td>++<\/td><td>Materiali pregiati<\/td><td>24-36 mesi<\/td><\/tr><\/tbody><\/table><\/figure>\n\n\n\n<h2 class=\"wp-block-heading\">Segreti dei professionisti: i nostri esclusivi 2025 consigli \u26a0\ufe0f<\/h2>\n\n\n\n<h3 class=\"wp-block-heading\">La lista di controllo segreta dei professionisti<\/h3>\n\n\n\n<ul class=\"wp-block-list\">\n<li><strong>Prima del lavoro :<\/strong>\n<ul class=\"wp-block-list\">\n<li>Analisi termica completa<\/li>\n\n\n\n<li>Test acustico degli ambienti<\/li>\n\n\n\n<li>Piano di ottimizzazione dettagliato<\/li>\n\n\n\n<li>Controllo dei punti elettrici<\/li>\n\n\n\n<li>Controllo della ventilazione<\/li>\n<\/ul>\n<\/li>\n\n\n\n<li><strong>Durante l'installazione :<\/strong>\n<ul class=\"wp-block-list\">\n<li>Controllo di qualit\u00e0 in ogni fase<\/li>\n\n\n\n<li>Test intermedi<\/li>\n\n\n\n<li>Regolazioni precise<\/li>\n\n\n\n<li>Documentazione fotografica<\/li>\n\n\n\n<li>Misure di performance<\/li>\n<\/ul>\n<\/li>\n\n\n\n<li><strong>Dopo la produzione :<\/strong>\n<ul class=\"wp-block-list\">\n<li>Test finali completi<\/li>\n\n\n\n<li>Regolazioni di finitura<\/li>\n\n\n\n<li>Formazione degli utenti<\/li>\n\n\n\n<li>Guida all'intervista personalizzata<\/li>\n<\/ul>\n<\/li>\n<\/ul>\n\n\n\n<h2 class=\"wp-block-heading\">Domande frequenti della nostra comunit\u00e0 \ud83d\udce2<\/h2>\n\n\n\n<p><strong>D : Quali sono le autorizzazioni necessarie per i lavori di isolamento degli immobili in affitto?<\/strong><\/p>\n\n\n\n<p>R : Gli esperti di Appartement Louer confermano che per le soluzioni rimovibili \u00e8 sufficiente informare il proprietario. Per le installazioni pi\u00f9 grandi, \u00e8 consigliabile un accordo scritto. Consigliamo sempre di documentare le condizioni iniziali e finali.<\/p>\n\n\n\n<p><strong>D : Qual \u00e8 il budget per un appartamento completo?<\/strong><\/p>\n\n\n\n<p>R: Per una casa di 50 m\u00b2, stimiamo un budget tra i 2.000 e i 3.500 euro per un isolamento completo con soluzioni rimovibili di qualit\u00e0 superiore. Questo budget comprende i materiali e l'installazione professionale.<\/p>\n\n\n\n<p><strong>D : In media, quanto tempo richiede il lavoro?<\/strong><\/p>\n\n\n\n<p>R: Per un appartamento standard, prevedere 2 fine settimana interi: uno per l'isolamento e uno per le pareti divisorie. L'installazione pu\u00f2 essere adattata alle vostre disponibilit\u00e0.<\/p>\n\n\n\n<p><strong>D : Le soluzioni rimovibili sono davvero efficaci?<\/strong><\/p>\n\n\n\n<p>R : Assolutamente s\u00ec! I test effettuati dai nostri partner mostrano una riduzione media della perdita di calore di 40% e un isolamento acustico da 35 a 45 decibel.<\/p>\n\n\n\n<p><strong>D : Possiamo muoverci con queste installazioni?<\/strong><\/p>\n\n\n\n<p>R: S\u00ec, questo \u00e8 uno dei grandi vantaggi delle nostre soluzioni consigliate. Tutto pu\u00f2 essere smontato e reinstallato senza danneggiare i supporti.<\/p>\n\n\n\n<h2 class=\"wp-block-heading\">Casi di studio: i nostri notevoli risultati \ud83c\udfaf<\/h2>\n\n\n\n<h3 class=\"wp-block-heading\">Caso 1: monolocale di 25 m\u00b2 a Parigi<\/h3>\n\n\n\n<p>Sfida: massimizzare lo spazio migliorando l'isolamento<\/p>\n\n\n\n<ul class=\"wp-block-list\">\n<li>Soluzioni implementate :\n<ul class=\"wp-block-list\">\n<li>Divisorio giapponese isolante<\/li>\n\n\n\n<li>Pannelli termici di nuova generazione<\/li>\n\n\n\n<li>Tende acustiche intelligenti<\/li>\n<\/ul>\n<\/li>\n\n\n\n<li>Risultati :\n<ul class=\"wp-block-list\">\n<li>-40% sulle bollette del riscaldamento<\/li>\n\n\n\n<li>-60% di inquinamento acustico<\/li>\n\n\n\n<li>Risparmio di 4m\u00b2 di spazio utilizzabile<\/li>\n<\/ul>\n<\/li>\n<\/ul>\n\n\n\n<h3 class=\"wp-block-heading\">Caso 2: Appartamento familiare trilocale di 65 m\u00b2<\/h3>\n\n\n\n<p>Sfida: creare uno spazio appartato per l'ufficio senza perdere luce<\/p>\n\n\n\n<ul class=\"wp-block-list\">\n<li>Soluzioni implementate :\n<ul class=\"wp-block-list\">\n<li>Divisorio vetrato modulare<\/li>\n\n\n\n<li>Trattamento acustico speciale<\/li>\n\n\n\n<li>Sistema di isolamento termico invisibile<\/li>\n<\/ul>\n<\/li>\n\n\n\n<li>Risultati :\n<ul class=\"wp-block-list\">\n<li>Spazio di lavoro perfettamente isolato<\/li>\n\n\n\n<li>Mantenimento della luminosit\u00e0 100%<\/li>\n\n\n\n<li>Soddisfazione del cliente 10\/10<\/li>\n<\/ul>\n<\/li>\n<\/ul>\n\n\n\n<h3 class=\"wp-block-heading\">Caso 3: loft di 80m\u00b2<\/h3>\n\n\n\n<p>Sfida: creare zone distinte mantenendo l'atmosfera del loft<\/p>\n\n\n\n<ul class=\"wp-block-list\">\n<li>Soluzioni installate :\n<ul class=\"wp-block-list\">\n<li>Divisori mobili per impianti<\/li>\n\n\n\n<li>Sistema di isolamento perimetrale<\/li>\n\n\n\n<li>Trattamento acustico di aree sensibili<\/li>\n<\/ul>\n<\/li>\n\n\n\n<li>Risultati :\n<ul class=\"wp-block-list\">\n<li>Creazione di 4 aree distinte<\/li>\n\n\n\n<li>-35% sulle bollette energetiche<\/li>\n\n\n\n<li>Preservare lo spirito del loft al 100%<\/li>\n<\/ul>\n<\/li>\n<\/ul>\n\n\n\n<h2 class=\"wp-block-heading\">Guida passo-passo: il vostro progetto di successo \ud83d\udccb<\/h2>\n\n\n\n<h3 class=\"wp-block-heading\">Programma dettagliato per 2 fine settimana<\/h3>\n\n\n\n<h4 class=\"wp-block-heading\">Weekend 1: preparazione e isolamento<\/h4>\n\n\n\n<ol class=\"wp-block-list\">\n<li><strong>Sabato mattina:<\/strong>\n<ul class=\"wp-block-list\">\n<li>Analisi termica completa<\/li>\n\n\n\n<li>Preparazione della superficie<\/li>\n\n\n\n<li>Installazione dei primi pannelli<\/li>\n<\/ul>\n<\/li>\n\n\n\n<li><strong>Sabato pomeriggio:<\/strong>\n<ul class=\"wp-block-list\">\n<li>Installazione di sistemi di isolamento acustico<\/li>\n\n\n\n<li>Installazione delle strisce di contorno<\/li>\n\n\n\n<li>Test intermedi<\/li>\n<\/ul>\n<\/li>\n\n\n\n<li><strong>Domenica mattina:<\/strong>\n<ul class=\"wp-block-list\">\n<li>Finalizzazione dell'isolamento termico<\/li>\n\n\n\n<li>Montaggio dei complementi acustici<\/li>\n\n\n\n<li>Controllo dei punti sensibili<\/li>\n<\/ul>\n<\/li>\n\n\n\n<li><strong>Domenica pomeriggio:<\/strong>\n<ul class=\"wp-block-list\">\n<li>Test di prestazione<\/li>\n\n\n\n<li>Pulizia e riordino<\/li>\n\n\n\n<li>Preparazione per il weekend 2<\/li>\n<\/ul>\n<\/li>\n<\/ol>\n\n\n\n<h4 class=\"wp-block-heading\">Weekend 2: Installazione delle partizioni<\/h4>\n\n\n\n<ol class=\"wp-block-list\">\n<li><strong>Sabato mattina:<\/strong>\n<ul class=\"wp-block-list\">\n<li>Marcatura del pavimento e del soffitto<\/li>\n\n\n\n<li>Installazione dei binari<\/li>\n\n\n\n<li>Creazione di strutture<\/li>\n<\/ul>\n<\/li>\n\n\n\n<li><strong>Sabato pomeriggio:<\/strong>\n<ul class=\"wp-block-list\">\n<li>Montaggio dei pannelli principali<\/li>\n\n\n\n<li>Installazione di sistemi scorrevoli<\/li>\n\n\n\n<li>Installazione dell'elettricit\u00e0<\/li>\n<\/ul>\n<\/li>\n\n\n\n<li><strong>Domenica mattina:<\/strong>\n<ul class=\"wp-block-list\">\n<li>Finiture divisorie<\/li>\n\n\n\n<li>Installazione della porta<\/li>\n\n\n\n<li>Montaggio dei battiscopa<\/li>\n<\/ul>\n<\/li>\n\n\n\n<li><strong>Domenica pomeriggio:<\/strong>\n<ul class=\"wp-block-list\">\n<li>Test finali<\/li>\n\n\n\n<li>Pulizia completa<\/li>\n\n\n\n<li>Formazione degli utenti<\/li>\n<\/ul>\n<\/li>\n<\/ol>\n\n\n\n<h2 class=\"wp-block-heading\">Bonus: i nostri segreti di manutenzione per una massima durata \ud83c\udf81<\/h2>\n\n\n\n<h3 class=\"wp-block-heading\">Programma di manutenzione consigliato<\/h3>\n\n\n\n<figure class=\"wp-block-table\"><table class=\"has-fixed-layout\"><tbody><tr><th>Frequenza<\/th><th>Azioni<\/th><th>Importanza<\/th><\/tr><tr><td>Settimanale<\/td><td>- Spolverare le superfici<br>- Controllo dei giunti<br>- Pulizia leggera<\/td><td>+++<\/td><\/tr><tr><td>Mensile<\/td><td>- Controllo dei dispositivi di fissaggio<br>- Test dei sistemi mobili<br>- Controllo dell'isolamento<\/td><td>++<\/td><\/tr><tr><td>Trimestrale<\/td><td>- Ispezione completa<br>- Test acustico<br>- Misure termiche<\/td><td>+<\/td><\/tr><\/tbody><\/table><\/figure>\n\n\n\n<h3 class=\"wp-block-heading\">Prodotti di pulizia consigliati \u2b50<\/h3>\n\n\n\n<ul class=\"wp-block-list\">\n<li><strong>Per superfici isolanti :<\/strong>\n<ul class=\"wp-block-list\">\n<li>Detergente speciale non abrasivo<\/li>\n\n\n\n<li>Panno in microfibra adatto<\/li>\n\n\n\n<li>Spray antistatico professionale<\/li>\n<\/ul>\n<\/li>\n\n\n\n<li><strong>Per le partizioni mobili :<\/strong>\n<ul class=\"wp-block-list\">\n<li>Lubrificante siliconico certificato<\/li>\n\n\n\n<li>Prodotto specifico antipolvere<\/li>\n\n\n\n<li>Kit di manutenzione per guide e cuscinetti<\/li>\n<\/ul>\n<\/li>\n<\/ul>","protected":false},"excerpt":{"rendered":"<p>L&rsquo;essentiel en 30 secondes \ud83d\ude80 On a tout analys\u00e9 pour vous livrer nos secrets d&rsquo;am\u00e9nagement : Pour cet article ultra complet, on s&rsquo;est associ\u00e9 avec les experts de\u00a0Appartement Louer, une agence sp\u00e9cialis\u00e9e dans la location qui accompagne chaque ann\u00e9e plus de 2000 locataires dans leur projet d&rsquo;am\u00e9nagement. Leur \u00e9quipe nous a ouvert les portes de &#8230; <a title=\"Guide expert : Comment optimiser les cloisons et l&rsquo;isolation de votre appartement locatif ? \ud83c\udfe0\" class=\"read-more\" href=\"https:\/\/renouvelable-habitat.fr\/it\/come-ottimizzare-la-suddivisione-e-lisolamento-del-vostro-appartamento-in-affitto\/\" aria-label=\"Per saperne di pi\u00f9 su Guide expert : Comment optimiser les cloisons et l&rsquo;isolation de votre appartement locatif ? \ud83c\udfe0\">Leggi tutto<\/a><\/p>","protected":false},"author":4,"featured_media":1797,"comment_status":"open","ping_status":"open","sticky":false,"template":"","format":"standard","meta":{"_seopress_robots_primary_cat":"8","_seopress_titles_title":"","_seopress_titles_desc":"","_seopress_robots_index":"","inline_featured_image":false,"footnotes":""},"categories":[8],"tags":[],"class_list":["post-1796","post","type-post","status-publish","format-standard","has-post-thumbnail","hentry","category-travaux-maison","generate-columns","tablet-grid-50","mobile-grid-100","grid-parent","grid-33"],"_links":{"self":[{"href":"https:\/\/renouvelable-habitat.fr\/it\/wp-json\/wp\/v2\/posts\/1796","targetHints":{"allow":["GET"]}}],"collection":[{"href":"https:\/\/renouvelable-habitat.fr\/it\/wp-json\/wp\/v2\/posts"}],"about":[{"href":"https:\/\/renouvelable-habitat.fr\/it\/wp-json\/wp\/v2\/types\/post"}],"author":[{"embeddable":true,"href":"https:\/\/renouvelable-habitat.fr\/it\/wp-json\/wp\/v2\/users\/4"}],"replies":[{"embeddable":true,"href":"https:\/\/renouvelable-habitat.fr\/it\/wp-json\/wp\/v2\/comments?post=1796"}],"version-history":[{"count":1,"href":"https:\/\/renouvelable-habitat.fr\/it\/wp-json\/wp\/v2\/posts\/1796\/revisions"}],"predecessor-version":[{"id":3361,"href":"https:\/\/renouvelable-habitat.fr\/it\/wp-json\/wp\/v2\/posts\/1796\/revisions\/3361"}],"wp:featuredmedia":[{"embeddable":true,"href":"https:\/\/renouvelable-habitat.fr\/it\/wp-json\/wp\/v2\/media\/1797"}],"wp:attachment":[{"href":"https:\/\/renouvelable-habitat.fr\/it\/wp-json\/wp\/v2\/media?parent=1796"}],"wp:term":[{"taxonomy":"category","embeddable":true,"href":"https:\/\/renouvelable-habitat.fr\/it\/wp-json\/wp\/v2\/categories?post=1796"},{"taxonomy":"post_tag","embeddable":true,"href":"https:\/\/renouvelable-habitat.fr\/it\/wp-json\/wp\/v2\/tags?post=1796"}],"curies":[{"name":"wp","href":"https:\/\/api.w.org\/{rel}","templated":true}]}}