{"id":2449,"date":"2025-06-07T08:03:37","date_gmt":"2025-06-07T07:03:37","guid":{"rendered":"https:\/\/renouvelable-habitat.fr\/inauguration-dune-centrale-solaire-avec-plus-de-1-200-panneaux-au-dorat\/"},"modified":"2025-06-07T08:03:37","modified_gmt":"2025-06-07T07:03:37","slug":"inauguration-dune-centrale-solaire-avec-plus-de-1-200-panneaux-au-dorat","status":"publish","type":"post","link":"https:\/\/renouvelable-habitat.fr\/it\/inauguration-dune-centrale-solaire-avec-plus-de-1-200-panneaux-au-dorat\/","title":{"rendered":"Inauguration d&rsquo;une centrale solaire avec plus de 1.200 panneaux au Dorat"},"content":{"rendered":"<p>Une avanc\u00e9e notable dans le domaine de l\u2019\u00e9nergie renouvelable a r\u00e9cemment \u00e9t\u00e9 marqu\u00e9e par l\u2019inauguration d\u2019une centrale solaire comportant plus de <strong>1.200 panneaux solaires<\/strong> au Dorat. Ce projet t\u00e9moigne d\u2019une dynamique r\u00e9gionale en faveur de la production d\u2019<strong>\u00e9lectricit\u00e9 verte<\/strong> et s\u2019inscrit dans une d\u00e9marche globale de <strong>transizione energetica<\/strong> vers un <strong>environnement durable<\/strong>. L\u2019installation, fruit d\u2019une collaboration entre acteurs publics et priv\u00e9s, illustre \u00e9galement une <strong>innovation technologique<\/strong> dans le secteur des \u00e9nergies renouvelables. En g\u00e9n\u00e9rant une \u00e9nergie propre et locale, cette centrale participe activement aux objectifs fran\u00e7ais et europ\u00e9ens en mati\u00e8re de r\u00e9duction des \u00e9missions de gaz \u00e0 effet de serre et de promotion du <strong>sustainable energy<\/strong>.<\/p>\n\n<p>Situ\u00e9e dans une r\u00e9gion encore peu exploit\u00e9e pour les installations photovolta\u00efques, la centrale est appel\u00e9e \u00e0 devenir un mod\u00e8le gr\u00e2ce \u00e0 ses performances et \u00e0 ses impacts positifs sur l\u2019\u00e9conomie locale. Le choix du site, soigneusement \u00e9tudi\u00e9, optimise l\u2019ensoleillement et limite les contraintes environnementales, favorisant ainsi une insertion harmonieuse dans le territoire. Cette inauguration s\u2019inscrit dans un contexte concurrentiel et innovant, o\u00f9 d\u2019autres projets similaires, notamment des fermes solaires en Europe comme \u00e0 N\u00fa\u00f1ez de Balboa, influencent les strat\u00e9gies \u00e9nerg\u00e9tiques et encouragent des d\u00e9ploiements massifs de panneaux solaires.<\/p>\n\n<h2 class=\"wp-block-heading\">Caract\u00e9ristiques techniques et avantages de la centrale solaire au Dorat<\/h2>\n\n<p>La centrale install\u00e9e au Dorat est \u00e9quip\u00e9e de plus de <strong>1.200 panneaux solaires<\/strong>, qui couvrent une surface d\u00e9di\u00e9e offrant un rendement adapt\u00e9 aux conditions climatiques locales. Elle int\u00e8gre des technologies \u00e0 la pointe visant \u00e0 maximiser la production d\u2019\u00e9nergie tout en garantissant une faible empreinte \u00e9cologique.<\/p>\n\n<ul class=\"wp-block-list\"><li><strong>Puissance install\u00e9e :<\/strong> environ 600 kWc, permettant d\u2019alimenter plusieurs centaines de foyers.<\/li><li><strong>Production annuelle estim\u00e9e :<\/strong> pr\u00e8s de 700 MWh d\u2019<strong>\u00e9lectricit\u00e9 verte<\/strong>.<\/li><li><strong>Optimisation \u00e9nerg\u00e9tique :<\/strong> panneaux dernier cri avec un syst\u00e8me de suivi solaire automatis\u00e9.<\/li><li><strong>Impact environnemental :<\/strong> r\u00e9duction significative des \u00e9missions de CO2 gr\u00e2ce \u00e0 l\u2019utilisation d\u2019une source d\u2019\u00e9nergie propre.<\/li><li><strong>Insertion paysag\u00e8re :<\/strong> am\u00e9nagements visant \u00e0 minimiser l\u2019impact visuel et prot\u00e9ger la biodiversit\u00e9 locale.<\/li><\/ul>\n\n<figure class=\"wp-block-table\"><table>\n<thead>\n<tr>\n<th>Criteri<\/th>\n<th>Descrizione<\/th>\n<\/tr>\n<\/thead>\n<tbody>\n<tr>\n<td>Nombre de panneaux<\/td>\n<td>1.230 panneaux photovolta\u00efques<\/td>\n<\/tr>\n<tr>\n<td>Capacit\u00e0<\/td>\n<td>600 kWc<\/td>\n<\/tr>\n<tr>\n<td>Production \u00e9nerg\u00e9tique<\/td>\n<td>Environ 700 MWh par an<\/td>\n<\/tr>\n<tr>\n<td>Dur\u00e9e d\u2019amortissement<\/td>\n<td>Environ 8 ans<\/td>\n<\/tr>\n<tr>\n<td>\u00c9missions \u00e9vit\u00e9es<\/td>\n<td>Plus de 350 tonnes de CO2 par an<\/td>\n<\/tr>\n<\/tbody>\n<\/table><\/figure>\n\n<figure class=\"wp-block-image size-full\"><img decoding=\"async\" width=\"1344\" height=\"768\" src=\"https:\/\/renouvelable-habitat.fr\/wp-content\/uploads\/2025\/06\/Inauguration-dune-centrale-solaire-avec-plus-de-1.200-panneaux-au-Dorat-1.jpg\" alt=\"d\u00e9couvrez l&#039;inauguration d&#039;une nouvelle centrale solaire au dorat, dot\u00e9e de plus de 1.200 panneaux photovolta\u00efques. cet \u00e9v\u00e9nement marque un pas important vers les \u00e9nergies renouvelables et la durabilit\u00e9 dans notre r\u00e9gion.\" class=\"wp-image-2447\" srcset=\"https:\/\/renouvelable-habitat.fr\/wp-content\/uploads\/2025\/06\/Inauguration-dune-centrale-solaire-avec-plus-de-1.200-panneaux-au-Dorat-1.jpg 1344w, https:\/\/renouvelable-habitat.fr\/wp-content\/uploads\/2025\/06\/Inauguration-dune-centrale-solaire-avec-plus-de-1.200-panneaux-au-Dorat-1-300x171.jpg 300w, https:\/\/renouvelable-habitat.fr\/wp-content\/uploads\/2025\/06\/Inauguration-dune-centrale-solaire-avec-plus-de-1.200-panneaux-au-Dorat-1-1024x585.jpg 1024w, https:\/\/renouvelable-habitat.fr\/wp-content\/uploads\/2025\/06\/Inauguration-dune-centrale-solaire-avec-plus-de-1.200-panneaux-au-Dorat-1-768x439.jpg 768w, https:\/\/renouvelable-habitat.fr\/wp-content\/uploads\/2025\/06\/Inauguration-dune-centrale-solaire-avec-plus-de-1.200-panneaux-au-Dorat-1-18x10.jpg 18w\" sizes=\"(max-width: 1344px) 100vw, 1344px\" \/><\/figure>\n\n<h3 class=\"wp-block-heading\">B\u00e9n\u00e9fices \u00e9conomiques et sociaux de la centrale solaire<\/h3>\n\n<p>L\u2019installation favorise le d\u00e9veloppement \u00e9conomique local en cr\u00e9ant des emplois temporaires et en valorisant les comp\u00e9tences techniques autour de <strong>l\u2019\u00e9nergie renouvelable<\/strong>. Par ailleurs, la production d\u2019<strong>\u00e9lectricit\u00e9 verte<\/strong> contribue \u00e0 l\u2019autonomie \u00e9nerg\u00e9tique des collectivit\u00e9s, ce qui r\u00e9duit leur d\u00e9pendance aux \u00e9nergies fossiles.<\/p>\n\n<ul class=\"wp-block-list\"><li><strong>Emplois cr\u00e9\u00e9s :<\/strong> plusieurs dizaines pendant la construction et la maintenance.<\/li><li><strong>Stimulation \u00e9conomique :<\/strong> achats locaux et partenariats r\u00e9gionaux.<\/li><li><strong>Contribution \u00e0 la transition :<\/strong> appui aux politiques territoriales d\u2019\u00e9nergie durable.<\/li><li><strong>Formation professionnelle :<\/strong> opportunit\u00e9s pour les jeunes dans les m\u00e9tiers li\u00e9s aux renouvelables.<\/li><\/ul>\n\n<figure class=\"wp-block-table\"><table>\n<thead>\n<tr>\n<th>Impatto<\/th>\n<th>Dettagli<\/th>\n<\/tr>\n<\/thead>\n<tbody>\n<tr>\n<td>Cr\u00e9ation d\u2019emplois<\/td>\n<td>Environ 30 postes sur la dur\u00e9e du projet<\/td>\n<\/tr>\n<tr>\n<td>Autonomia energetica<\/td>\n<td>R\u00e9duction de l\u2019achat d\u2019\u00e9lectricit\u00e9 externe de 15%<\/td>\n<\/tr>\n<tr>\n<td>Investissement local<\/td>\n<td>Plus de 1 million d\u2019euros inject\u00e9s dans l\u2019\u00e9conomie r\u00e9gionale<\/td>\n<\/tr>\n<\/tbody>\n<\/table><\/figure>\n\n<figure class=\"is-provider-youtube is-type-video wp-block-embed wp-block-embed-youtube wp-embed-aspect-16-9 wp-has-aspect-ratio\"><div class=\"wp-block-embed__wrapper\">\n<iframe title=\"Comment Fonctionne la Plus Grande Centrale Solaire du Monde\" width=\"1200\" height=\"675\" src=\"https:\/\/www.youtube.com\/embed\/wTtouQqGQbM?feature=oembed\" frameborder=\"0\" allow=\"accelerometer; autoplay; clipboard-write; encrypted-media; gyroscope; picture-in-picture; web-share\" referrerpolicy=\"strict-origin-when-cross-origin\" allowfullscreen><\/iframe>\n<\/div><\/figure>\n\n<h2 class=\"wp-block-heading\">La centrale solaire du Dorat dans le contexte plus large de la transition \u00e9nerg\u00e9tique<\/h2>\n\n<p>Le projet du Dorat s\u2019inscrit dans une dynamique r\u00e9gionale et nationale visant \u00e0 renforcer la part des <strong>energie rinnovabili<\/strong> dans le mix \u00e9nerg\u00e9tique. Cette initiative rejoint d\u2019autres r\u00e9alisations majeures, telles que la centrale de N\u00fa\u00f1ez de Balboa, la plus puissante d\u2019Europe en 2023, ou les projets en Moselle et en Ille-et-Vilaine, qui t\u00e9moignent d\u2019un engagement croissant vers un futur \u00e9nerg\u00e9tique d\u00e9carbon\u00e9.<\/p>\n\n<ul class=\"wp-block-list\"><li><strong>Alignement avec les objectifs europ\u00e9ens<\/strong> de neutralit\u00e9 carbone \u00e0 horizon 2050.<\/li><li><strong>Promotion de projets locaux<\/strong> \u00e0 forte valeur ajout\u00e9e pour les territoires.<\/li><li><strong>Encouragement de l\u2019innovation technologique<\/strong> dans le secteur photovolta\u00efque.<\/li><li><strong>Soutien aux producteurs locaux<\/strong> et \u00e0 la fili\u00e8re industrielle.<\/li><\/ul>\n\n<figure class=\"wp-block-table\"><table>\n<thead>\n<tr>\n<th>Projet<\/th>\n<th>Capacit\u00e0<\/th>\n<th>R\u00e9gion<\/th>\n<th>Ann\u00e9e de mise en service<\/th>\n<\/tr>\n<\/thead>\n<tbody>\n<tr>\n<td>Centrale de N\u00fa\u00f1ez de Balboa<\/td>\n<td>500 MWc<\/td>\n<td>Espagne<\/td>\n<td>2023<\/td>\n<\/tr>\n<tr>\n<td>Parc solaire du Dorat<\/td>\n<td>0,6 MWc<\/td>\n<td>Francia<\/td>\n<td>2025<\/td>\n<\/tr>\n<tr>\n<td>Usine de panneaux en Moselle<\/td>\n<td>Production annuelle de 10 millions d\u2019unit\u00e9s<\/td>\n<td>Francia<\/td>\n<td>2025<\/td>\n<\/tr>\n<tr>\n<td>Parc solaire \u00e0 Guignen<\/td>\n<td>Environ 11.000 panneaux<\/td>\n<td>Ille-et-Vilaine<\/td>\n<td>2021<\/td>\n<\/tr>\n<\/tbody>\n<\/table><\/figure>\n\n<figure class=\"wp-block-image size-full\"><img decoding=\"async\" width=\"1344\" height=\"768\" src=\"https:\/\/renouvelable-habitat.fr\/wp-content\/uploads\/2025\/06\/Inauguration-dune-centrale-solaire-avec-plus-de-1.200-panneaux-au-Dorat-2.jpg\" alt=\"d\u00e9couvrez l&#039;inauguration d&#039;une centrale solaire au dorat, dot\u00e9e de plus de 1.200 panneaux solaires. cet \u00e9v\u00e9nement marque un tournant vers des \u00e9nergies renouvelables durables et un engagement fort pour l&#039;environnement. rejoignez-nous pour c\u00e9l\u00e9brer cette avanc\u00e9e \u00e9cologique et son impact positif sur la communaut\u00e9.\" class=\"wp-image-2448\" srcset=\"https:\/\/renouvelable-habitat.fr\/wp-content\/uploads\/2025\/06\/Inauguration-dune-centrale-solaire-avec-plus-de-1.200-panneaux-au-Dorat-2.jpg 1344w, https:\/\/renouvelable-habitat.fr\/wp-content\/uploads\/2025\/06\/Inauguration-dune-centrale-solaire-avec-plus-de-1.200-panneaux-au-Dorat-2-300x171.jpg 300w, https:\/\/renouvelable-habitat.fr\/wp-content\/uploads\/2025\/06\/Inauguration-dune-centrale-solaire-avec-plus-de-1.200-panneaux-au-Dorat-2-1024x585.jpg 1024w, https:\/\/renouvelable-habitat.fr\/wp-content\/uploads\/2025\/06\/Inauguration-dune-centrale-solaire-avec-plus-de-1.200-panneaux-au-Dorat-2-768x439.jpg 768w, https:\/\/renouvelable-habitat.fr\/wp-content\/uploads\/2025\/06\/Inauguration-dune-centrale-solaire-avec-plus-de-1.200-panneaux-au-Dorat-2-18x10.jpg 18w\" sizes=\"(max-width: 1344px) 100vw, 1344px\" \/><\/figure>\n\n<figure class=\"is-provider-youtube is-type-video wp-block-embed wp-block-embed-youtube wp-embed-aspect-16-9 wp-has-aspect-ratio\"><div class=\"wp-block-embed__wrapper\">\n<iframe title=\"Afterwork chez IGarden Montpellier , o\u00f9 le soleil tape\u2026 sur nos panneaux solaires ! \u2600\ufe0f\" width=\"1200\" height=\"675\" src=\"https:\/\/www.youtube.com\/embed\/qYE1FQC8bJE?feature=oembed\" frameborder=\"0\" allow=\"accelerometer; autoplay; clipboard-write; encrypted-media; gyroscope; picture-in-picture; web-share\" referrerpolicy=\"strict-origin-when-cross-origin\" allowfullscreen><\/iframe>\n<\/div><\/figure>\n\n<h3 class=\"wp-block-heading\">Perspectives d\u2019\u00e9volution et enjeux pour un avenir durable<\/h3>\n\n<p>Le d\u00e9veloppement de telles centrales souligne l\u2019importance de poursuivre les efforts en mati\u00e8re de <strong>transizione energetica<\/strong>. Les enjeux techniques, \u00e9conomiques et environnementaux restent au c\u0153ur des d\u00e9bats, notamment en ce qui concerne :<\/p>\n\n<ul class=\"wp-block-list\"><li><strong>l\u2019int\u00e9gration harmonieuse<\/strong> des infrastructures dans les paysages ruraux;<\/li><li><strong>l\u2019optimisation des performances<\/strong> par l\u2019innovation technologique;<\/li><li><strong>la sensibilisation des citoyens<\/strong> \u00e0 l\u2019importance d\u2019adopter des pratiques \u00e9nerg\u00e9tiques durables;<\/li><li><strong>le soutien aux fili\u00e8res locales<\/strong> pour renforcer la comp\u00e9titivit\u00e9 et la souverainet\u00e9 \u00e9nerg\u00e9tique.<\/li><\/ul>\n\n<p>Des initiatives comme le projet Horizeo en Gironde ou la centrale de Marmagne viennent compl\u00e9ter ce panorama, faisant \u00e9merger une nouvelle g\u00e9n\u00e9ration d\u2019installations hybrides \u00e0 haute performance (<a href=\"https:\/\/renouvelable-habitat.fr\/it\/cloture-du-projet-horizeo-le-colossal-parc-solaire-dengie-et-neoen\/\">lire aussi<\/a>).<\/p>\n\n<figure class=\"wp-block-table\"><table>\n<thead>\n<tr>\n<th>Enjeu<\/th>\n<th>D\u00e9fi \u00e0 relever<\/th>\n<\/tr>\n<\/thead>\n<tbody>\n<tr>\n<td>Int\u00e9gration paysag\u00e8re<\/td>\n<td>R\u00e9duction de l&rsquo;impact visuel et protection de la biodiversit\u00e9 locale<\/td>\n<\/tr>\n<tr>\n<td>Innovation<\/td>\n<td>Am\u00e9lioration continue des panneaux et syst\u00e8mes de suivi<\/td>\n<\/tr>\n<tr>\n<td>Acceptation sociale<\/td>\n<td>Information et concertation avec les riverains<\/td>\n<\/tr>\n<tr>\n<td>Comp\u00e9titivit\u00e9<\/td>\n<td>D\u00e9veloppement des fili\u00e8res industrielles r\u00e9gionales<\/td>\n<\/tr>\n<\/tbody>\n<\/table><\/figure>\n\n<div style=\"display: block;\">\n<div id=\"fb-root\"><\/div>\n<script async defer src=\"https:\/\/connect.facebook.net\/en_US\/sdk.js#xfbml=1&#038;version=v3.2\"><\/script>\n<div class=\"fb-post\" data-href=\"https:\/\/www.facebook.com\/Helioselectricite\/posts\/356968512688142\" data-width=\"500\" data-show-text=\"true\"><\/div>\n<\/div>\n\n<h2 class=\"wp-block-heading\">Foire aux questions sur la centrale solaire au Dorat et les \u00e9nergies renouvelables<\/h2>\n\n<p><dl>\n<dt>Quelle est la capacit\u00e9 r\u00e9elle de la centrale solaire inaugur\u00e9e au Dorat ?<\/dt>\n<dd>La centrale dispose d\u2019une capacit\u00e9 install\u00e9e d\u2019environ <strong>600 kWc<\/strong>, ce qui lui permet de produire environ <strong>700 MWh<\/strong> d\u2019\u00e9lectricit\u00e9 verte par an.<\/dd>\n<dt>Quels sont les b\u00e9n\u00e9fices environnementaux du projet ?<\/dt>\n<dd>Ce projet permet d\u2019\u00e9viter plus de <strong>350 tonnes de CO2<\/strong> par an gr\u00e2ce \u00e0 l\u2019utilisation d\u2019une source d\u2019\u00e9nergie renouvelable et propre.<\/dd>\n<dt>Comment ce projet s\u2019inscrit-il dans la transition \u00e9nerg\u00e9tique r\u00e9gionale ?<\/dt>\n<dd>Il compl\u00e8te les efforts locaux pour augmenter la part d\u2019\u00e9nergies renouvelables, participant \u00e0 l\u2019objectif national et europ\u00e9en de neutralit\u00e9 carbone \u00e0 long terme.<\/dd>\n<dt>Y a-t-il des emplois cr\u00e9\u00e9s gr\u00e2ce \u00e0 la centrale ?<\/dt>\n<dd>Oui, la construction et la maintenance ont g\u00e9n\u00e9r\u00e9 une trentaine d\u2019emplois directs sur la dur\u00e9e du projet et encouragent le d\u00e9veloppement de comp\u00e9tences locales.<\/dd>\n<dt>Quels sont les principaux d\u00e9fis pour de tels projets ?<\/dt>\n<dd>Ils concernent principalement l\u2019int\u00e9gration paysag\u00e8re, l\u2019innovation technologique constante, l\u2019acceptation sociale et la comp\u00e9titivit\u00e9 industrielle.<\/dd>\n<\/dl><\/p>","protected":false},"excerpt":{"rendered":"<p>Une avanc\u00e9e notable dans le domaine de l\u2019\u00e9nergie renouvelable a r\u00e9cemment \u00e9t\u00e9 marqu\u00e9e par l\u2019inauguration d\u2019une centrale solaire comportant plus de 1.200 panneaux solaires au Dorat. Ce projet t\u00e9moigne d\u2019une dynamique r\u00e9gionale en faveur de la production d\u2019\u00e9lectricit\u00e9 verte et s\u2019inscrit dans une d\u00e9marche globale de transition \u00e9nerg\u00e9tique vers un environnement durable. L\u2019installation, fruit d\u2019une &#8230; <a title=\"Inauguration d&rsquo;une centrale solaire avec plus de 1.200 panneaux au Dorat\" class=\"read-more\" href=\"https:\/\/renouvelable-habitat.fr\/it\/inauguration-dune-centrale-solaire-avec-plus-de-1-200-panneaux-au-dorat\/\" aria-label=\"Per saperne di pi\u00f9 su Inauguration d&rsquo;une centrale solaire avec plus de 1.200 panneaux au Dorat\">Leggi tutto<\/a><\/p>","protected":false},"author":3,"featured_media":2446,"comment_status":"open","ping_status":"open","sticky":false,"template":"","format":"standard","meta":{"_seopress_robots_primary_cat":"","_seopress_titles_title":"Inauguration d'une centrale solaire innovante au Dorat","_seopress_titles_desc":"Inauguration d'une centrale solaire au Dorat : plus de 1.200 panneaux install\u00e9s pour une \u00e9nergie propre et durable dans la r\u00e9gion.","_seopress_robots_index":"","inline_featured_image":false,"footnotes":""},"categories":[16],"tags":[],"class_list":["post-2449","post","type-post","status-publish","format-standard","has-post-thumbnail","hentry","category-actualite","generate-columns","tablet-grid-50","mobile-grid-100","grid-parent","grid-33"],"_links":{"self":[{"href":"https:\/\/renouvelable-habitat.fr\/it\/wp-json\/wp\/v2\/posts\/2449","targetHints":{"allow":["GET"]}}],"collection":[{"href":"https:\/\/renouvelable-habitat.fr\/it\/wp-json\/wp\/v2\/posts"}],"about":[{"href":"https:\/\/renouvelable-habitat.fr\/it\/wp-json\/wp\/v2\/types\/post"}],"author":[{"embeddable":true,"href":"https:\/\/renouvelable-habitat.fr\/it\/wp-json\/wp\/v2\/users\/3"}],"replies":[{"embeddable":true,"href":"https:\/\/renouvelable-habitat.fr\/it\/wp-json\/wp\/v2\/comments?post=2449"}],"version-history":[{"count":0,"href":"https:\/\/renouvelable-habitat.fr\/it\/wp-json\/wp\/v2\/posts\/2449\/revisions"}],"wp:featuredmedia":[{"embeddable":true,"href":"https:\/\/renouvelable-habitat.fr\/it\/wp-json\/wp\/v2\/media\/2446"}],"wp:attachment":[{"href":"https:\/\/renouvelable-habitat.fr\/it\/wp-json\/wp\/v2\/media?parent=2449"}],"wp:term":[{"taxonomy":"category","embeddable":true,"href":"https:\/\/renouvelable-habitat.fr\/it\/wp-json\/wp\/v2\/categories?post=2449"},{"taxonomy":"post_tag","embeddable":true,"href":"https:\/\/renouvelable-habitat.fr\/it\/wp-json\/wp\/v2\/tags?post=2449"}],"curies":[{"name":"wp","href":"https:\/\/api.w.org\/{rel}","templated":true}]}}