{"id":2678,"date":"2025-06-23T08:01:46","date_gmt":"2025-06-23T07:01:46","guid":{"rendered":"https:\/\/renouvelable-habitat.fr\/a-perthes-le-plus-vaste-parc-solaire-flottant-deurope-prend-son-envol\/"},"modified":"2025-06-23T08:01:46","modified_gmt":"2025-06-23T07:01:46","slug":"a-perthes-le-plus-vaste-parc-solaire-flottant-deurope-prend-son-envol","status":"publish","type":"post","link":"https:\/\/renouvelable-habitat.fr\/it\/a-perthes-le-plus-vaste-parc-solaire-flottant-deurope-prend-son-envol\/","title":{"rendered":"\u00c0 Perthes, le plus vaste parc solaire flottant d&rsquo;Europe prend son envol"},"content":{"rendered":"<p>Le 20 juin 2025 marque une \u00e9tape majeure dans le d\u00e9veloppement des \u00e9nergies renouvelables en Europe avec l\u2019inauguration \u00e0 Perthes, en Haute-Marne, du plus vaste parc solaire flottant du continent. Install\u00e9 sur 127 hectares d\u2019anciennes gravi\u00e8res d\u00e9sormais transform\u00e9es en \u00e9tangs, ce complexe baptis\u00e9 \u00ab Les \u00celots Blandin \u00bb rassemble plus de 135 000 panneaux solaires pos\u00e9s sur des flotteurs, r\u00e9partis sur six bassins. Ce projet innovant s\u2019inscrit dans la transition \u00e9nerg\u00e9tique en apportant une production \u00e9lectrique d\u00e9carbon\u00e9e capable d\u2019alimenter entre 26 000 et 30 000 foyers, renfor\u00e7ant ainsi l\u2019autonomie \u00e9nerg\u00e9tique locale. En mobilisant des acteurs majeurs du secteur, tels que Q Energy, Velto Renewables, mais aussi EDF Renouvelables, Engie, TotalEnergies et Vattenfall, ce site refl\u00e8te l\u2019ambition europ\u00e9enne d\u2019acc\u00e9l\u00e9rer la diversification des sources d\u2019\u00e9nergie tout en respectant l\u2019environnement et en stimulant l\u2019\u00e9conomie r\u00e9gionale.<\/p>\n\n<h2 class=\"wp-block-heading\">Caract\u00e9ristiques techniques du plus grand parc solaire flottant d\u2019Europe \u00e0 Perthes<\/h2>\n\n<p>Ce parc solaire repose sur une infrastructure \u00e9tendue de 127 hectares au c\u0153ur des \u00eelots Blandin, un site anciennement exploit\u00e9 pour ses ressources alluvionnaires. La centrale mesure une puissance install\u00e9e pouvant atteindre <strong>74,3 MWc<\/strong>, gr\u00e2ce \u00e0 :<\/p>\n\n<ul class=\"wp-block-list\"><li>Pi\u00f9 di <strong>135 000 panneaux photovolta\u00efques<\/strong> flottants.<\/li><li>L\u2019utilisation de pr\u00e8s de <strong>200 000 flotteurs<\/strong> pour maintenir les modules \u00e0 la surface de six bassins artificiels.<\/li><li>Un r\u00e9seau de <strong>15 km de c\u00e2bles \u00e9lectriques<\/strong> permettant le raccordement au poste source situ\u00e9 \u00e0 Saint-Dizier.<\/li><\/ul>\n\n<p>Par ailleurs, la centrale int\u00e8gre une gestion intelligente assur\u00e9e par des capteurs qui surveillent en temps r\u00e9el l\u2019\u00e9tat des installations pour optimiser la production et programmer des maintenances pr\u00e9ventives.<\/p>\n\n<figure class=\"wp-block-image size-full\"><img decoding=\"async\" width=\"1344\" height=\"768\" src=\"https:\/\/renouvelable-habitat.fr\/wp-content\/uploads\/2025\/06\/A-Perthes-le-plus-vaste-parc-solaire-flottant-dEurope-prend-son-envol-1.jpg\" alt=\"d\u00e9couvrez le plus vaste parc solaire flottant d&#039;europe \u00e0 perthes, un projet innovant qui r\u00e9volutionne l&#039;\u00e9nergie renouvelable. plongez dans cette initiative respectueuse de l&#039;environnement et explorez ses b\u00e9n\u00e9fices pour la plan\u00e8te et les communaut\u00e9s locales.\" class=\"wp-image-2677\" srcset=\"https:\/\/renouvelable-habitat.fr\/wp-content\/uploads\/2025\/06\/A-Perthes-le-plus-vaste-parc-solaire-flottant-dEurope-prend-son-envol-1.jpg 1344w, https:\/\/renouvelable-habitat.fr\/wp-content\/uploads\/2025\/06\/A-Perthes-le-plus-vaste-parc-solaire-flottant-dEurope-prend-son-envol-1-300x171.jpg 300w, https:\/\/renouvelable-habitat.fr\/wp-content\/uploads\/2025\/06\/A-Perthes-le-plus-vaste-parc-solaire-flottant-dEurope-prend-son-envol-1-1024x585.jpg 1024w, https:\/\/renouvelable-habitat.fr\/wp-content\/uploads\/2025\/06\/A-Perthes-le-plus-vaste-parc-solaire-flottant-dEurope-prend-son-envol-1-768x439.jpg 768w, https:\/\/renouvelable-habitat.fr\/wp-content\/uploads\/2025\/06\/A-Perthes-le-plus-vaste-parc-solaire-flottant-dEurope-prend-son-envol-1-18x10.jpg 18w\" sizes=\"(max-width: 1344px) 100vw, 1344px\" \/><\/figure>\n\n<figure class=\"wp-block-table\"><table>\n<thead>\n<tr>\n<th>Elemento<\/th>\n<th>Caratteristiche<\/th>\n<th>Dettagli<\/th>\n<\/tr>\n<\/thead>\n<tbody>\n<tr>\n<td>Zona<\/td>\n<td>127 hectares<\/td>\n<td>Anciennes gravi\u00e8res r\u00e9am\u00e9nag\u00e9es<\/td>\n<\/tr>\n<tr>\n<td>Nombre de panneaux<\/td>\n<td>135 000<\/td>\n<td>Sur 6 bassins dont 4 en fonction d\u00e9but 2025<\/td>\n<\/tr>\n<tr>\n<td>Puissance install\u00e9e<\/td>\n<td>74,3 MWc<\/td>\n<td>Production destin\u00e9e \u00e0 26 000\u201330 000 foyers<\/td>\n<\/tr>\n<tr>\n<td>Raccordement<\/td>\n<td>15 km de c\u00e2bles<\/td>\n<td>Vers le poste source \u00e0 Saint-Dizier<\/td>\n<\/tr>\n<tr>\n<td>Dur\u00e9e de vie des installations<\/td>\n<td>20 \u00e0 25 ans<\/td>\n<td>Entretien r\u00e9gulier et contr\u00f4le \u00e0 distance<\/td>\n<\/tr>\n<\/tbody>\n<\/table><\/figure>\n\n<h3 class=\"wp-block-heading\">Un projet exemplaire de partenariat et d\u2019innovation \u00e9nerg\u00e9tique<\/h3>\n\n<p>Le lancement de cette vaste centrale est le fruit d\u2019une collaboration entre Q Energy, initiateur du projet, et plusieurs partenaires industriels et financiers. Parmi eux figurent des poids lourds comme Solvay, Green Eagle Solutions, Enel Green Power, SunPower, Akuo Energy, ainsi que Velto Renewables et des soci\u00e9t\u00e9s sp\u00e9cialis\u00e9es dans les infrastructures \u00e9nerg\u00e9tiques. Cette synergie assure :<\/p>\n\n<ul class=\"wp-block-list\"><li>Un d\u00e9ploiement technique avanc\u00e9, int\u00e9grant des technologies dernier cri pour la production solaire flottante.<\/li><li>Un mod\u00e8le \u00e9conomique durable reposant sur un investissement d\u2019environ <strong>50 millions d\u2019euros<\/strong>.<\/li><li>Un apport significatif \u00e0 la transition \u00e9nerg\u00e9tique et \u00e0 la r\u00e9duction des \u00e9missions de CO2, estim\u00e9es \u00e0 <strong>16 000 tonnes \u00e9vit\u00e9es par an<\/strong>.<\/li><\/ul>\n\n<p>Ce projet illustre aussi les compl\u00e9mentarit\u00e9s entre acteurs priv\u00e9s et gestionnaires publics du r\u00e9seau, en particulier avec Enedis, gestionnaire de la distribution \u00e9lectrique qui assure les raccordements, garantissant ainsi une int\u00e9gration efficace au r\u00e9seau national.<\/p>\n\n<figure class=\"is-provider-youtube is-type-video wp-block-embed wp-block-embed-youtube wp-embed-aspect-16-9 wp-has-aspect-ratio\"><div class=\"wp-block-embed__wrapper\">\n<iframe title=\"Pre\u0301sentation Solaire flottant - Mon Parc Solaire\" width=\"1200\" height=\"675\" src=\"https:\/\/www.youtube.com\/embed\/3Icn_dsS8lk?feature=oembed\" frameborder=\"0\" allow=\"accelerometer; autoplay; clipboard-write; encrypted-media; gyroscope; picture-in-picture; web-share\" referrerpolicy=\"strict-origin-when-cross-origin\" allowfullscreen><\/iframe>\n<\/div><\/figure>\n\n<h2 class=\"wp-block-heading\">Acceptabilit\u00e9 et retomb\u00e9es socio-\u00e9conomiques du parc solaire flottant de Perthes<\/h2>\n\n<p>La r\u00e9alisation de ce parc a n\u00e9cessit\u00e9 un long processus d\u2019enqu\u00eate et d\u2019autorisations, men\u00e9 entre 2019 et 2022, qui a r\u00e9v\u00e9l\u00e9 une quasi-unanimit\u00e9 favorable de la population. Seule une opposition isol\u00e9e a \u00e9t\u00e9 relev\u00e9e lors des consultations publiques, t\u00e9moignant d\u2019une grande acceptabilit\u00e9 locale. Le d\u00e9put\u00e9 Charles de Courson a qualifi\u00e9 l\u2019installation de \u00ab\u00a0raisonnable,\u00a0\u00bb surtout compar\u00e9e \u00e0 d\u2019autres moyens de production \u00e0 co\u00fbt sup\u00e9rieur comme l\u2019EPR de Flamanville.<\/p>\n\n<ul class=\"wp-block-list\"><li>Le parc offre une source d\u2019\u00e9nergie <strong>propre, d\u00e9carbon\u00e9e et proche du territoire<\/strong>.<\/li><li>Il apporte un <strong>impulsion \u00e9conomique locale<\/strong> gr\u00e2ce \u00e0 la redistribution des taxes : 20 % pour la commune de Perthes, 30 % pour le d\u00e9partement de la Haute-Marne, 50 % pour l\u2019agglom\u00e9ration du Grand Saint-Dizier.<\/li><li>Le site respecte la biodiversit\u00e9 en laissant un bassin et en assurant une gestion \u00e9quilibr\u00e9e des \u00eelots.<\/li><\/ul>\n\n<p>Ce mod\u00e8le suscite l\u2019int\u00e9r\u00eat des experts et acteurs du march\u00e9, comme TotalEnergies, EDF Renouvelables ou Akuo Energy, soucieux d\u2019int\u00e9grer ce type de solutions dans leurs portefeuilles d\u2019\u00e9nergie renouvelable.<\/p>\n\n<figure class=\"wp-block-table\"><table>\n<thead>\n<tr>\n<th>Aspetto<\/th>\n<th>Descrizione<\/th>\n<\/tr>\n<\/thead>\n<tbody>\n<tr>\n<td>Accettabilit\u00e0 locale<\/td>\n<td>Majoritairement positive, une seule opposition publique<\/td>\n<\/tr>\n<tr>\n<td>Impacts environnementaux<\/td>\n<td>\u00c9vitement de 16 000 tonnes de CO2\/an, pr\u00e9servation d\u2019un bassin sur 7<\/td>\n<\/tr>\n<tr>\n<td>Retomb\u00e9es fiscales<\/td>\n<td>20% \u00e0 Perthes, 30% Haute-Marne, 50% Grand Saint-Dizier<\/td>\n<\/tr>\n<tr>\n<td>Dur\u00e9e d\u2019exploitation pr\u00e9vue<\/td>\n<td>20-25 ans avec maintenance r\u00e9guli\u00e8re<\/td>\n<\/tr>\n<\/tbody>\n<\/table><\/figure>\n\n<figure class=\"is-provider-youtube is-type-video wp-block-embed wp-block-embed-youtube wp-embed-aspect-16-9 wp-has-aspect-ratio\"><div class=\"wp-block-embed__wrapper\">\n<iframe title=\"Une centrale phtovoltaique sur le lac de Saint-Maurice-la-Clou\u00e8re dans la Vienne,\" width=\"1200\" height=\"675\" src=\"https:\/\/www.youtube.com\/embed\/ktV7Di2IaHU?feature=oembed\" frameborder=\"0\" allow=\"accelerometer; autoplay; clipboard-write; encrypted-media; gyroscope; picture-in-picture; web-share\" referrerpolicy=\"strict-origin-when-cross-origin\" allowfullscreen><\/iframe>\n<\/div><\/figure>\n\n\n\n<h3 class=\"wp-block-heading\">Entretien et p\u00e9rennit\u00e9 des installations<\/h3>\n\n<p>Pour garantir la performance sur le long terme, les \u00e9quipes maintiennent une routine d\u2019entretien comprenant :<\/p>\n\n<ul class=\"wp-block-list\"><li>Le nettoyage r\u00e9gulier des panneaux pour optimiser leur rendement.<\/li><li>Des inspections p\u00e9riodiques selon des calendriers \u00e9tablis par capteurs intelligents.<\/li><li>Une surveillance \u00e0 distance pour d\u00e9tecter et corriger rapidement toute anomalie.<\/li><\/ul>\n\n<p>Le gestionnaire construction, F\u00e9lix Maurin, souligne une dur\u00e9e de vie comprise entre 20 et 25 ans, avec une base terrestre compensatoire qui produit une partie de l\u2019\u00e9lectricit\u00e9 en compl\u00e9ment des panneaux flottants. Ce suivi rigoureux est indispensable \u00e0 la viabilit\u00e9 \u00e9conomique et environnementale du projet.<\/p>\n\n<h2 class=\"wp-block-heading\">Questions fr\u00e9quentes sur le parc solaire flottant de Perthes<\/h2>\n\n<figure class=\"wp-block-table\"><table>\n<thead>\n<tr>\n<th>Question<\/th>\n<th>R\u00e9ponse<\/th>\n<\/tr>\n<\/thead>\n<tbody>\n<tr>\n<td>Quelle est la capacit\u00e9 de production \u00e9lectrique du parc ?<\/td>\n<td>Le parc peut produire jusqu\u2019\u00e0 <strong>74,3 MWc<\/strong>, fournissant en \u00e9lectricit\u00e9 environ 26 000 \u00e0 30 000 foyers.<\/td>\n<\/tr>\n<tr>\n<td>Comment sont maintenus les panneaux \u00e0 la surface de l&rsquo;eau ?<\/td>\n<td>Les panneaux sont fix\u00e9s sur pr\u00e8s de <strong>200 000 flotteurs<\/strong>, sp\u00e9cialement con\u00e7us pour garder leur stabilit\u00e9 et r\u00e9sistance.<\/td>\n<\/tr>\n<tr>\n<td>Quel est le co\u00fbt total du projet ?<\/td>\n<td>Le montant global de l\u2019investissement s\u2019\u00e9l\u00e8ve \u00e0 environ <strong>50 millions d\u2019euros<\/strong>.<\/td>\n<\/tr>\n<tr>\n<td>Quelle est l\u2019impact environnemental du projet ?<\/td>\n<td>Il permet d\u2019\u00e9viter l\u2019\u00e9mission de <strong>16 000 tonnes de CO2<\/strong> par an tout en pr\u00e9servant un bassin sur sept pour la biodiversit\u00e9.<\/td>\n<\/tr>\n<tr>\n<td>Comment est assur\u00e9e la maintenance technique ?<\/td>\n<td>Un syst\u00e8me de capteurs surveille la centrale \u00e0 distance, permettant un nettoyage r\u00e9gulier et des inspections planifi\u00e9es.<\/td>\n<\/tr>\n<\/tbody>\n<\/table><\/figure>\n\n<p>Pour en savoir plus sur les innovations dans le secteur du solaire flottant et les initiatives d\u2019acteurs majeurs comme EDF Renouvelables, TotalEnergies, or Engie, consultez les actualit\u00e9s et analyses sur <a href=\"https:\/\/www.lavoixdunord.fr\/1598014\/article\/2025-06-20\/la-plus-grande-centrale-solaire-flottante-d-europe-avec-ses-135-000-panneaux\" target=\"_blank\" rel=\"noopener\">La Voix du Nord<\/a> e <a href=\"https:\/\/www.lechodusolaire.fr\/la-plus-grande-centrale-solaire-flottante-deurope-inauguree-en-haute-marne-par-q-energy-et-velto-renewables\/\" target=\"_blank\" rel=\"noopener\">L\u2019\u00c9cho du Solaire<\/a>.<\/p>\n\n<p>Pour approfondir les enjeux li\u00e9s au d\u00e9ploiement de projets solaires, y compris des cas similaires port\u00e9s par <a href=\"https:\/\/qenergy.eu\/fr\/media\/detail\/q-energy-annonce-la-construction-du-plus-grand-parc-solaire-flottant-deurope\/\" target=\"_blank\" rel=\"noopener\">Q Energy<\/a> ou les perspectives du g\u00e9ant Engie, d\u00e9couvrez les dossiers complets publi\u00e9s sur <a href=\"https:\/\/renouvelable-habitat.fr\/it\/engie-en-danger-les-raisons-derriere-la-possible-annulation-de-son-ambitieux-projet-solaire-de-600-millions-deuros\/\" target=\"_blank\" rel=\"noopener\">Habitat rinnovabile<\/a>.<\/p>","protected":false},"excerpt":{"rendered":"<p>Le 20 juin 2025 marque une \u00e9tape majeure dans le d\u00e9veloppement des \u00e9nergies renouvelables en Europe avec l\u2019inauguration \u00e0 Perthes, en Haute-Marne, du plus vaste parc solaire flottant du continent. Install\u00e9 sur 127 hectares d\u2019anciennes gravi\u00e8res d\u00e9sormais transform\u00e9es en \u00e9tangs, ce complexe baptis\u00e9 \u00ab Les \u00celots Blandin \u00bb rassemble plus de 135 000 panneaux solaires &#8230; <a title=\"\u00c0 Perthes, le plus vaste parc solaire flottant d&rsquo;Europe prend son envol\" class=\"read-more\" href=\"https:\/\/renouvelable-habitat.fr\/it\/a-perthes-le-plus-vaste-parc-solaire-flottant-deurope-prend-son-envol\/\" aria-label=\"Per saperne di pi\u00f9 su \u00c0 Perthes, le plus vaste parc solaire flottant d&rsquo;Europe prend son envol\">Leggi tutto<\/a><\/p>","protected":false},"author":3,"featured_media":2676,"comment_status":"open","ping_status":"open","sticky":false,"template":"","format":"standard","meta":{"_seopress_robots_primary_cat":"","_seopress_titles_title":"\u00c0 Perthes, le parc solaire flottant qui \u00e9claire l'avenir","_seopress_titles_desc":"\u00c0 Perthes, d\u00e9couvrez le plus grand parc solaire flottant d'Europe : une avanc\u00e9e majeure pour l'\u00e9nergie renouvelable en France.","_seopress_robots_index":"","inline_featured_image":false,"footnotes":""},"categories":[16],"tags":[],"class_list":["post-2678","post","type-post","status-publish","format-standard","has-post-thumbnail","hentry","category-actualite","generate-columns","tablet-grid-50","mobile-grid-100","grid-parent","grid-33"],"_links":{"self":[{"href":"https:\/\/renouvelable-habitat.fr\/it\/wp-json\/wp\/v2\/posts\/2678","targetHints":{"allow":["GET"]}}],"collection":[{"href":"https:\/\/renouvelable-habitat.fr\/it\/wp-json\/wp\/v2\/posts"}],"about":[{"href":"https:\/\/renouvelable-habitat.fr\/it\/wp-json\/wp\/v2\/types\/post"}],"author":[{"embeddable":true,"href":"https:\/\/renouvelable-habitat.fr\/it\/wp-json\/wp\/v2\/users\/3"}],"replies":[{"embeddable":true,"href":"https:\/\/renouvelable-habitat.fr\/it\/wp-json\/wp\/v2\/comments?post=2678"}],"version-history":[{"count":0,"href":"https:\/\/renouvelable-habitat.fr\/it\/wp-json\/wp\/v2\/posts\/2678\/revisions"}],"wp:featuredmedia":[{"embeddable":true,"href":"https:\/\/renouvelable-habitat.fr\/it\/wp-json\/wp\/v2\/media\/2676"}],"wp:attachment":[{"href":"https:\/\/renouvelable-habitat.fr\/it\/wp-json\/wp\/v2\/media?parent=2678"}],"wp:term":[{"taxonomy":"category","embeddable":true,"href":"https:\/\/renouvelable-habitat.fr\/it\/wp-json\/wp\/v2\/categories?post=2678"},{"taxonomy":"post_tag","embeddable":true,"href":"https:\/\/renouvelable-habitat.fr\/it\/wp-json\/wp\/v2\/tags?post=2678"}],"curies":[{"name":"wp","href":"https:\/\/api.w.org\/{rel}","templated":true}]}}