{"id":2884,"date":"2025-07-25T13:44:53","date_gmt":"2025-07-25T12:44:53","guid":{"rendered":"https:\/\/renouvelable-habitat.fr\/?p=2884"},"modified":"2025-07-25T13:44:55","modified_gmt":"2025-07-25T12:44:55","slug":"transitions-fluides-relier-interieur-et-exterieur-grace-au-gres-cerame","status":"publish","type":"post","link":"https:\/\/renouvelable-habitat.fr\/it\/transitions-fluides-relier-interieur-et-exterieur-grace-au-gres-cerame\/","title":{"rendered":"Transitions fluides : relier int\u00e9rieur et ext\u00e9rieur gr\u00e2ce au gr\u00e8s c\u00e9rame"},"content":{"rendered":"<p>Pour accompagner cette vision, les mat\u00e9riaux doivent garantir une continuit\u00e9 aussi bien esth\u00e9tique que fonctionnelle.&nbsp;<strong>Le gr\u00e8s c\u00e9rame rel\u00e8ve ce d\u00e9fi<\/strong>&nbsp;avec \u00e9l\u00e9gance et pr\u00e9cision, en assurant des transitions fluides entre les environnements.<\/p>\n\n\n\n<h2 class=\"wp-block-heading\">Une seule surface, plusieurs contextes : la continuit\u00e9 int\u00e9rieur\u2013ext\u00e9rieur<\/h2>\n\n\n\n<p>L\u2019un des plus grands atouts du gr\u00e8s c\u00e9rame r\u00e9side dans sa capacit\u00e9 \u00e0&nbsp;<strong>unifier diff\u00e9rents espaces \u00e0 travers une surface unique et coh\u00e9rente<\/strong>. De nombreuses collections sont d\u00e9velopp\u00e9es pour un usage mixte, int\u00e9rieur comme ext\u00e9rieur, permettant de cr\u00e9er une continuit\u00e9 visuelle du salon vers la terrasse, ou de la cuisine vers un espace repas en plein air.<\/p>\n\n\n\n<p>Gr\u00e2ce \u00e0&nbsp;<strong>des finitions homog\u00e8nes et des palettes chromatiques coordonn\u00e9es<\/strong>, le m\u00eame rev\u00eatement peut habiller l\u2019ensemble d\u2019un projet architectural, sans rupture visuelle. Le r\u00e9sultat est \u00e0 la fois raffin\u00e9 sur le plan stylistique et expansif sur le plan spatial : l\u2019\u0153il per\u00e7oit l\u2019int\u00e9rieur et l\u2019ext\u00e9rieur comme une exp\u00e9rience fluide. C\u2019est dans ce contexte que le&nbsp;<a href=\"https:\/\/www.keope.com\/fr\/carrelages-exterieur\">carrelage ext\u00e9rieur<\/a>&nbsp;en gr\u00e8s c\u00e9rame s\u2019impose comme une solution aussi \u00e9l\u00e9gante que performante.<\/p>\n\n\n\n<h2 class=\"wp-block-heading\">Des performances au service de la fluidit\u00e9 architecturale<\/h2>\n\n\n\n<p>Si l\u2019harmonie visuelle est essentielle, elle doit \u00eatre soutenue par des performances techniques. Le gr\u00e8s c\u00e9rame r\u00e9pond parfaitement \u00e0 cette double exigence.&nbsp;<strong>R\u00e9sistant \u00e0 l\u2019humidit\u00e9, aux rayons UV, au gel, \u00e0 la chaleur et \u00e0 l\u2019usure<\/strong>, il s\u2019adapte aussi bien aux environnements int\u00e9rieurs prot\u00e9g\u00e9s qu\u2019aux zones ext\u00e9rieures totalement expos\u00e9es.<\/p>\n\n\n\n<p>Install\u00e9 dans une salle de bains, sur une terrasse ensoleill\u00e9e ou sous une pergola,&nbsp;<strong>il garantit une durabilit\u00e9 constante<\/strong>. Les bords rectifi\u00e9s assurent un alignement parfait sur de grandes surfaces, tandis que les versions antid\u00e9rapantes renforcent la s\u00e9curit\u00e9 en ext\u00e9rieur. Cette polyvalence technique permet aux architectes et concepteurs de planifier sans contrainte, avec un seul mat\u00e9riau capable de r\u00e9pondre \u00e0 toutes les exigences environnementales.<\/p>\n\n\n\n<h2 class=\"wp-block-heading\">Un style coh\u00e9rent : un langage esth\u00e9tique unifi\u00e9<\/h2>\n\n\n\n<p>La continuit\u00e9 du design va bien au-del\u00e0 de l\u2019aspect technique : elle affirme une vision stylistique. Les collections de gr\u00e8s c\u00e9rame se d\u00e9clinent dans&nbsp;<strong>un large \u00e9ventail de finitions inspir\u00e9es des mat\u00e9riaux naturels<\/strong>&nbsp;comme le bois, la pierre, le b\u00e9ton ou le marbre. Ces finitions sont souvent disponibles dans des versions int\u00e9rieures et ext\u00e9rieures coordonn\u00e9es, permettant de concevoir des espaces parfaitement harmonis\u00e9s.<\/p>\n\n\n\n<p>Les teintes neutres, textures douces et motifs \u00e9l\u00e9gants renforcent le sentiment d\u2019\u00e9quilibre et de coh\u00e9rence visuelle. Un carrelage imitation bois peut ainsi couvrir le sol d\u2019un salon et se prolonger jusqu\u2019\u00e0 une terrasse ou une v\u00e9randa, cr\u00e9ant&nbsp;<strong>une atmosph\u00e8re apaisante et connect\u00e9e<\/strong>. Ce langage esth\u00e9tique commun valorise l\u2019architecture et permet une transition naturelle d\u2019un espace \u00e0 l\u2019autre.<\/p>\n\n\n\n<h2 class=\"wp-block-heading\">Des avantages concrets pour un mode de vie connect\u00e9<\/h2>\n\n\n\n<p>Au-del\u00e0 de l\u2019esth\u00e9tique et de la r\u00e9sistance, le gr\u00e8s c\u00e9rame pr\u00e9sente&nbsp;<strong>de r\u00e9els b\u00e9n\u00e9fices pour un usage quotidien<\/strong>, notamment dans les espaces con\u00e7us pour une utilisation fluide. Faciles \u00e0 nettoyer, hygi\u00e9niques et r\u00e9sistants aux taches, ces surfaces simplifient l\u2019entretien sans compromettre l\u2019impact visuel.<\/p>\n\n\n\n<p>Dans les habitations o\u00f9 les passages entre int\u00e9rieur et ext\u00e9rieur sont fr\u00e9quents \u2013 s\u00e9jours ouverts sur des patios, cuisines prolong\u00e9es par des espaces repas ext\u00e9rieurs \u2013 le gr\u00e8s c\u00e9rame garantit&nbsp;<strong>une continuit\u00e9 fonctionnelle et un confort optimal<\/strong>. L\u2019utilisation d\u2019un mat\u00e9riau unique dans tout le projet r\u00e9duit la complexit\u00e9 de conception tout en am\u00e9liorant la praticit\u00e9 pour les occupants.<\/p>\n\n\n\n<h3 class=\"wp-block-heading\">Le gr\u00e8s c\u00e9rame comme lien entre les univers<\/h3>\n\n\n\n<p>Le gr\u00e8s c\u00e9rame n\u2019est plus seulement un rev\u00eatement : c\u2019est&nbsp;<strong>un outil de conception qui relie diff\u00e9rents univers<\/strong>. Entre int\u00e9rieur et ext\u00e9rieur, architecture et paysage, vie domestique et loisirs \u00e0 ciel ouvert, il devient un \u00e9l\u00e9ment f\u00e9d\u00e9rateur qui soutient les modes de vie actuels.<\/p>\n\n\n\n<p>Gr\u00e2ce \u00e0 son \u00e9l\u00e9gance visuelle, sa fiabilit\u00e9 technique et sa flexibilit\u00e9 stylistique, il permet de&nbsp;<strong>cr\u00e9er des environnements ouverts, accueillants et pleinement int\u00e9gr\u00e9s<\/strong>&nbsp;\u2013 des lieux o\u00f9 la nature et l\u2019architecture coexistent en parfaite harmonie.<\/p>\n\n\n\n<h2 class=\"wp-block-heading\">Ceramiche Keope : des collections en gr\u00e8s c\u00e9rame pour l\u2019architecture et l\u2019habitat contemporain<\/h2>\n\n\n\n<p><strong>Ceramiche Keope<\/strong>&nbsp;incarne la synth\u00e8se parfaite entre tradition artisanale italienne et vision innovante du design. Depuis 1995, l\u2019entreprise est un point de r\u00e9f\u00e9rence pour les architectes et les designers \u00e0 la recherche de carreaux en gr\u00e8s c\u00e9rame alliant raffinement esth\u00e9tique, fiabilit\u00e9 technologique et sensibilit\u00e9 environnementale.<\/p>\n\n\n\n<p>Membre du groupe Concorde, Ceramiche Keope fa\u00e7onne les espaces contemporains \u00e0 travers des collections qui expriment&nbsp;<strong>une compr\u00e9hension approfondie de la mati\u00e8re, de la forme et de la fonction<\/strong>.<\/p>\n\n\n\n<p>D\u00e9velopp\u00e9s pour r\u00e9pondre aux besoins d\u2019une grande vari\u00e9t\u00e9 de contextes \u2013&nbsp;<strong>logements priv\u00e9s, b\u00e2timents publics, structures commerciales<\/strong>&nbsp;\u2013 les produits Keope assurent une continuit\u00e9 esth\u00e9tique et fonctionnelle, y compris entre espaces int\u00e9rieurs et ext\u00e9rieurs.<\/p>\n\n\n\n<p>Parmi les lignes les plus strat\u00e9giques de la marque,&nbsp;<strong>le carrelage ext\u00e9rieur se distingue par sa capacit\u00e9 \u00e0 concilier r\u00e9sistance et esth\u00e9tique<\/strong>. Gr\u00e2ce aux propri\u00e9t\u00e9s naturelles du gr\u00e8s c\u00e9rame, ces rev\u00eatements sont parfaitement adapt\u00e9s aux contraintes climatiques, au pi\u00e9tinement intense et aux \u00e9carts de temp\u00e9rature, ce qui les rend id\u00e9aux pour terrasses, jardins, balcons, all\u00e9es ou entr\u00e9es.<\/p>\n\n\n\n<p>Ces collections se d\u00e9marquent \u00e9galement par la richesse de leurs finitions, qui reproduisent avec fid\u00e9lit\u00e9 les effets de mat\u00e9riaux comme&nbsp;<strong>la pierre, le bois, le b\u00e9ton ou la r\u00e9sine<\/strong>. Cette diversit\u00e9 permet de cr\u00e9er des espaces ext\u00e9rieurs personnalis\u00e9s, en harmonie avec le b\u00e2ti et le paysage environnant.<\/p>\n\n\n\n<p>La dimension fonctionnelle est \u00e9galement centrale. Les surfaces antid\u00e9rapantes&nbsp;<strong>garantissent s\u00e9curit\u00e9 et confort d\u2019usage<\/strong>, m\u00eame en cas de pluie ou d\u2019humidit\u00e9. La structure compacte et peu poreuse limite l\u2019absorption d\u2019eau, pr\u00e9vient les dommages li\u00e9s au gel et simplifie l\u2019entretien. Les carreaux conservent durablement leur aspect d\u2019origine, sans se d\u00e9colorer, gr\u00e2ce \u00e0 leur excellente tenue aux UV.<\/p>\n\n\n\n<p>L\u2019engagement de Ceramiche Keope envers la durabilit\u00e9 est pleinement int\u00e9gr\u00e9 au processus de production.&nbsp;<strong>L\u2019entreprise recycle 100 % des d\u00e9chets c\u00e9ramiques<\/strong>&nbsp;et r\u00e9utilise toutes les eaux et r\u00e9sidus, dans un syst\u00e8me en circuit ferm\u00e9.<\/p>\n\n\n\n<p>Plus de 75 % de l\u2019\u00e9nergie est auto-produite, le reste provenant de sources renouvelables certifi\u00e9es. Les&nbsp;<strong>certifications ISO 17889, WELL Building Standard V2 et Declare<\/strong>&nbsp;attestent de cette d\u00e9marche responsable et innovante.<\/p>","protected":false},"excerpt":{"rendered":"<p>Pour accompagner cette vision, les mat\u00e9riaux doivent garantir une continuit\u00e9 aussi bien esth\u00e9tique que fonctionnelle.&nbsp;Le gr\u00e8s c\u00e9rame rel\u00e8ve ce d\u00e9fi&nbsp;avec \u00e9l\u00e9gance et pr\u00e9cision, en assurant des transitions fluides entre les environnements. Une seule surface, plusieurs contextes : la continuit\u00e9 int\u00e9rieur\u2013ext\u00e9rieur L\u2019un des plus grands atouts du gr\u00e8s c\u00e9rame r\u00e9side dans sa capacit\u00e9 \u00e0&nbsp;unifier diff\u00e9rents espaces &#8230; <a title=\"Transitions fluides : relier int\u00e9rieur et ext\u00e9rieur gr\u00e2ce au gr\u00e8s c\u00e9rame\" class=\"read-more\" href=\"https:\/\/renouvelable-habitat.fr\/it\/transitions-fluides-relier-interieur-et-exterieur-grace-au-gres-cerame\/\" aria-label=\"Per saperne di pi\u00f9 su Transitions fluides : relier int\u00e9rieur et ext\u00e9rieur gr\u00e2ce au gr\u00e8s c\u00e9rame\">Leggi tutto<\/a><\/p>","protected":false},"author":2,"featured_media":2885,"comment_status":"open","ping_status":"open","sticky":false,"template":"","format":"standard","meta":{"_seopress_robots_primary_cat":"","_seopress_titles_title":"","_seopress_titles_desc":"","_seopress_robots_index":"","inline_featured_image":false,"footnotes":""},"categories":[30],"tags":[],"class_list":["post-2884","post","type-post","status-publish","format-standard","has-post-thumbnail","hentry","category-decoration","generate-columns","tablet-grid-50","mobile-grid-100","grid-parent","grid-33"],"_links":{"self":[{"href":"https:\/\/renouvelable-habitat.fr\/it\/wp-json\/wp\/v2\/posts\/2884","targetHints":{"allow":["GET"]}}],"collection":[{"href":"https:\/\/renouvelable-habitat.fr\/it\/wp-json\/wp\/v2\/posts"}],"about":[{"href":"https:\/\/renouvelable-habitat.fr\/it\/wp-json\/wp\/v2\/types\/post"}],"author":[{"embeddable":true,"href":"https:\/\/renouvelable-habitat.fr\/it\/wp-json\/wp\/v2\/users\/2"}],"replies":[{"embeddable":true,"href":"https:\/\/renouvelable-habitat.fr\/it\/wp-json\/wp\/v2\/comments?post=2884"}],"version-history":[{"count":0,"href":"https:\/\/renouvelable-habitat.fr\/it\/wp-json\/wp\/v2\/posts\/2884\/revisions"}],"wp:featuredmedia":[{"embeddable":true,"href":"https:\/\/renouvelable-habitat.fr\/it\/wp-json\/wp\/v2\/media\/2885"}],"wp:attachment":[{"href":"https:\/\/renouvelable-habitat.fr\/it\/wp-json\/wp\/v2\/media?parent=2884"}],"wp:term":[{"taxonomy":"category","embeddable":true,"href":"https:\/\/renouvelable-habitat.fr\/it\/wp-json\/wp\/v2\/categories?post=2884"},{"taxonomy":"post_tag","embeddable":true,"href":"https:\/\/renouvelable-habitat.fr\/it\/wp-json\/wp\/v2\/tags?post=2884"}],"curies":[{"name":"wp","href":"https:\/\/api.w.org\/{rel}","templated":true}]}}