{"id":3079,"date":"2025-09-19T09:02:27","date_gmt":"2025-09-19T08:02:27","guid":{"rendered":"https:\/\/renouvelable-habitat.fr\/ondine-suavet-comment-lenergie-solaire-revolutionne-lautoconsommation\/"},"modified":"2025-09-19T09:02:27","modified_gmt":"2025-09-19T08:02:27","slug":"ondine-suavet-comment-lenergie-solaire-revolutionne-lautoconsommation","status":"publish","type":"post","link":"https:\/\/renouvelable-habitat.fr\/it\/ondine-suavet-comment-lenergie-solaire-revolutionne-lautoconsommation\/","title":{"rendered":"Ondine Suavet : Comment l&rsquo;\u00e9nergie solaire r\u00e9volutionne l&rsquo;autoconsommation"},"content":{"rendered":"<p>Le d\u00e9veloppement de l\u2019\u00e9nergie solaire transforme profond\u00e9ment les habitudes de consommation \u00e9nerg\u00e9tique des particuliers, avec une r\u00e9volution port\u00e9e par des acteurs innovants comme Ondine Suavet. Fondatrice de Mylight150, start-up lyonnaise active depuis 2014, elle con\u00e7oit des solutions qui optimisent l&rsquo;autoconsommation solaire, permettant aux foyers de r\u00e9duire significativement leur d\u00e9pendance aux r\u00e9seaux traditionnels. Son approche int\u00e8gre des technologies avanc\u00e9es telles que les panneaux bi-verre robustes et des syst\u00e8mes intelligents de gestion \u00e9nerg\u00e9tique, facilitant la production, le stockage virtuel et la consommation locale de l\u2019\u00e9lectricit\u00e9 solaire. Cette dynamique s\u2019inscrit dans un contexte de transition \u00e9nerg\u00e9tique o\u00f9 EDF ENR, TotalEnergies, SMA France, et d\u2019autres leaders jouent un r\u00f4le cl\u00e9. Aujourd\u2019hui, Mylight150 \u00e9quipe plus de 40 000 foyers en France et en Europe tout en visant \u00e0 doubler l\u2019efficacit\u00e9 \u00e9nerg\u00e9tique domestique. Ce panorama met en lumi\u00e8re l\u2019essor de l\u2019autoconsommation photovolta\u00efque, un levier essentiel pour r\u00e9duire durablement la facture \u00e9lectrique des particuliers et am\u00e9liorer la souverainet\u00e9 \u00e9nerg\u00e9tique nationale.<\/p>\n\n<h2 class=\"wp-block-heading\">Ondine Suavet et Mylight150 : une innovation majeure dans l\u2019autoconsommation solaire<\/h2>\n\n<p>Ondine Suavet, cofondatrice et co-CEO de Mylight150, a profond\u00e9ment marqu\u00e9 le secteur solaire en d\u00e9veloppant des solutions destin\u00e9es \u00e0 faciliter l\u2019autoconsommation chez les particuliers. Son entreprise con\u00e7oit des syst\u00e8mes int\u00e9grant panneaux photovolta\u00efques, gestion intelligente et stockage virtuel qui permettent :<\/p>\n\n<ul class=\"wp-block-list\"><li>De r\u00e9duire par deux la facture d\u2019\u00e9lectricit\u00e9<\/li><li>D\u2019adapter la consommation \u00e9lectrique \u00e0 la production solaire locale<\/li><li>De maximiser l\u2019exploitation des panneaux solaires par un pilotage pr\u00e9dictif<\/li><li>D\u2019offrir une robustesse accrue gr\u00e2ce \u00e0 la technologie bi-verre plut\u00f4t qu\u2019au verre-kevlar classique<\/li><\/ul>\n\n<p>Ces innovations sont particuli\u00e8rement adapt\u00e9es \u00e0 un mod\u00e8le \u00e9nerg\u00e9tique durable \u00e0 long terme. Ondine et son fr\u00e8re Virgile Suavet, \u00e9galement ing\u00e9nieur et cofondateur, pilotent la croissance de l\u2019entreprise vers un leadership fran\u00e7ais dans la gestion intelligente de l\u2019\u00e9nergie solaire, avec une attention port\u00e9e \u00e0 des secteurs compl\u00e9mentaires comme la gestion des pompes \u00e0 chaleur.<\/p>\n\n<figure class=\"wp-block-image size-full\"><img decoding=\"async\" width=\"1344\" height=\"768\" src=\"https:\/\/renouvelable-habitat.fr\/wp-content\/uploads\/2025\/09\/Ondine-Suavet-Comment-lenergie-solaire-revolutionne-lautoconsommation-1.jpg\" alt=\"d\u00e9couvrez comment ondine suavet explore le r\u00f4le de l&#039;\u00e9nergie solaire dans la transformation de l&#039;autoconsommation. analyse, innovations et b\u00e9n\u00e9fices pour un mode de vie plus durable.\" class=\"wp-image-3077\" srcset=\"https:\/\/renouvelable-habitat.fr\/wp-content\/uploads\/2025\/09\/Ondine-Suavet-Comment-lenergie-solaire-revolutionne-lautoconsommation-1.jpg 1344w, https:\/\/renouvelable-habitat.fr\/wp-content\/uploads\/2025\/09\/Ondine-Suavet-Comment-lenergie-solaire-revolutionne-lautoconsommation-1-300x171.jpg 300w, https:\/\/renouvelable-habitat.fr\/wp-content\/uploads\/2025\/09\/Ondine-Suavet-Comment-lenergie-solaire-revolutionne-lautoconsommation-1-1024x585.jpg 1024w, https:\/\/renouvelable-habitat.fr\/wp-content\/uploads\/2025\/09\/Ondine-Suavet-Comment-lenergie-solaire-revolutionne-lautoconsommation-1-768x439.jpg 768w, https:\/\/renouvelable-habitat.fr\/wp-content\/uploads\/2025\/09\/Ondine-Suavet-Comment-lenergie-solaire-revolutionne-lautoconsommation-1-18x10.jpg 18w\" sizes=\"(max-width: 1344px) 100vw, 1344px\" \/><\/figure>\n\n<figure class=\"wp-block-table\"><table>\n<thead>\n<tr>\n<th>Caratteristiche<\/th>\n<th>Avantage<\/th>\n<th>Impact utilisateur<\/th>\n<\/tr>\n<\/thead>\n<tbody>\n<tr>\n<td>Panneaux bi-verre<\/td>\n<td>Durabilit\u00e9 sup\u00e9rieure<\/td>\n<td>Long\u00e9vit\u00e9 accrue et s\u00e9curit\u00e9 d\u2019investissement<\/td>\n<\/tr>\n<tr>\n<td>Syst\u00e8me pr\u00e9dictif<\/td>\n<td>Double l\u2019efficacit\u00e9 d\u2019autoconsommation<\/td>\n<td>Meilleure gestion \u00e9nerg\u00e9tique et factures r\u00e9duites<\/td>\n<\/tr>\n<tr>\n<td>Stockage virtuel<\/td>\n<td>Optimisation de l\u2019usage local de l\u2019\u00e9nergie<\/td>\n<td>R\u00e9duction des pertes d\u2019\u00e9nergie et gain de confort<\/td>\n<\/tr>\n<\/tbody>\n<\/table><\/figure>\n\n<p>Ces avanc\u00e9es s\u2019int\u00e8grent dans un paysage concurrentiel o\u00f9 des acteurs tels que MyLight Systems, Oscaro Power, DualSun, et Soleco France contribuent \u00e9galement \u00e0 repousser les fronti\u00e8res de l\u2019autoconsommation solaire en France.<\/p>\n\n<h3 class=\"wp-block-heading\">Le r\u00f4le des technologies et des partenaires dans la transformation \u00e9nerg\u00e9tique<\/h3>\n\n<p>Le d\u00e9ploiement des solutions Mylight150 s\u2019appuie sur un \u00e9cosyst\u00e8me diversifi\u00e9 qui inclut :<\/p>\n\n<ul class=\"wp-block-list\"><li>Des fabricants de technologies photovolta\u00efques comme SMA France et DualSun<\/li><li>Des fournisseurs d\u2019\u00e9lectricit\u00e9 renouvelable tels qu\u2019EkWateur, Voltalia, et Iberdrola France<\/li><li>Des sp\u00e9cialistes de la gestion de l\u2019\u00e9nergie et du stockage comme MyLight Systems<\/li><li>Un soutien financier important pour acc\u00e9l\u00e9rer la diffusion, avec des lev\u00e9es de fonds significatives, notamment une r\u00e9cente de 100 millions d\u2019euros<\/li><\/ul>\n\n<p>Ces synergies renforcent la capacit\u00e9 d\u2019innovation, l\u2019int\u00e9gration intelligente des installations et l\u2019accessibilit\u00e9 \u00e0 des solutions performantes partout en France. Le partenariat avec EDF ENR illustre aussi cette dynamique, facilitant la convergence entre production locale et r\u00e9seau \u00e9lectrique national.<\/p>\n\n<figure class=\"is-provider-youtube is-type-video wp-block-embed wp-block-embed-youtube wp-embed-aspect-16-9 wp-has-aspect-ratio\"><div class=\"wp-block-embed__wrapper\">\n<iframe title=\"Une batterie cloud \u00ab temps r\u00e9el \u00bb ... mais quel temps r\u00e9el ? avec Ondine Suavet\" width=\"1200\" height=\"675\" src=\"https:\/\/www.youtube.com\/embed\/uWIJPjJIWew?feature=oembed\" frameborder=\"0\" allow=\"accelerometer; autoplay; clipboard-write; encrypted-media; gyroscope; picture-in-picture; web-share\" referrerpolicy=\"strict-origin-when-cross-origin\" allowfullscreen><\/iframe>\n<\/div><\/figure>\n\n<h2 class=\"wp-block-heading\">Optimiser l\u2019autoconsommation \u00e0 l\u2019\u00e9chelle domestique : enjeux et solutions concr\u00e8tes<\/h2>\n\n<p>Am\u00e9liorer l\u2019autoconsommation solaire ne se limite plus \u00e0 poser des panneaux. Aujourd\u2019hui, plusieurs leviers techniques et strat\u00e9giques sont utilis\u00e9s :<\/p>\n\n<ul class=\"wp-block-list\"><li>Objectifs de r\u00e9duction des consommations \u00e0 heures creuses<\/li><li>Pilotage intelligent des \u00e9quipements \u00e9nergivores (pompes \u00e0 chaleur, bornes de recharge \u00e9lectrique)<\/li><li>Int\u00e9gration de solutions de stockage virtuel pour d\u00e9caler la consommation<\/li><li>Promotion d\u2019offres adapt\u00e9es pour particuliers via des soci\u00e9t\u00e9s comme EkWateur et Voltalia<\/li><\/ul>\n\n<p>Cet ensemble d\u2019approches est renforc\u00e9 par des projets de f\u00e9d\u00e9rations et initiatives r\u00e9gionales qui accompagnent cette transition notamment en Centre-Val de Loire ou en \u00cele-de-France, soutenant ainsi la construction d\u2019un mod\u00e8le \u00e9nerg\u00e9tique plus d\u00e9centralis\u00e9, durable et responsable.<\/p>\n\n<figure class=\"wp-block-table\"><table>\n<thead>\n<tr>\n<th>Soluzione<\/th>\n<th>Impact \u00e9nerg\u00e9tique<\/th>\n<th>Acteurs concern\u00e9s<\/th>\n<\/tr>\n<\/thead>\n<tbody>\n<tr>\n<td>Bornes de recharge intelligentes (MyLight EV Charger)<\/td>\n<td>Optimisation de la recharge des v\u00e9hicules \u00e9lectriques selon la production solaire<\/td>\n<td>Utilisateurs particuliers &amp; installateurs<\/td>\n<\/tr>\n<tr>\n<td>Stockage d\u2019\u00e9nergie virtuel<\/td>\n<td>Meilleure ad\u00e9quation entre production et consommation<\/td>\n<td>Foyers \u00e9quip\u00e9s de panneaux solaires<\/td>\n<\/tr>\n<tr>\n<td>Pilotage pr\u00e9dictif<\/td>\n<td>Am\u00e9lioration de 50% de l\u2019autoconsommation<\/td>\n<td>Foyers et b\u00e2timents tertiaires<\/td>\n<\/tr>\n<\/tbody>\n<\/table><\/figure>\n\n<p>Ces innovations sont compl\u00e9t\u00e9es par un cadre r\u00e9glementaire en \u00e9volution continue, favorisant notamment le recours aux \u00e9nergies renouvelables et la r\u00e9duction des \u00e9missions de CO2 dans le secteur r\u00e9sidentiel.<\/p>\n\n<figure class=\"wp-block-image size-full\"><img decoding=\"async\" width=\"1344\" height=\"768\" src=\"https:\/\/renouvelable-habitat.fr\/wp-content\/uploads\/2025\/09\/Ondine-Suavet-Comment-lenergie-solaire-revolutionne-lautoconsommation-2.jpg\" alt=\"d\u00e9couvrez comment ondine suavet met en lumi\u00e8re la r\u00e9volution de l&#039;autoconsommation gr\u00e2ce \u00e0 l&#039;\u00e9nergie solaire. analyse des enjeux, innovations et avantages pour une transition \u00e9nerg\u00e9tique durable.\" class=\"wp-image-3078\" srcset=\"https:\/\/renouvelable-habitat.fr\/wp-content\/uploads\/2025\/09\/Ondine-Suavet-Comment-lenergie-solaire-revolutionne-lautoconsommation-2.jpg 1344w, https:\/\/renouvelable-habitat.fr\/wp-content\/uploads\/2025\/09\/Ondine-Suavet-Comment-lenergie-solaire-revolutionne-lautoconsommation-2-300x171.jpg 300w, https:\/\/renouvelable-habitat.fr\/wp-content\/uploads\/2025\/09\/Ondine-Suavet-Comment-lenergie-solaire-revolutionne-lautoconsommation-2-1024x585.jpg 1024w, https:\/\/renouvelable-habitat.fr\/wp-content\/uploads\/2025\/09\/Ondine-Suavet-Comment-lenergie-solaire-revolutionne-lautoconsommation-2-768x439.jpg 768w, https:\/\/renouvelable-habitat.fr\/wp-content\/uploads\/2025\/09\/Ondine-Suavet-Comment-lenergie-solaire-revolutionne-lautoconsommation-2-18x10.jpg 18w\" sizes=\"(max-width: 1344px) 100vw, 1344px\" \/><\/figure>\n\n<figure class=\"is-provider-youtube is-type-video wp-block-embed wp-block-embed-youtube wp-embed-aspect-16-9 wp-has-aspect-ratio\"><div class=\"wp-block-embed__wrapper\">\n<iframe title=\"\u26a1Production solaire, autoconsommation, panneau sur prise Sunology: mon avis et retour d&#039;exp\u00e9rience\" width=\"1200\" height=\"675\" src=\"https:\/\/www.youtube.com\/embed\/jJl82-vQdok?feature=oembed\" frameborder=\"0\" allow=\"accelerometer; autoplay; clipboard-write; encrypted-media; gyroscope; picture-in-picture; web-share\" referrerpolicy=\"strict-origin-when-cross-origin\" allowfullscreen><\/iframe>\n<\/div><\/figure>\n\n<h3 class=\"wp-block-heading\">Des initiatives et soutiens publics pour acc\u00e9l\u00e9rer la transition solaire<\/h3>\n\n<p>Au-del\u00e0 des solutions technologiques, le d\u00e9ploiement \u00e0 grande \u00e9chelle de l\u2019autoconsommation solaire b\u00e9n\u00e9ficie d\u2019initiatives publiques majeures :<\/p>\n\n<ul class=\"wp-block-list\"><li>Le d\u00e9veloppement de projets citoyens comme celui de La Chapelle-de-Brain<\/li><li>La f\u00e9d\u00e9ration d\u00e9di\u00e9e \u00e0 l\u2019\u00e9nergie solaire lanc\u00e9e r\u00e9cemment pour coordonner les acteurs<\/li><li>Les investissements r\u00e9gionaux en \u00e9nergies renouvelables dans les lyc\u00e9es et \u00e9tablissements publics dans Centre-Val de Loire<\/li><li>Les mesures gouvernementales pour accompagner la mont\u00e9e en puissance du solaire face \u00e0 des crises \u00e9nerg\u00e9tiques<\/li><\/ul>\n\n<p>Ces actions illustrent une volont\u00e9 collective visant \u00e0 d\u00e9mocratiser l\u2019acc\u00e8s \u00e0 des \u00e9nergies propres et \u00e0 renforcer la souverainet\u00e9 \u00e9nerg\u00e9tique de la France.<\/p>\n\n<p><otoinstagram href=\"https:\/\/www.instagram.com\/p\/DIWGHTwIQHi\/\" uid=\"instagram-68cd0e1062fb4\"><\/otoinstagram><\/p>\n\n<h2 class=\"wp-block-heading\">Questions fr\u00e9quentes autour de l\u2019autoconsommation solaire et Mylight150<\/h2>\n\n<ul class=\"wp-block-list\"><li><strong>Quels sont les avantages concrets de l\u2019autoconsommation solaire pour un particulier ?<\/strong><br>R\u00e9duction significative de la facture d\u2019\u00e9lectricit\u00e9, ind\u00e9pendance partielle vis-\u00e0-vis du r\u00e9seau et contribution \u00e0 la transition \u00e9cologique.<\/li><li><strong>Comment Mylight150 optimise-t-elle l\u2019efficacit\u00e9 des installations solaires ?<\/strong><br>Gr\u00e2ce \u00e0 un syst\u00e8me pr\u00e9dictif et un pilotage intelligent modul\u00e9 selon la consommation et la production solaire instantan\u00e9e.<\/li><li><strong>Quels partenaires strat\u00e9giques accompagnent Mylight150 ?<\/strong><br>Des entreprises comme EDF ENR, TotalEnergies, SMA France, DualSun, ainsi que des fournisseurs renouvelables tels qu&rsquo;EkWateur et Voltalia.<\/li><li><strong>Quelles innovations r\u00e9centes facilitent l\u2019usage du solaire domestique ?<\/strong><br>Panneaux bi-verre renforc\u00e9s, bornes de recharge intelligentes (MyLight EV Charger), et solutions de stockage virtuel sont en pointe.<\/li><li><strong>Comment la France soutient-elle le d\u00e9veloppement du solaire en 2025 ?<\/strong><br>Par des projets locaux, des f\u00e9d\u00e9rations sectorielles et des financements publics incitatifs pour la diffusion \u00e0 grande \u00e9chelle.<\/li><\/ul>","protected":false},"excerpt":{"rendered":"<p>Le d\u00e9veloppement de l\u2019\u00e9nergie solaire transforme profond\u00e9ment les habitudes de consommation \u00e9nerg\u00e9tique des particuliers, avec une r\u00e9volution port\u00e9e par des acteurs innovants comme Ondine Suavet. Fondatrice de Mylight150, start-up lyonnaise active depuis 2014, elle con\u00e7oit des solutions qui optimisent l&rsquo;autoconsommation solaire, permettant aux foyers de r\u00e9duire significativement leur d\u00e9pendance aux r\u00e9seaux traditionnels. Son approche int\u00e8gre &#8230; <a title=\"Ondine Suavet : Comment l&rsquo;\u00e9nergie solaire r\u00e9volutionne l&rsquo;autoconsommation\" class=\"read-more\" href=\"https:\/\/renouvelable-habitat.fr\/it\/ondine-suavet-comment-lenergie-solaire-revolutionne-lautoconsommation\/\" aria-label=\"Per saperne di pi\u00f9 su Ondine Suavet : Comment l&rsquo;\u00e9nergie solaire r\u00e9volutionne l&rsquo;autoconsommation\">Leggi tutto<\/a><\/p>","protected":false},"author":3,"featured_media":3076,"comment_status":"open","ping_status":"open","sticky":false,"template":"","format":"standard","meta":{"_seopress_robots_primary_cat":"","_seopress_titles_title":"L\u2019Autoconsommation R\u00e9invent\u00e9e : Ondine Suavet et la R\u00e9volution Solaire","_seopress_titles_desc":"D\u00e9couvrez comment Ondine Suavet et l'\u00e9nergie solaire transforment l'autoconsommation pour un mode de vie plus durable et \u00e9conomique.","_seopress_robots_index":"","inline_featured_image":false,"footnotes":""},"categories":[16],"tags":[],"class_list":["post-3079","post","type-post","status-publish","format-standard","has-post-thumbnail","hentry","category-actualite","generate-columns","tablet-grid-50","mobile-grid-100","grid-parent","grid-33"],"_links":{"self":[{"href":"https:\/\/renouvelable-habitat.fr\/it\/wp-json\/wp\/v2\/posts\/3079","targetHints":{"allow":["GET"]}}],"collection":[{"href":"https:\/\/renouvelable-habitat.fr\/it\/wp-json\/wp\/v2\/posts"}],"about":[{"href":"https:\/\/renouvelable-habitat.fr\/it\/wp-json\/wp\/v2\/types\/post"}],"author":[{"embeddable":true,"href":"https:\/\/renouvelable-habitat.fr\/it\/wp-json\/wp\/v2\/users\/3"}],"replies":[{"embeddable":true,"href":"https:\/\/renouvelable-habitat.fr\/it\/wp-json\/wp\/v2\/comments?post=3079"}],"version-history":[{"count":0,"href":"https:\/\/renouvelable-habitat.fr\/it\/wp-json\/wp\/v2\/posts\/3079\/revisions"}],"wp:featuredmedia":[{"embeddable":true,"href":"https:\/\/renouvelable-habitat.fr\/it\/wp-json\/wp\/v2\/media\/3076"}],"wp:attachment":[{"href":"https:\/\/renouvelable-habitat.fr\/it\/wp-json\/wp\/v2\/media?parent=3079"}],"wp:term":[{"taxonomy":"category","embeddable":true,"href":"https:\/\/renouvelable-habitat.fr\/it\/wp-json\/wp\/v2\/categories?post=3079"},{"taxonomy":"post_tag","embeddable":true,"href":"https:\/\/renouvelable-habitat.fr\/it\/wp-json\/wp\/v2\/tags?post=3079"}],"curies":[{"name":"wp","href":"https:\/\/api.w.org\/{rel}","templated":true}]}}