{"id":3116,"date":"2025-09-28T08:09:31","date_gmt":"2025-09-28T07:09:31","guid":{"rendered":"https:\/\/renouvelable-habitat.fr\/renault-group-we-drive-solar-et-mywheels-sunissent-a-utrecht-pour-inaugurer-le-premier-service-dautopartage-v2g-en-europe\/"},"modified":"2025-09-28T08:09:31","modified_gmt":"2025-09-28T07:09:31","slug":"renault-group-we-drive-solar-et-mywheels-sunissent-a-utrecht-pour-inaugurer-le-premier-service-dautopartage-v2g-en-europe","status":"publish","type":"post","link":"https:\/\/renouvelable-habitat.fr\/it\/renault-group-we-drive-solar-et-mywheels-sunissent-a-utrecht-pour-inaugurer-le-premier-service-dautopartage-v2g-en-europe\/","title":{"rendered":"Renault Group, We Drive Solar et MyWheels s\u2019unissent \u00e0 Utrecht pour inaugurer le premier service d\u2019autopartage V2G en Europe"},"content":{"rendered":"<p>En 2025, la ville d&rsquo;Utrecht se positionne \u00e0 l\u2019avant-garde de l\u2019innovation en mobilit\u00e9 \u00e9lectrique en Europe avec le lancement du premier service d\u2019autopartage \u00e0 grande \u00e9chelle int\u00e9grant la technologie Vehicle-to-Grid (V2G). Ce projet ambitieux r\u00e9sulte d\u2019une collaboration entre Renault Group, We Drive Solar, MyWheels et la municipalit\u00e9 locale, visant \u00e0 conjuguer mobilit\u00e9 durable, efficacit\u00e9 \u00e9nerg\u00e9tique et int\u00e9gration intelligente des \u00e9nergies renouvelables dans le r\u00e9seau \u00e9lectrique urbain.<\/p>\n\n<p>Avec une flotte initiale de 500 Renault 5 E-Tech Electric \u00e9quip\u00e9es de la technologie de recharge bidirectionnelle d\u00e9velopp\u00e9e par Mobilize, cette initiative r\u00e9pond aux enjeux \u00e9nerg\u00e9tiques pos\u00e9s par la forte p\u00e9n\u00e9tration des \u00e9nergies solaire et \u00e9olienne aux Pays-Bas. MyWheels op\u00e8re le service d\u2019autopartage, tandis que We Drive Solar assure la fourniture et l\u2019exploitation des stations de recharge intelligentes, permettant aux v\u00e9hicules d\u2019alimenter le r\u00e9seau aux heures de pointe.<\/p>\n\n<ul class=\"wp-block-list\"><li>Contexte et objectifs du service V2G \u00e0 Utrecht<\/li><li>Pr\u00e9sentation des acteurs et de la technologie V2G int\u00e9gr\u00e9e<\/li><li>Fonctionnement du service d\u2019autopartage avec gestion intelligente de l\u2019\u00e9nergie<\/li><li>Avantages pour la ville, les usagers et le r\u00e9seau \u00e9lectrique<\/li><li>Perspectives d\u2019\u00e9volution et impact sur la mobilit\u00e9 \u00e9lectrique en Europe<\/li><\/ul>\n\n<h2 class=\"wp-block-heading\">Utrecht, pionni\u00e8re de l\u2019autopartage V2G en Europe avec Renault Group et partenaires<\/h2>\n\n<p>Utrecht repr\u00e9sente une ville innovante dans le secteur des \u00e9nergies renouvelables en Europe, avec plus de 35 % des toitures \u00e9quip\u00e9es de panneaux solaires. Face \u00e0 cette croissance importante, le r\u00e9seau \u00e9lectrique fait face \u00e0 des d\u00e9fis de stabilit\u00e9 et de flexibilit\u00e9. Le projet d\u2019autopartage V2G r\u00e9pond \u00e0 ces enjeux en combinant mobilit\u00e9 \u00e9lectrique et gestion dynamique de l\u2019\u00e9nergie \u00e0 l\u2019\u00e9chelle urbaine.<\/p>\n\n<ul class=\"wp-block-list\"><li>Lancement du premier service V2G \u00e0 grande \u00e9chelle en Europe<\/li><li>D\u00e9ploiement initial de 500 Renault 5 E-Tech \u00e9quip\u00e9es de la technologie Mobilize<\/li><li>Collaboration \u00e9troite entre Renault Group, We Drive Solar, MyWheels et la municipalit\u00e9<\/li><li>Contribution \u00e0 la flexibilit\u00e9 du r\u00e9seau \u00e9lectrique et int\u00e9gration des \u00e9nergies renouvelables<\/li><li>Acceptation et utilisation facilit\u00e9e gr\u00e2ce \u00e0 un service d\u2019autopartage accessible<\/li><\/ul>\n\n<figure class=\"wp-block-table\"><table>\n<thead>\n<tr>\n<th>Acteur<\/th>\n<th>R\u00f4le<\/th>\n<th>Contribution<\/th>\n<\/tr>\n<\/thead>\n<tbody>\n<tr>\n<td><strong>Renault Group<\/strong><\/td>\n<td>Fournisseur de v\u00e9hicules \u00e9lectriques<\/td>\n<td>500 Renault 5 E-Tech Electric \u00e9quip\u00e9es V2G<\/td>\n<\/tr>\n<tr>\n<td><strong>We Drive Solar<\/strong><\/td>\n<td>Fournisseur et gestionnaire des stations de recharge bidirectionnelle<\/td>\n<td>Installation et exploitation des infrastructures V2G<\/td>\n<\/tr>\n<tr>\n<td><strong>MyWheels<\/strong><\/td>\n<td>Op\u00e9rateur du service d\u2019autopartage<\/td>\n<td>Gestion et mise \u00e0 disposition de la flotte V2G<\/td>\n<\/tr>\n<tr>\n<td><strong>Ville d\u2019Utrecht<\/strong><\/td>\n<td>Partenaire institutionnel<\/td>\n<td>Support politique et d\u00e9ploiement urbain<\/td>\n<\/tr>\n<\/tbody>\n<\/table><\/figure>\n\n<figure class=\"wp-block-image size-full\"><img decoding=\"async\" width=\"1344\" height=\"768\" src=\"https:\/\/renouvelable-habitat.fr\/wp-content\/uploads\/2025\/09\/Renault-Group-We-Drive-Solar-et-MyWheels-sunissent-a-Utrecht-pour-inaugurer-le-premier-service-dautopartage-V2G-en-Europe-1.jpg\" alt=\"renault group, we drive solar et mywheels lancent \u00e0 utrecht le premier service d\u2019autopartage en europe utilisant la technologie v2g, permettant aux v\u00e9hicules \u00e9lectriques de restituer de l\u2019\u00e9nergie au r\u00e9seau pour une mobilit\u00e9 plus durable.\" class=\"wp-image-3114\" srcset=\"https:\/\/renouvelable-habitat.fr\/wp-content\/uploads\/2025\/09\/Renault-Group-We-Drive-Solar-et-MyWheels-sunissent-a-Utrecht-pour-inaugurer-le-premier-service-dautopartage-V2G-en-Europe-1.jpg 1344w, https:\/\/renouvelable-habitat.fr\/wp-content\/uploads\/2025\/09\/Renault-Group-We-Drive-Solar-et-MyWheels-sunissent-a-Utrecht-pour-inaugurer-le-premier-service-dautopartage-V2G-en-Europe-1-300x171.jpg 300w, https:\/\/renouvelable-habitat.fr\/wp-content\/uploads\/2025\/09\/Renault-Group-We-Drive-Solar-et-MyWheels-sunissent-a-Utrecht-pour-inaugurer-le-premier-service-dautopartage-V2G-en-Europe-1-1024x585.jpg 1024w, https:\/\/renouvelable-habitat.fr\/wp-content\/uploads\/2025\/09\/Renault-Group-We-Drive-Solar-et-MyWheels-sunissent-a-Utrecht-pour-inaugurer-le-premier-service-dautopartage-V2G-en-Europe-1-768x439.jpg 768w, https:\/\/renouvelable-habitat.fr\/wp-content\/uploads\/2025\/09\/Renault-Group-We-Drive-Solar-et-MyWheels-sunissent-a-Utrecht-pour-inaugurer-le-premier-service-dautopartage-V2G-en-Europe-1-18x10.jpg 18w\" sizes=\"(max-width: 1344px) 100vw, 1344px\" \/><\/figure>\n\n<h3 class=\"wp-block-heading\">Technologie V2G int\u00e9gr\u00e9e pour optimiser la mobilit\u00e9 \u00e9lectrique et le r\u00e9seau<\/h3>\n\n<p>La technique Vehicle-to-Grid permet une recharge bidirectionnelle, o\u00f9 les v\u00e9hicules \u00e9lectriques peuvent non seulement puiser de l\u2019\u00e9nergie propre mais aussi restituer l\u2019\u00e9lectricit\u00e9 stock\u00e9e sur leurs batteries au r\u00e9seau en p\u00e9riodes de forte demande. Cette technologie, int\u00e9gr\u00e9e dans les Renault 5 E-Tech Electric via la marque Mobilize, offre un potentiel significatif pour \u00e9quilibrer le r\u00e9seau local et maximiser l\u2019utilisation des \u00e9nergies renouvelables.<\/p>\n\n<ul class=\"wp-block-list\"><li>Recharge bidirectionnelle d\u00e9velopp\u00e9e par Mobilize<\/li><li>R\u00e9injection d\u2019\u00e9nergie au r\u00e9seau lors des pics de consommation<\/li><li>R\u00e9duction des co\u00fbts d\u2019\u00e9lectricit\u00e9 pour les usagers gr\u00e2ce \u00e0 une gestion intelligente<\/li><li>Meilleure int\u00e9gration des sources renouvelables intermittentes<\/li><li>Optimisation de la dur\u00e9e de vie des batteries via la gestion centralis\u00e9e<\/li><\/ul>\n\n<figure class=\"wp-block-table\"><table>\n<thead>\n<tr>\n<th>Caract\u00e9ristique<\/th>\n<th>Fonctionnalit\u00e9 V2G<\/th>\n<th>Impact sur le r\u00e9seau et l\u2019utilisateur<\/th>\n<\/tr>\n<\/thead>\n<tbody>\n<tr>\n<td>Recharge bidirectionnelle<\/td>\n<td>Permet charge et d\u00e9charge de la batterie<\/td>\n<td>Stabilise le r\u00e9seau en p\u00e9riode de forte demande<\/td>\n<\/tr>\n<tr>\n<td>Smart charging<\/td>\n<td>Recharge optimis\u00e9e selon l\u2019offre et la demande<\/td>\n<td>R\u00e9duction des co\u00fbts et meilleure efficacit\u00e9 \u00e9nerg\u00e9tique<\/td>\n<\/tr>\n<tr>\n<td>Gestion centralis\u00e9e<\/td>\n<td>Coordonne la flotte pour un usage optimal<\/td>\n<td>Prolonge la vie des batteries et maximise l\u2019usage<\/td>\n<\/tr>\n<\/tbody>\n<\/table><\/figure>\n\n<figure class=\"is-provider-youtube is-type-video wp-block-embed wp-block-embed-youtube wp-embed-aspect-16-9 wp-has-aspect-ratio\"><div class=\"wp-block-embed__wrapper\">\n<iframe title=\"Les projets de Renault \u00e0 la rentr\u00e9e\" width=\"1200\" height=\"675\" src=\"https:\/\/www.youtube.com\/embed\/BQXjcsF40gQ?feature=oembed\" frameborder=\"0\" allow=\"accelerometer; autoplay; clipboard-write; encrypted-media; gyroscope; picture-in-picture; web-share\" referrerpolicy=\"strict-origin-when-cross-origin\" allowfullscreen><\/iframe>\n<\/div><\/figure>\n\n<h2 class=\"wp-block-heading\">Mettre en \u0153uvre un service d\u2019autopartage V2G efficace et durable \u00e0 Utrecht<\/h2>\n\n<p>Op\u00e9rateur principal, MyWheels assure la gestion compl\u00e8te des v\u00e9hicules et permet aux habitants d\u2019Utrecht de profiter d\u2019un acc\u00e8s simple et flexible \u00e0 une flotte innovante de v\u00e9hicules \u00e9lectriques connect\u00e9s. La configuration du service int\u00e8gre la recharge bidirectionnelle gr\u00e2ce \u00e0 We Drive Solar, garantissant une interaction fluide entre les besoins de mobilit\u00e9 et la gestion \u00e9nerg\u00e9tique du r\u00e9seau.<\/p>\n\n<ul class=\"wp-block-list\"><li>Acc\u00e8s simplifi\u00e9 aux Renault 5 E-Tech Electric via la plateforme MyWheels<\/li><li>Station de recharge intelligente fournie par We Drive Solar<\/li><li>Int\u00e9gration du V2G pour am\u00e9liorer l\u2019efficacit\u00e9 \u00e9nerg\u00e9tique urbaine<\/li><li>Impact positif sur la r\u00e9duction des \u00e9missions carbone et les co\u00fbts \u00e9nerg\u00e9tiques<\/li><li>Soutien de la municipalit\u00e9 pour l\u2019implantation et la promotion du service<\/li><\/ul>\n\n<figure class=\"wp-block-table\"><table>\n<thead>\n<tr>\n<th>Aspect<\/th>\n<th>Description<\/th>\n<th>B\u00e9n\u00e9fices<\/th>\n<\/tr>\n<\/thead>\n<tbody>\n<tr>\n<td>Op\u00e9ration<\/td>\n<td>Gestion de la flotte et r\u00e9servation via MyWheels<\/td>\n<td>Accessibilit\u00e9 et flexibilit\u00e9 pour les usagers<\/td>\n<\/tr>\n<tr>\n<td>Rechargement<\/td>\n<td>Stations bidirectionnelles g\u00e9r\u00e9es par We Drive Solar<\/td>\n<td>Optimisation \u00e9nerg\u00e9tique et fiabilit\u00e9 du r\u00e9seau<\/td>\n<\/tr>\n<tr>\n<td>Utilisation<\/td>\n<td>V\u00e9hicules Renault 5 E-Tech Electric<\/td>\n<td>Mobilit\u00e9 propre, compacte et adapt\u00e9e \u00e0 la ville<\/td>\n<\/tr>\n<tr>\n<td>Soutien public<\/td>\n<td>Collaboration avec la ville d\u2019Utrecht<\/td>\n<td>Confiance et impulsion institutionnelle<\/td>\n<\/tr>\n<\/tbody>\n<\/table><\/figure>\n\n<figure class=\"wp-block-image size-full\"><img decoding=\"async\" width=\"1344\" height=\"768\" src=\"https:\/\/renouvelable-habitat.fr\/wp-content\/uploads\/2025\/09\/Renault-Group-We-Drive-Solar-et-MyWheels-sunissent-a-Utrecht-pour-inaugurer-le-premier-service-dautopartage-V2G-en-Europe-2.jpg\" alt=\"renault group, we drive solar et mywheels lancent \u00e0 utrecht le premier service d\u2019autopartage v2g en europe, offrant une mobilit\u00e9 durable et intelligente gr\u00e2ce \u00e0 la technologie de recharge bidirectionnelle.\" class=\"wp-image-3115\" srcset=\"https:\/\/renouvelable-habitat.fr\/wp-content\/uploads\/2025\/09\/Renault-Group-We-Drive-Solar-et-MyWheels-sunissent-a-Utrecht-pour-inaugurer-le-premier-service-dautopartage-V2G-en-Europe-2.jpg 1344w, https:\/\/renouvelable-habitat.fr\/wp-content\/uploads\/2025\/09\/Renault-Group-We-Drive-Solar-et-MyWheels-sunissent-a-Utrecht-pour-inaugurer-le-premier-service-dautopartage-V2G-en-Europe-2-300x171.jpg 300w, https:\/\/renouvelable-habitat.fr\/wp-content\/uploads\/2025\/09\/Renault-Group-We-Drive-Solar-et-MyWheels-sunissent-a-Utrecht-pour-inaugurer-le-premier-service-dautopartage-V2G-en-Europe-2-1024x585.jpg 1024w, https:\/\/renouvelable-habitat.fr\/wp-content\/uploads\/2025\/09\/Renault-Group-We-Drive-Solar-et-MyWheels-sunissent-a-Utrecht-pour-inaugurer-le-premier-service-dautopartage-V2G-en-Europe-2-768x439.jpg 768w, https:\/\/renouvelable-habitat.fr\/wp-content\/uploads\/2025\/09\/Renault-Group-We-Drive-Solar-et-MyWheels-sunissent-a-Utrecht-pour-inaugurer-le-premier-service-dautopartage-V2G-en-Europe-2-18x10.jpg 18w\" sizes=\"(max-width: 1344px) 100vw, 1344px\" \/><\/figure>\n\n<figure class=\"is-provider-youtube is-type-video wp-block-embed wp-block-embed-youtube wp-embed-aspect-16-9 wp-has-aspect-ratio\"><div class=\"wp-block-embed__wrapper\">\n<iframe title=\"World premiere AC-15118 bidirectional charging by Groupe Renault &amp; We Drive Solar\" width=\"1200\" height=\"675\" src=\"https:\/\/www.youtube.com\/embed\/163e5NT1_TA?feature=oembed\" frameborder=\"0\" allow=\"accelerometer; autoplay; clipboard-write; encrypted-media; gyroscope; picture-in-picture; web-share\" referrerpolicy=\"strict-origin-when-cross-origin\" allowfullscreen><\/iframe>\n<\/div><\/figure>\n\n<h2 class=\"wp-block-heading\">Impacts et perspectives du premier service d\u2019autopartage V2G en Europe<\/h2>\n\n<p>Cette initiative exemplaire marque une \u00e9tape d\u00e9cisive vers une mobilit\u00e9 \u00e9lectrique durable coupl\u00e9e \u00e0 une gestion \u00e9nerg\u00e9tique innovante. En contribuant \u00e0 la stabilit\u00e9 du r\u00e9seau \u00e9lectrique et en facilitant l\u2019acc\u00e8s \u00e0 la mobilit\u00e9 \u00e9lectrique partag\u00e9e, elle ouvre la voie \u00e0 un mod\u00e8le reproductible dans d\u2019autres m\u00e9tropoles europ\u00e9ennes.<\/p>\n\n<ul class=\"wp-block-list\"><li>Am\u00e9lioration de la flexibilit\u00e9 et r\u00e9silience du r\u00e9seau \u00e9lectrique urbain<\/li><li>Diminution des \u00e9missions li\u00e9es \u00e0 la mobilit\u00e9 gr\u00e2ce \u00e0 une flotte \u00e9lectrique partag\u00e9e<\/li><li>R\u00e9duction des co\u00fbts \u00e9nerg\u00e9tiques pour les utilisateurs et la collectivit\u00e9<\/li><li>D\u00e9monstration concr\u00e8te du potentiel de la technologie V2G \u00e0 grande \u00e9chelle<\/li><li>Encouragement \u00e0 l\u2019adoption de solutions \u00e9lectriques innovantes en Europe<\/li><\/ul>\n\n<figure class=\"wp-block-table\"><table>\n<thead>\n<tr>\n<th>Avantage<\/th>\n<th>Impact mesur\u00e9 \/ attendu<\/th>\n<th>Perspectives \u00e0 moyen terme<\/th>\n<\/tr>\n<\/thead>\n<tbody>\n<tr>\n<td>Flexibilit\u00e9 du r\u00e9seau<\/td>\n<td>10 % de la flexibilit\u00e9 r\u00e9gionale d\u2019Utrecht apport\u00e9e par la flotte V2G<\/td>\n<td>Extension \u00e0 d\u2019autres villes et int\u00e9gration de v\u00e9hicules vari\u00e9s<\/td>\n<\/tr>\n<tr>\n<td>Mobilit\u00e9 durable<\/td>\n<td>R\u00e9duction significative des \u00e9missions de CO2 urbaines<\/td>\n<td>Accroissement des services d\u2019autopartage \u00e9lectrique<\/td>\n<\/tr>\n<tr>\n<td>\u00c9conomies d\u2019\u00e9nergie<\/td>\n<td>Baisse des co\u00fbts d\u2019\u00e9lectricit\u00e9 pour les utilisateurs<\/td>\n<td>Mod\u00e8les \u00e9conomiques inclusifs et attractifs<\/td>\n<\/tr>\n<tr>\n<td>Innovation technologique<\/td>\n<td>Premi\u00e8re application publique \u00e0 grande \u00e9chelle du V2G en Europe<\/td>\n<td>D\u00e9veloppement de nouvelles fonctionnalit\u00e9s et partenariats<\/td>\n<\/tr>\n<\/tbody>\n<\/table><\/figure>\n\n<script type=\"application\/ld+json\">\n{\"@context\":\"https:\/\/schema.org\",\"@type\":\"FAQPage\",\"mainEntity\":[{\"@type\":\"Question\",\"name\":\"Quu2019est-ce que la technologie Vehicle-to-Grid (V2G) ?\",\"acceptedAnswer\":{\"@type\":\"Answer\",\"text\":\"La technologie V2G permet aux vu00e9hicules u00e9lectriques de recharger leur batterie et de ru00e9injecter de lu2019u00e9lectricitu00e9 dans le ru00e9seau, contribuant ainsi u00e0 lu2019u00e9quilibrage u00e9nergu00e9tique lors des pics de consommation.\"}},{\"@type\":\"Question\",\"name\":\"Quels sont les avantages de lu2019autopartage V2G pour les utilisateurs ?\",\"acceptedAnswer\":{\"@type\":\"Answer\",\"text\":\"Les utilisateurs bu00e9nu00e9ficient du2019un accu00e8s u00e0 des vu00e9hicules u00e9lectriques propres, de cou00fbts de recharge ru00e9duits gru00e2ce u00e0 une gestion intelligente, et participent indirectement u00e0 la stabilitu00e9 du ru00e9seau u00e9lectrique.\"}},{\"@type\":\"Question\",\"name\":\"Comment Utrecht tire-t-elle parti de cette innovation ?\",\"acceptedAnswer\":{\"@type\":\"Answer\",\"text\":\"Utrecht capitalise sur ses infrastructures solaires importantes et la technologie V2G pour optimiser la gestion u00e9nergu00e9tique urbaine, ru00e9duire les u00e9missions carbone et promouvoir la mobilitu00e9 durable.\"}},{\"@type\":\"Question\",\"name\":\"Quel ru00f4le joue MyWheels dans ce projet ?\",\"acceptedAnswer\":{\"@type\":\"Answer\",\"text\":\"MyWheels gu00e8re le service du2019autopartage, facilitant lu2019accu00e8s u00e0 la flotte V2G, assurant la disponibilitu00e9 et la maintenance des vu00e9hicules pour les habitants du2019Utrecht.\"}},{\"@type\":\"Question\",\"name\":\"Cette innovation est-elle reproductible dans du2019autres villes ?\",\"acceptedAnswer\":{\"@type\":\"Answer\",\"text\":\"Oui, la ru00e9ussite de ce projet constitue un modu00e8le qui peut u00eatre adaptu00e9 par du2019autres mu00e9tropoles europu00e9ennes souhaitant combiner mobilitu00e9 u00e9lectrique et gestion intelligente du ru00e9seau.\"}}]}\n<\/script>\n<h3>Qu\u2019est-ce que la technologie Vehicle-to-Grid (V2G) ?<\/h3>\n<p>La technologie V2G permet aux v\u00e9hicules \u00e9lectriques de recharger leur batterie et de r\u00e9injecter de l\u2019\u00e9lectricit\u00e9 dans le r\u00e9seau, contribuant ainsi \u00e0 l\u2019\u00e9quilibrage \u00e9nerg\u00e9tique lors des pics de consommation.<\/p>\n<h3>Quels sont les avantages de l\u2019autopartage V2G pour les utilisateurs ?<\/h3>\n<p>Les utilisateurs b\u00e9n\u00e9ficient d\u2019un acc\u00e8s \u00e0 des v\u00e9hicules \u00e9lectriques propres, de co\u00fbts de recharge r\u00e9duits gr\u00e2ce \u00e0 une gestion intelligente, et participent indirectement \u00e0 la stabilit\u00e9 du r\u00e9seau \u00e9lectrique.<\/p>\n<h3>Comment Utrecht tire-t-elle parti de cette innovation ?<\/h3>\n<p>Utrecht capitalise sur ses infrastructures solaires importantes et la technologie V2G pour optimiser la gestion \u00e9nerg\u00e9tique urbaine, r\u00e9duire les \u00e9missions carbone et promouvoir la mobilit\u00e9 durable.<\/p>\n<h3>Quel r\u00f4le joue MyWheels dans ce projet ?<\/h3>\n<p>MyWheels g\u00e8re le service d\u2019autopartage, facilitant l\u2019acc\u00e8s \u00e0 la flotte V2G, assurant la disponibilit\u00e9 et la maintenance des v\u00e9hicules pour les habitants d\u2019Utrecht.<\/p>\n<h3>Cette innovation est-elle reproductible dans d\u2019autres villes ?<\/h3>\n<p>Oui, la r\u00e9ussite de ce projet constitue un mod\u00e8le qui peut \u00eatre adapt\u00e9 par d\u2019autres m\u00e9tropoles europ\u00e9ennes souhaitant combiner mobilit\u00e9 \u00e9lectrique et gestion intelligente du r\u00e9seau.<\/p>\n\n<p>Pour en savoir plus, consultez les articles d\u00e9taill\u00e9s sur <a href=\"https:\/\/media.renaultgroup.com\/utrecht-premiere-ville-europeenne-a-adopter-un-service-dautopartage-v2g\/\">le site officiel de Renault Group<\/a>, <a href=\"https:\/\/www.automobile-propre.com\/articles\/aux-pays-bas-renault-lance-le-premier-service-dautopartage-v2g-deurope\/\">Automobile Propre<\/a> et <a href=\"https:\/\/www.challenges.fr\/entreprise\/tech-numerique\/renault-lance-a-utrecht-un-service-d-ev-smart-charge-en-autopartage_912668\">Challenges<\/a>.<\/p>\n\n","protected":false},"excerpt":{"rendered":"<p>En 2025, la ville d&rsquo;Utrecht se positionne \u00e0 l\u2019avant-garde de l\u2019innovation en mobilit\u00e9 \u00e9lectrique en Europe avec le lancement du premier service d\u2019autopartage \u00e0 grande \u00e9chelle int\u00e9grant la technologie Vehicle-to-Grid (V2G). Ce projet ambitieux r\u00e9sulte d\u2019une collaboration entre Renault Group, We Drive Solar, MyWheels et la municipalit\u00e9 locale, visant \u00e0 conjuguer mobilit\u00e9 durable, efficacit\u00e9 \u00e9nerg\u00e9tique &#8230; <a title=\"Renault Group, We Drive Solar et MyWheels s\u2019unissent \u00e0 Utrecht pour inaugurer le premier service d\u2019autopartage V2G en Europe\" class=\"read-more\" href=\"https:\/\/renouvelable-habitat.fr\/it\/renault-group-we-drive-solar-et-mywheels-sunissent-a-utrecht-pour-inaugurer-le-premier-service-dautopartage-v2g-en-europe\/\" aria-label=\"Per saperne di pi\u00f9 su Renault Group, We Drive Solar et MyWheels s\u2019unissent \u00e0 Utrecht pour inaugurer le premier service d\u2019autopartage V2G en Europe\">Leggi tutto<\/a><\/p>","protected":false},"author":3,"featured_media":3113,"comment_status":"open","ping_status":"open","sticky":false,"template":"","format":"standard","meta":{"_seopress_robots_primary_cat":"","_seopress_titles_title":"Utrecht : lancement du premier autopartage V2G en Europe avec Renault, We Drive Solar et MyWheels","_seopress_titles_desc":"Renault Group, We Drive Solar et MyWheels lancent \u00e0 Utrecht le 1er service d\u2019autopartage V2G en Europe. Innovation et mobilit\u00e9 durable!","_seopress_robots_index":"","inline_featured_image":false,"footnotes":""},"categories":[16],"tags":[],"class_list":["post-3116","post","type-post","status-publish","format-standard","has-post-thumbnail","hentry","category-actualite","generate-columns","tablet-grid-50","mobile-grid-100","grid-parent","grid-33"],"_links":{"self":[{"href":"https:\/\/renouvelable-habitat.fr\/it\/wp-json\/wp\/v2\/posts\/3116","targetHints":{"allow":["GET"]}}],"collection":[{"href":"https:\/\/renouvelable-habitat.fr\/it\/wp-json\/wp\/v2\/posts"}],"about":[{"href":"https:\/\/renouvelable-habitat.fr\/it\/wp-json\/wp\/v2\/types\/post"}],"author":[{"embeddable":true,"href":"https:\/\/renouvelable-habitat.fr\/it\/wp-json\/wp\/v2\/users\/3"}],"replies":[{"embeddable":true,"href":"https:\/\/renouvelable-habitat.fr\/it\/wp-json\/wp\/v2\/comments?post=3116"}],"version-history":[{"count":0,"href":"https:\/\/renouvelable-habitat.fr\/it\/wp-json\/wp\/v2\/posts\/3116\/revisions"}],"wp:featuredmedia":[{"embeddable":true,"href":"https:\/\/renouvelable-habitat.fr\/it\/wp-json\/wp\/v2\/media\/3113"}],"wp:attachment":[{"href":"https:\/\/renouvelable-habitat.fr\/it\/wp-json\/wp\/v2\/media?parent=3116"}],"wp:term":[{"taxonomy":"category","embeddable":true,"href":"https:\/\/renouvelable-habitat.fr\/it\/wp-json\/wp\/v2\/categories?post=3116"},{"taxonomy":"post_tag","embeddable":true,"href":"https:\/\/renouvelable-habitat.fr\/it\/wp-json\/wp\/v2\/tags?post=3116"}],"curies":[{"name":"wp","href":"https:\/\/api.w.org\/{rel}","templated":true}]}}