{"id":3284,"date":"2025-11-01T08:23:15","date_gmt":"2025-11-01T07:23:15","guid":{"rendered":"https:\/\/renouvelable-habitat.fr\/une-nouvelle-ere-energetique-la-premiere-centrale-solaire-de-suisse-demarre-sa-production-dans-les-grisons\/"},"modified":"2025-11-01T08:23:15","modified_gmt":"2025-11-01T07:23:15","slug":"une-nouvelle-ere-energetique-la-premiere-centrale-solaire-de-suisse-demarre-sa-production-dans-les-grisons","status":"publish","type":"post","link":"https:\/\/renouvelable-habitat.fr\/it\/une-nouvelle-ere-energetique-la-premiere-centrale-solaire-de-suisse-demarre-sa-production-dans-les-grisons\/","title":{"rendered":"Une nouvelle \u00e8re \u00e9nerg\u00e9tique : la premi\u00e8re centrale solaire de Suisse d\u00e9marre sa production dans les Grisons"},"content":{"rendered":"<p>Situ\u00e9e \u00e0 2000 m\u00e8tres d\u2019altitude dans la vall\u00e9e du Pr\u00e4ttigau au-dessus de Klosters, la centrale Madrisa Solar marque une \u00e9tape majeure dans le paysage \u00e9nerg\u00e9tique suisse. Premier grand parc solaire alpine raccord\u00e9 au r\u00e9seau dans le cadre du programme national Solar Express, ce projet initi\u00e9 en 2022 vise \u00e0 renforcer la production d\u2019\u00e9lectricit\u00e9 solaire, en particulier durant la saison hivernale, une p\u00e9riode traditionnellement moins propice \u00e0 cette source d\u2019\u00e9nergie. \u00c0 ce jour, environ 3500 panneaux solaires, incluant 3000 modules bifaciaux innovants, ont \u00e9t\u00e9 install\u00e9s, et la mise en service compl\u00e8te est attendue d\u2019ici \u00e0 la fin 2027. Cette centrale a pour ambition de produire annuellement 17 GWh, dont plus de 40 % sont attendus en hiver, un record qui va permettre de r\u00e9duire significativement les importations d\u2019\u00e9nergie et soutenir la transition vers un \u00e9clairage durable des Grisons.<\/p>\n\n<h2 class=\"wp-block-heading\">Les avanc\u00e9es technologiques au c\u0153ur de la premi\u00e8re centrale solaire alpine en Suisse<\/h2>\n\n<p>L\u2019innovation distingue Madrisa Solar en exploitant une technologie de panneaux bifaciaux capable de capter la lumi\u00e8re solaire des deux c\u00f4t\u00e9s, maximisant ainsi la production d\u2019\u00e9lectricit\u00e9 m\u00eame avec un ensoleillement diffus typique des hauts plateaux alpins. Cette approche, soutenue par les acteurs r\u00e9gionaux tels que les \u00c9tablissements \u00e9lectriques du canton de Zurich, la commune de Klosters et la soci\u00e9t\u00e9 \u00e9nerg\u00e9tique grisonne Repower, permet de surmonter les contraintes climatiques et g\u00e9ographiques sp\u00e9cifiques aux Alpes suisses. Install\u00e9e \u00e0 proximit\u00e9 d\u2019autres initiatives comme la centrale solaire sur rails \u00e0 Neuch\u00e2tel, ce projet pionnier illustre l\u2019engagement de la Suisse dans la d\u00e9carbonation par des solutions adapt\u00e9es \u00e0 ses reliefs et son climat.<\/p>\n\n<ul class=\"wp-block-list\"><li>Utilisation de panneaux bifaciaux pour une performance optimis\u00e9e.<\/li><li>Installation sur terrain montagnard \u00e0 plus de 2000 m\u00e8tres d\u2019altitude.<\/li><li>Production hivernale importante pour pallier la baisse saisonni\u00e8re.<\/li><li>Investissement de 70 millions de francs suisses.<\/li><\/ul>\n\n<figure class=\"wp-block-table\"><table>\n<thead>\n<tr>\n<th>Caract\u00e9ristique<\/th>\n<th>D\u00e9tail<\/th>\n<\/tr>\n<\/thead>\n<tbody>\n<tr>\n<td>Nom du projet<\/td>\n<td>Madrisa Solar<\/td>\n<\/tr>\n<tr>\n<td>Altitude<\/td>\n<td>2000 m<\/td>\n<\/tr>\n<tr>\n<td>Production annuelle<\/td>\n<td>17 GWh<\/td>\n<\/tr>\n<tr>\n<td>Taux de production hivernale<\/td>\n<td>Plus de 40%<\/td>\n<\/tr>\n<tr>\n<td>Investissement<\/td>\n<td>70 millions CHF<\/td>\n<\/tr>\n<tr>\n<td>Partenaires<\/td>\n<td>EKZ, Commune de Klosters, Repower<\/td>\n<\/tr>\n<\/tbody>\n<\/table><\/figure>\n\n<figure class=\"wp-block-image size-full\"><img decoding=\"async\" width=\"1344\" height=\"768\" src=\"https:\/\/renouvelable-habitat.fr\/wp-content\/uploads\/2025\/11\/Une-nouvelle-ere-energetique-la-premiere-centrale-solaire-de-Suisse-demarre-sa-production-dans-les-Grisons-1.jpg\" alt=\"d\u00e9couvrez la r\u00e9volution \u00e9nerg\u00e9tique en suisse avec le lancement de la premi\u00e8re centrale solaire dans les grisons, marquant un pas important vers un avenir plus durable.\" class=\"wp-image-3282\" srcset=\"https:\/\/renouvelable-habitat.fr\/wp-content\/uploads\/2025\/11\/Une-nouvelle-ere-energetique-la-premiere-centrale-solaire-de-Suisse-demarre-sa-production-dans-les-Grisons-1.jpg 1344w, https:\/\/renouvelable-habitat.fr\/wp-content\/uploads\/2025\/11\/Une-nouvelle-ere-energetique-la-premiere-centrale-solaire-de-Suisse-demarre-sa-production-dans-les-Grisons-1-300x171.jpg 300w, https:\/\/renouvelable-habitat.fr\/wp-content\/uploads\/2025\/11\/Une-nouvelle-ere-energetique-la-premiere-centrale-solaire-de-Suisse-demarre-sa-production-dans-les-Grisons-1-1024x585.jpg 1024w, https:\/\/renouvelable-habitat.fr\/wp-content\/uploads\/2025\/11\/Une-nouvelle-ere-energetique-la-premiere-centrale-solaire-de-Suisse-demarre-sa-production-dans-les-Grisons-1-768x439.jpg 768w, https:\/\/renouvelable-habitat.fr\/wp-content\/uploads\/2025\/11\/Une-nouvelle-ere-energetique-la-premiere-centrale-solaire-de-Suisse-demarre-sa-production-dans-les-Grisons-1-18x10.jpg 18w\" sizes=\"(max-width: 1344px) 100vw, 1344px\" \/><\/figure>\n\n<h3 class=\"wp-block-heading\">Les implications pour la transition \u00e9nerg\u00e9tique suisse dans les Alpes<\/h3>\n\n<p>Avec Madrisa Solar, la Suisse amorce une r\u00e9volution dans son approche des \u00e9nergies renouvelables en zone alpine. Le pays, reconnu pour son engagement environnemental, voit dans cette centrale un moyen d\u2019accro\u00eetre sa souverainet\u00e9 \u00e9nerg\u00e9tique tout en d\u00e9veloppant des solutions adapt\u00e9es aux r\u00e9gions \u00e0 fort potentiel solaire mal exploit\u00e9 jusqu\u2019alors. Par ailleurs, ces innovations favorisent la r\u00e9duction des \u00e9missions de CO2 et positionnent les Grisons comme un acteur cl\u00e9 de la Lumi\u00e8reAlpine et de l\u2019<a href=\"https:\/\/netzero2050.ch\/fr\/la-suisse-approuve-la-premiere-grande-centrale-solaire-alpine\/\">\u00e9nergie durable en montagne<\/a>. Ce mod\u00e8le inspire d&rsquo;autres projets, notamment les centrales solaires amovibles sur voie ferr\u00e9e, telles que mises en \u0153uvre \u00e0 Neuch\u00e2tel, contribuant ainsi \u00e0 la strat\u00e9gie globale Hydrogen &amp; SolarNova helv\u00e9tique.<\/p>\n\n<ul class=\"wp-block-list\"><li>Renforcement de l&rsquo;ind\u00e9pendance \u00e9nerg\u00e9tique hivernale.<\/li><li>R\u00e9duction significative des \u00e9missions carbones.<\/li><li>Valorisation des GrisonsEnsoleill\u00e9s comme territoire d\u2019innovation.<\/li><li>D\u00e9veloppement du solaire dans des environnements d\u2019altitude.<\/li><\/ul>\n\n<figure class=\"wp-block-table\"><table>\n<thead>\n<tr>\n<th>Impact<\/th>\n<th>Description<\/th>\n<\/tr>\n<\/thead>\n<tbody>\n<tr>\n<td>Production d\u2019\u00e9nergie renouvelable<\/td>\n<td>Capacit\u00e9 accrue en hiver gr\u00e2ce aux technologies adapt\u00e9es<\/td>\n<\/tr>\n<tr>\n<td>\u00c9mission de gaz \u00e0 effet de serre<\/td>\n<td>R\u00e9duction notable du CO2 li\u00e9 \u00e0 l\u2019\u00e9nergie fossile<\/td>\n<\/tr>\n<tr>\n<td>Cr\u00e9ation d\u2019emplois<\/td>\n<td>D\u00e9veloppement local autour des activit\u00e9s solaires et maintenance<\/td>\n<\/tr>\n<\/tbody>\n<\/table><\/figure>\n\n<figure class=\"is-provider-youtube is-type-video wp-block-embed wp-block-embed-youtube wp-embed-aspect-16-9 wp-has-aspect-ratio\"><div class=\"wp-block-embed__wrapper\">\n<iframe title=\"Inauguration de la centrale photovolta\u00efque en autoconsommation\" width=\"1200\" height=\"900\" src=\"https:\/\/www.youtube.com\/embed\/w5waNEVxMGo?feature=oembed\" frameborder=\"0\" allow=\"accelerometer; autoplay; clipboard-write; encrypted-media; gyroscope; picture-in-picture; web-share\" referrerpolicy=\"strict-origin-when-cross-origin\" allowfullscreen><\/iframe>\n<\/div><\/figure>\n\n<h2 class=\"wp-block-heading\">Perspectives de d\u00e9veloppement pour les centrales solaires dans les r\u00e9gions alpines suisses<\/h2>\n\n<p>La r\u00e9ussite de Madrisa Solar ouvre la voie \u00e0 d\u2019autres installations ambitieuses telles que la centrale solaire sur rails inaugur\u00e9e r\u00e9cemment dans le canton de Neuch\u00e2tel, une initiative qui transforme des infrastructures ferroviaires en source durable d\u2019\u00e9lectricit\u00e9. Ces projets illustrent la dynamique d&rsquo;<a href=\"https:\/\/www.groupeenergie10.fr\/centrale-solaire-neuchatel\/\">\u00c9coRayon<\/a> et de <a href=\"https:\/\/azaneo.com\/centrale-solaire-sur-rails-en-suisse-une-innovation-qui-revolutionne-lenergie\/\">VoltSuisse<\/a> qui red\u00e9finit les usages du solaire en contexte montagnard. Ce mouvement s\u2019inscrit dans une ambitieuse feuille de route \u00e9nerg\u00e9tique visant \u00e0 multiplier les installations \u00e0 haute altitude, favorisant ainsi une meilleure exploitation du rayonnement solaire, m\u00eame en p\u00e9riodes d\u00e9favorables.<\/p>\n\n<ul class=\"wp-block-list\"><li>Int\u00e9gration innovante de syst\u00e8mes solaires sur infrastructures existantes.<\/li><li>Expansion progressive des parcs solaires en haute montagne.<\/li><li>Optimisation des rendements gr\u00e2ce aux technologies bifaciales et modulables.<\/li><li>Partenariats publics-priv\u00e9s renforc\u00e9s pour financer ces transitions.<\/li><\/ul>\n\n<figure class=\"wp-block-table\"><table>\n<thead>\n<tr>\n<th>Projet<\/th>\n<th>Localisation<\/th>\n<th>Caract\u00e9ristique principale<\/th>\n<th>Date pr\u00e9vue d\u2019ach\u00e8vement<\/th>\n<\/tr>\n<\/thead>\n<tbody>\n<tr>\n<td>Madrisa Solar<\/td>\n<td>Klosters, Grisons<\/td>\n<td>Production hivernale \u00e9lev\u00e9e, panneaux bifaciaux<\/td>\n<td>Fin 2027<\/td>\n<\/tr>\n<tr>\n<td>Centrale solaire sur rails<\/td>\n<td>Neuch\u00e2tel<\/td>\n<td>Installation amovible sur voie ferr\u00e9e ouverte<\/td>\n<td>2025<\/td>\n<\/tr>\n<\/tbody>\n<\/table><\/figure>\n\n<figure class=\"wp-block-image size-full\"><img decoding=\"async\" width=\"1344\" height=\"768\" src=\"https:\/\/renouvelable-habitat.fr\/wp-content\/uploads\/2025\/11\/Une-nouvelle-ere-energetique-la-premiere-centrale-solaire-de-Suisse-demarre-sa-production-dans-les-Grisons-2.jpg\" alt=\"d\u00e9couvrez comment la premi\u00e8re centrale solaire de suisse d\u00e9marre sa production dans les grisons, marquant une \u00e9tape cl\u00e9 vers une nouvelle \u00e8re \u00e9nerg\u00e9tique fid\u00e8le aux ambitions \u00e9cologiques du pays.\" class=\"wp-image-3283\" srcset=\"https:\/\/renouvelable-habitat.fr\/wp-content\/uploads\/2025\/11\/Une-nouvelle-ere-energetique-la-premiere-centrale-solaire-de-Suisse-demarre-sa-production-dans-les-Grisons-2.jpg 1344w, https:\/\/renouvelable-habitat.fr\/wp-content\/uploads\/2025\/11\/Une-nouvelle-ere-energetique-la-premiere-centrale-solaire-de-Suisse-demarre-sa-production-dans-les-Grisons-2-300x171.jpg 300w, https:\/\/renouvelable-habitat.fr\/wp-content\/uploads\/2025\/11\/Une-nouvelle-ere-energetique-la-premiere-centrale-solaire-de-Suisse-demarre-sa-production-dans-les-Grisons-2-1024x585.jpg 1024w, https:\/\/renouvelable-habitat.fr\/wp-content\/uploads\/2025\/11\/Une-nouvelle-ere-energetique-la-premiere-centrale-solaire-de-Suisse-demarre-sa-production-dans-les-Grisons-2-768x439.jpg 768w, https:\/\/renouvelable-habitat.fr\/wp-content\/uploads\/2025\/11\/Une-nouvelle-ere-energetique-la-premiere-centrale-solaire-de-Suisse-demarre-sa-production-dans-les-Grisons-2-18x10.jpg 18w\" sizes=\"(max-width: 1344px) 100vw, 1344px\" \/><\/figure>\n\n<h3 class=\"wp-block-heading\">L\u2019importance des collaborations r\u00e9gionales pour un impact durable<\/h3>\n\n<p>Les parcs comme Madrisa Solar incarnent la synergie entre acteurs locaux, r\u00e9gionaux et nationaux. Les investissements conjoints d&rsquo;<a href=\"https:\/\/energynews.pro\/suisse-inauguration-de-la-centrale-alpinsolar\/\">EKZ<\/a>, de la commune de Klosters et de Repower illustrent l\u2019implication collective dans la vocation \u00e9nerg\u00e9tique des GrisonsEnsoleill\u00e9s. Cette coop\u00e9ration est essentielle pour r\u00e9pondre aux d\u00e9fis d\u2019accessibilit\u00e9 et d\u2019entretien dans des environnements alpins difficiles. Le projet s\u2019inscrit \u00e9galement dans un cadre plus large reliant des initiatives comme HelioSuisse, contribuant \u00e0 une Suisse plus r\u00e9siliente face aux enjeux \u00e9nerg\u00e9tiques climatiques.<\/p>\n\n<ul class=\"wp-block-list\"><li>Mobilisation des collectivit\u00e9s locales.<\/li><li>Partage des ressources et expertise technique.<\/li><li>Optimisation des co\u00fbts et gestion durable des parcs.<\/li><li>Promotion de la recherche et d\u00e9veloppement dans le solaire.<\/li><\/ul>\n\n<figure class=\"wp-block-table\"><table>\n<thead>\n<tr>\n<th>Partenaire<\/th>\n<th>R\u00f4le<\/th>\n<th>Contribution<\/th>\n<\/tr>\n<\/thead>\n<tbody>\n<tr>\n<td>EKZ<\/td>\n<td>Fournisseur d\u2019\u00e9lectricit\u00e9<\/td>\n<td>Gestion technique et r\u00e9seaux<\/td>\n<\/tr>\n<tr>\n<td>Commune de Klosters<\/td>\n<td>Autorit\u00e9 locale<\/td>\n<td>Organisation territoriale et soutien logistique<\/td>\n<\/tr>\n<tr>\n<td>Repower<\/td>\n<td>Entreprise \u00e9nerg\u00e9tique<\/td>\n<td>Co-investissement et d\u00e9veloppement strat\u00e9gique<\/td>\n<\/tr>\n<\/tbody>\n<\/table><\/figure>\n\n<figure class=\"is-provider-youtube is-type-video wp-block-embed wp-block-embed-youtube wp-embed-aspect-16-9 wp-has-aspect-ratio\"><div class=\"wp-block-embed__wrapper\">\n<iframe title=\"Ils Ont Transform\u00e9 des Montagnes Enti\u00e8res en Centrale Solaire\" width=\"1200\" height=\"675\" src=\"https:\/\/www.youtube.com\/embed\/gxYRGll5zAI?feature=oembed\" frameborder=\"0\" allow=\"accelerometer; autoplay; clipboard-write; encrypted-media; gyroscope; picture-in-picture; web-share\" referrerpolicy=\"strict-origin-when-cross-origin\" allowfullscreen><\/iframe>\n<\/div><\/figure>\n\n<script type=\"application\/ld+json\">\n{\"@context\":\"https:\/\/schema.org\",\"@type\":\"FAQPage\",\"mainEntity\":[{\"@type\":\"Question\",\"name\":\"Quel est lu2019objectif principal de Madrisa Solar ?\",\"acceptedAnswer\":{\"@type\":\"Answer\",\"text\":\"Produire de lu2019u00e9lectricitu00e9 renouvelable en milieu alpin, avec une capacitu00e9 importante de production en hiver, pour amu00e9liorer la su00e9curitu00e9 u00e9nergu00e9tique et ru00e9duire les importations.\"}},{\"@type\":\"Question\",\"name\":\"Quels sont les partenaires clu00e9s impliquu00e9s dans la centrale ?\",\"acceptedAnswer\":{\"@type\":\"Answer\",\"text\":\"Les u00c9tablissements u00e9lectriques du canton de Zurich (EKZ), la commune de Klosters et lu2019entreprise grisonne Repower du00e9tiennent chacun un tiers des parts.\"}},{\"@type\":\"Question\",\"name\":\"Quelle est la technologie utilisu00e9e pour maximiser la production ?\",\"acceptedAnswer\":{\"@type\":\"Answer\",\"text\":\"Lu2019installation intu00e8gre des panneaux solaires bifaciaux qui captent la lumiu00e8re des deux faces, augmentant ainsi le rendement, notamment en montagnes.\"}},{\"@type\":\"Question\",\"name\":\"Comment ce projet s'inscrit-il dans la stratu00e9gie u00e9nergu00e9tique suisse ?\",\"acceptedAnswer\":{\"@type\":\"Answer\",\"text\":\"Il illustre la volontu00e9 du2019exploiter le potentiel solaire en haute altitude et complu00e8te du2019autres initiatives renouvelables comme la centrale solaire sur rails de Neuchu00e2tel.\"}},{\"@type\":\"Question\",\"name\":\"Quand la centrale Madrisa Solar sera-t-elle pleinement opu00e9rationnelle ?\",\"acceptedAnswer\":{\"@type\":\"Answer\",\"text\":\"La mise en service complu00e8te est envisagu00e9e pour la fin 2027, avec une progression graduelle de la production jusquu2019u00e0 cette date.\"}}]}\n<\/script>\n<h3>Quel est l\u2019objectif principal de Madrisa Solar ?<\/h3>\n<p>Produire de l\u2019\u00e9lectricit\u00e9 renouvelable en milieu alpin, avec une capacit\u00e9 importante de production en hiver, pour am\u00e9liorer la s\u00e9curit\u00e9 \u00e9nerg\u00e9tique et r\u00e9duire les importations.<\/p>\n<h3>Quels sont les partenaires cl\u00e9s impliqu\u00e9s dans la centrale ?<\/h3>\n<p>Les \u00c9tablissements \u00e9lectriques du canton de Zurich (EKZ), la commune de Klosters et l\u2019entreprise grisonne Repower d\u00e9tiennent chacun un tiers des parts.<\/p>\n<h3>Quelle est la technologie utilis\u00e9e pour maximiser la production ?<\/h3>\n<p>L\u2019installation int\u00e8gre des panneaux solaires bifaciaux qui captent la lumi\u00e8re des deux faces, augmentant ainsi le rendement, notamment en montagnes.<\/p>\n<h3>Comment ce projet s&rsquo;inscrit-il dans la strat\u00e9gie \u00e9nerg\u00e9tique suisse ?<\/h3>\n<p>Il illustre la volont\u00e9 d\u2019exploiter le potentiel solaire en haute altitude et compl\u00e8te d\u2019autres initiatives renouvelables comme la centrale solaire sur rails de Neuch\u00e2tel.<\/p>\n<h3>Quand la centrale Madrisa Solar sera-t-elle pleinement op\u00e9rationnelle ?<\/h3>\n<p>La mise en service compl\u00e8te est envisag\u00e9e pour la fin 2027, avec une progression graduelle de la production jusqu\u2019\u00e0 cette date.<\/p>\n\n","protected":false},"excerpt":{"rendered":"<p>Situ\u00e9e \u00e0 2000 m\u00e8tres d\u2019altitude dans la vall\u00e9e du Pr\u00e4ttigau au-dessus de Klosters, la centrale Madrisa Solar marque une \u00e9tape majeure dans le paysage \u00e9nerg\u00e9tique suisse. Premier grand parc solaire alpine raccord\u00e9 au r\u00e9seau dans le cadre du programme national Solar Express, ce projet initi\u00e9 en 2022 vise \u00e0 renforcer la production d\u2019\u00e9lectricit\u00e9 solaire, en &#8230; <a title=\"Une nouvelle \u00e8re \u00e9nerg\u00e9tique : la premi\u00e8re centrale solaire de Suisse d\u00e9marre sa production dans les Grisons\" class=\"read-more\" href=\"https:\/\/renouvelable-habitat.fr\/it\/une-nouvelle-ere-energetique-la-premiere-centrale-solaire-de-suisse-demarre-sa-production-dans-les-grisons\/\" aria-label=\"Per saperne di pi\u00f9 su Une nouvelle \u00e8re \u00e9nerg\u00e9tique : la premi\u00e8re centrale solaire de Suisse d\u00e9marre sa production dans les Grisons\">Leggi tutto<\/a><\/p>","protected":false},"author":3,"featured_media":3281,"comment_status":"open","ping_status":"open","sticky":false,"template":"","format":"standard","meta":{"_seopress_robots_primary_cat":"","_seopress_titles_title":"Soleil au sommet : la premi\u00e8re centrale solaire suisse illumine les Grisons","_seopress_titles_desc":"La premi\u00e8re centrale solaire de Suisse d\u00e9marre aux Grisons, ouvrant une nouvelle \u00e8re \u00e9nerg\u00e9tique durable. D\u00e9couvrez cette avanc\u00e9e majeure !","_seopress_robots_index":"","inline_featured_image":false,"footnotes":""},"categories":[16],"tags":[],"class_list":["post-3284","post","type-post","status-publish","format-standard","has-post-thumbnail","hentry","category-actualite","generate-columns","tablet-grid-50","mobile-grid-100","grid-parent","grid-33"],"_links":{"self":[{"href":"https:\/\/renouvelable-habitat.fr\/it\/wp-json\/wp\/v2\/posts\/3284","targetHints":{"allow":["GET"]}}],"collection":[{"href":"https:\/\/renouvelable-habitat.fr\/it\/wp-json\/wp\/v2\/posts"}],"about":[{"href":"https:\/\/renouvelable-habitat.fr\/it\/wp-json\/wp\/v2\/types\/post"}],"author":[{"embeddable":true,"href":"https:\/\/renouvelable-habitat.fr\/it\/wp-json\/wp\/v2\/users\/3"}],"replies":[{"embeddable":true,"href":"https:\/\/renouvelable-habitat.fr\/it\/wp-json\/wp\/v2\/comments?post=3284"}],"version-history":[{"count":0,"href":"https:\/\/renouvelable-habitat.fr\/it\/wp-json\/wp\/v2\/posts\/3284\/revisions"}],"wp:featuredmedia":[{"embeddable":true,"href":"https:\/\/renouvelable-habitat.fr\/it\/wp-json\/wp\/v2\/media\/3281"}],"wp:attachment":[{"href":"https:\/\/renouvelable-habitat.fr\/it\/wp-json\/wp\/v2\/media?parent=3284"}],"wp:term":[{"taxonomy":"category","embeddable":true,"href":"https:\/\/renouvelable-habitat.fr\/it\/wp-json\/wp\/v2\/categories?post=3284"},{"taxonomy":"post_tag","embeddable":true,"href":"https:\/\/renouvelable-habitat.fr\/it\/wp-json\/wp\/v2\/tags?post=3284"}],"curies":[{"name":"wp","href":"https:\/\/api.w.org\/{rel}","templated":true}]}}