{"id":3928,"date":"2026-03-12T08:05:12","date_gmt":"2026-03-12T07:05:12","guid":{"rendered":"https:\/\/renouvelable-habitat.fr\/yael-naim-illumine-sur-le-pont-des-arts-avec-un-album-intime-et-solaire\/"},"modified":"2026-03-12T08:05:12","modified_gmt":"2026-03-12T07:05:12","slug":"yael-naim-illumine-sur-le-pont-des-arts-avec-un-album-intime-et-solaire","status":"publish","type":"post","link":"https:\/\/renouvelable-habitat.fr\/it\/yael-naim-illumine-sur-le-pont-des-arts-avec-un-album-intime-et-solaire\/","title":{"rendered":"Yael Naim illumine &lsquo;Sur le pont des arts&rsquo; avec un album intime et solaire"},"content":{"rendered":"<p>Yael Naim, artiste reconnue de la musique fran\u00e7aise, signe un retour remarqu\u00e9 avec son nouvel album \u00ab Solaire \u00bb, un opus m\u00e9langeant pop et \u00e9lectro, dans lequel elle explore son univers intime tout en diffusant une \u00e9nergie lumineuse. Cette sortie, tr\u00e8s attendue depuis plusieurs ann\u00e9es, marque une \u00e9tape importante dans le parcours artistique de la chanteuse, compositrice et interpr\u00e8te. Propuls\u00e9e au sommet avec le tube plan\u00e9taire \u00ab New Soul \u00bb, Yael Naim affirme d\u00e9sormais pleinement son ind\u00e9pendance musicale. L\u2019album, compos\u00e9 de 12 titres, plonge dans ses \u00e9motions et son inspiration artistique pour raconter une renaissance et une qu\u00eate de lumi\u00e8re. \u00ab Sur le pont des arts \u00bb lui offre une tribune privil\u00e9gi\u00e9e o\u00f9 elle \u00e9voque sans d\u00e9tour son retour \u00e0 la lumi\u00e8re apr\u00e8s plusieurs ann\u00e9es de silence relatif, m\u00ealant m\u00e9lodies douces et sonorit\u00e9s \u00e9lectro-pop qui s\u00e9duisent tant les fid\u00e8les que les nouveaux auditeurs.<\/p>\n\n<figure class=\"wp-block-image size-full\"><img decoding=\"async\" width=\"1344\" height=\"768\" src=\"https:\/\/renouvelable-habitat.fr\/wp-content\/uploads\/2026\/03\/Yael-Naim-illumine-Sur-le-pont-des-arts-avec-un-album-intime-et-solaire-1.jpg\" alt=\"d\u00e9couvrez l&#039;album intime et solaire de yael naim, &#039;sur le pont des arts&#039;, une \u0153uvre pleine d&#039;\u00e9motions et de lumi\u00e8re.\" class=\"wp-image-3926\" srcset=\"https:\/\/renouvelable-habitat.fr\/wp-content\/uploads\/2026\/03\/Yael-Naim-illumine-Sur-le-pont-des-arts-avec-un-album-intime-et-solaire-1.jpg 1344w, https:\/\/renouvelable-habitat.fr\/wp-content\/uploads\/2026\/03\/Yael-Naim-illumine-Sur-le-pont-des-arts-avec-un-album-intime-et-solaire-1-300x171.jpg 300w, https:\/\/renouvelable-habitat.fr\/wp-content\/uploads\/2026\/03\/Yael-Naim-illumine-Sur-le-pont-des-arts-avec-un-album-intime-et-solaire-1-1024x585.jpg 1024w, https:\/\/renouvelable-habitat.fr\/wp-content\/uploads\/2026\/03\/Yael-Naim-illumine-Sur-le-pont-des-arts-avec-un-album-intime-et-solaire-1-768x439.jpg 768w, https:\/\/renouvelable-habitat.fr\/wp-content\/uploads\/2026\/03\/Yael-Naim-illumine-Sur-le-pont-des-arts-avec-un-album-intime-et-solaire-1-18x10.jpg 18w\" sizes=\"(max-width: 1344px) 100vw, 1344px\" \/><\/figure>\n\n<h2 class=\"wp-block-heading\">Yael Naim : Un nouvel album intime et solaire au c\u0153ur de la musique fran\u00e7aise<\/h2>\n\n<p>Sorti le 20 f\u00e9vrier 2026, <strong>\u00ab Solaire \u00bb<\/strong> marque un tournant dans la carri\u00e8re de Yael Naim. Loin de fuir l\u2019adjectif \u00ab\u00a0solaire\u00a0\u00bb, qu\u2019elle avait jusqu\u2019alors rejet\u00e9, l\u2019artiste le revendique aujourd\u2019hui pleinement, en faisant le titre de cet album qui m\u00eale habilement la l\u00e9g\u00e8ret\u00e9 de la pop et la profondeur \u00e9lectro. Dans cette \u0153uvre, elle conjugue avec finesse ses \u00e9motions et une introspection profonde, offrant aux auditeurs un voyage au sein de son monde int\u00e9rieur. Ce retour vers la lumi\u00e8re appara\u00eet comme une renaissance artistique, reflet de son propre cheminement personnel. Depuis ses d\u00e9buts dans la musique et jusqu\u2019\u00e0 aujourd\u2019hui, Yael Naim a toujours m\u00eal\u00e9 exigence et authenticit\u00e9, faisant de chaque chanson un moment de v\u00e9rit\u00e9.<\/p>\n\n<p>Apr\u00e8s le succ\u00e8s de \u00ab Night Songs \u00bb, elle sait d\u00e9sormais ma\u00eetriser son destin musical en d\u00e9livrant un disque o\u00f9 son \u00e9mancipation artistique se ressent dans chaque note et chaque parole. Ce projet, port\u00e9 par des m\u00e9lodies douces et inspir\u00e9es, s\u2019inscrit dans une tradition riche de la <strong>musique fran\u00e7aise<\/strong> tout en y apportant une fra\u00eecheur electro-pop remarquable.<\/p>\n\n<figure class=\"is-provider-youtube is-type-video wp-block-embed wp-block-embed-youtube wp-embed-aspect-16-9 wp-has-aspect-ratio\"><div class=\"wp-block-embed__wrapper\">\n<iframe title=\"The dream in my head - Yael Naim - Live @ Le pont des Artistes\" width=\"1200\" height=\"675\" src=\"https:\/\/www.youtube.com\/embed\/gDBV5e42k48?feature=oembed\" frameborder=\"0\" allow=\"accelerometer; autoplay; clipboard-write; encrypted-media; gyroscope; picture-in-picture; web-share\" referrerpolicy=\"strict-origin-when-cross-origin\" allowfullscreen><\/iframe>\n<\/div><\/figure>\n\n<h3 class=\"wp-block-heading\">Un album qui conjugue lumi\u00e8re et zones d\u2019ombre<\/h3>\n\n<p>\u00ab Solaire \u00bb raconte aussi la dualit\u00e9 qui traverse Yael Naim, entre ombre et lumi\u00e8re, entre fragilit\u00e9 et force. Chacun des 12 titres explore cette tension subtile o\u00f9 l\u2019intimit\u00e9 c\u00f4toie la puissance d\u2019une musique qui sait aussi s\u2019\u00e9lever et captiver. L\u2019ambivalence devient force, alors que ses m\u00e9lodies douces embrassent des th\u00e8mes universels de libert\u00e9, de r\u00e9conciliation avec soi-m\u00eame et d\u2019\u00e9mancipation.<\/p>\n\n<p>La chanteuse franco-isra\u00e9lienne, qui a su capter le c\u0153ur du public avec son tube \u00ab New Soul \u00bb, fait appel dans ce nouvel opus \u00e0 un univers plus dense et plus mature. Le documentaire \u00ab Yael Naim, une nouvelle \u00e2me \u00bb diffus\u00e9 sur Arte en 2025 donne d\u2019ailleurs un aper\u00e7u de ces cinq ann\u00e9es de travail et d\u2019\u00e9volution marquant son retour.<\/p>\n\n<figure class=\"wp-block-image size-full\"><img decoding=\"async\" width=\"1344\" height=\"768\" src=\"https:\/\/renouvelable-habitat.fr\/wp-content\/uploads\/2026\/03\/Yael-Naim-illumine-Sur-le-pont-des-arts-avec-un-album-intime-et-solaire-2.jpg\" alt=\"d\u00e9couvrez l&#039;album intime et solaire de yael naim, &#039;sur le pont des arts&#039;, une \u0153uvre lumineuse qui s\u00e9duit par sa douceur et sa profondeur artistique.\" class=\"wp-image-3927\" srcset=\"https:\/\/renouvelable-habitat.fr\/wp-content\/uploads\/2026\/03\/Yael-Naim-illumine-Sur-le-pont-des-arts-avec-un-album-intime-et-solaire-2.jpg 1344w, https:\/\/renouvelable-habitat.fr\/wp-content\/uploads\/2026\/03\/Yael-Naim-illumine-Sur-le-pont-des-arts-avec-un-album-intime-et-solaire-2-300x171.jpg 300w, https:\/\/renouvelable-habitat.fr\/wp-content\/uploads\/2026\/03\/Yael-Naim-illumine-Sur-le-pont-des-arts-avec-un-album-intime-et-solaire-2-1024x585.jpg 1024w, https:\/\/renouvelable-habitat.fr\/wp-content\/uploads\/2026\/03\/Yael-Naim-illumine-Sur-le-pont-des-arts-avec-un-album-intime-et-solaire-2-768x439.jpg 768w, https:\/\/renouvelable-habitat.fr\/wp-content\/uploads\/2026\/03\/Yael-Naim-illumine-Sur-le-pont-des-arts-avec-un-album-intime-et-solaire-2-18x10.jpg 18w\" sizes=\"(max-width: 1344px) 100vw, 1344px\" \/><\/figure>\n\n<h2 class=\"wp-block-heading\">Les cl\u00e9s de \u00ab Solaire \u00bb : un voyage entre pop, \u00e9lectro et \u00e9motion<\/h2>\n\n<p>Le nouvel album \u00ab Solaire \u00bb se caract\u00e9rise par des sonorit\u00e9s \u00e9lectro-pop orchestrales combin\u00e9es \u00e0 des textes profonds et personnels. Yael Naim y inscrit ses \u00e9motions avec sinc\u00e9rit\u00e9, racontant comment la musique est devenue un refuge et une r\u00e9ponse face aux crises personnelles.<\/p>\n\n<ul class=\"wp-block-list\"><li>Un retour vers la lumi\u00e8re apr\u00e8s une p\u00e9riode d\u2019introspection<\/li><li>Une fusion entre sonorit\u00e9s pop et \u00e9lectro pour moderniser son univers musical<\/li><li>Une signature ind\u00e9pendante affirm\u00e9e sans concession sur la qualit\u00e9<\/li><li>Une exploration des th\u00e8mes de la libert\u00e9, de la fragilit\u00e9 et de la renaissance<\/li><li>Une attention port\u00e9e \u00e0 la douceur m\u00e9lodique qui agit comme un baume sur les oreilles<\/li><\/ul>\n\n<figure class=\"is-provider-youtube is-type-video wp-block-embed wp-block-embed-youtube wp-embed-aspect-16-9 wp-has-aspect-ratio\"><div class=\"wp-block-embed__wrapper\">\n<iframe title=\"YAEL NAIM se confie sur son dernier album &quot;Solaire&quot;\" width=\"1200\" height=\"675\" src=\"https:\/\/www.youtube.com\/embed\/ygTl6Y4MOjo?feature=oembed\" frameborder=\"0\" allow=\"accelerometer; autoplay; clipboard-write; encrypted-media; gyroscope; picture-in-picture; web-share\" referrerpolicy=\"strict-origin-when-cross-origin\" allowfullscreen><\/iframe>\n<\/div><\/figure>\n\n<h3 class=\"wp-block-heading\">Tableau comparatif : \u00e9volution musicale de Yael Naim<\/h3>\n\n<figure class=\"wp-block-table\"><table>\n<thead>\n<tr>\n<th>Ann\u00e9e<\/th>\n<th>Album<\/th>\n<th>Style<\/th>\n<th>\u00c9l\u00e9ments marquants<\/th>\n<\/tr>\n<\/thead>\n<tbody>\n<tr>\n<td>2007<\/td>\n<td>Yael Naim<\/td>\n<td>Folk-pop<\/td>\n<td>Tube mondial \u00ab New Soul \u00bb, d\u00e9couverte internationale<\/td>\n<\/tr>\n<tr>\n<td>2011<\/td>\n<td>Nightsongs<\/td>\n<td>Chanson acoustique, intimiste<\/td>\n<td>Plong\u00e9e dans l\u2019intimit\u00e9, m\u00e9lodies \u00e9pur\u00e9es<\/td>\n<\/tr>\n<tr>\n<td>2026<\/td>\n<td>Solaire<\/td>\n<td>\u00c9lectro-pop, m\u00e9lodies douces<\/td>\n<td>Exploration des zones d\u2019ombre et de lumi\u00e8re, album solaire et lumineux<\/td>\n<\/tr>\n<\/tbody>\n<\/table><\/figure>\n\n<p>Yael Naim continue de s\u2019imposer dans le paysage musical contemporain en renouvelant sans cesse son inspiration. Ce nouvel opus, accessible sur <a href=\"https:\/\/www.fnac.com\/a22250216\/Yael-Naim-Solaire-CD-album\">Fnac<\/a>, est une \u00e9tape cl\u00e9 dans sa carri\u00e8re.<\/p>\n\n<p>Pour en savoir plus sur son parcours et ses inspirations, le podcast <a href=\"https:\/\/www.rfi.fr\/fr\/podcasts\/sur-le-pont-des-arts\/20260311-yael-naim-revient-solaire-dans-un-album-intime-et-lumineux\">Sur le pont des arts<\/a> propose une rencontre exclusive avec la chanteuse.<\/p>\n\n<script type=\"application\/ld+json\">\n{\"@context\":\"https:\/\/schema.org\",\"@type\":\"FAQPage\",\"mainEntity\":[{\"@type\":\"Question\",\"name\":\"Quel est le style musical principal de lu2019album u00ab Solaire u00bb ?\",\"acceptedAnswer\":{\"@type\":\"Answer\",\"text\":\"Lu2019album u00ab Solaire u00bb mu00e9lange pop et u00e9lectro, avec une dimension intime et lumineuse ou00f9 pru00e9dominent des mu00e9lodies douces et une ambiance u00e9lectro-pop orchestrale.\"}},{\"@type\":\"Question\",\"name\":\"Depuis quand Yael Naim travaille-t-elle sur cet album ?\",\"acceptedAnswer\":{\"@type\":\"Answer\",\"text\":\"Le travail autour de u00ab Solaire u00bb a commencu00e9 plusieurs annu00e9es avant sa sortie en 2026, intu00e9grant une phase du2019introspection et du2019u00e9volution artistique prolongu00e9e.\"}},{\"@type\":\"Question\",\"name\":\"Quels thu00e8mes sont abordu00e9s dans u00ab Solaire u00bb ?\",\"acceptedAnswer\":{\"@type\":\"Answer\",\"text\":\"Lu2019album traite notamment de la libertu00e9, de la fragilitu00e9 humaine, du du00e9passement de soi, ainsi que du2019une quu00eate luminescente vers lu2019u00e9mancipation.\"}},{\"@type\":\"Question\",\"name\":\"Comment lu2019album u00ab Solaire u00bb su2019inscrit-il dans la carriu00e8re de Yael Naim ?\",\"acceptedAnswer\":{\"@type\":\"Answer\",\"text\":\"Il repru00e9sente une u00e9volution vers une musique plus u00e9lectro-pop tout en gardant lu2019empreinte intimiste qui caractu00e9rise lu2019artiste, marquant une u00e9tape importante de sa renaissance artistique.\"}}]}\n<\/script>\n<h3>Quel est le style musical principal de l\u2019album \u00ab Solaire \u00bb ?<\/h3>\n<p>L\u2019album \u00ab Solaire \u00bb m\u00e9lange pop et \u00e9lectro, avec une dimension intime et lumineuse o\u00f9 pr\u00e9dominent des m\u00e9lodies douces et une ambiance \u00e9lectro-pop orchestrale.<\/p>\n<h3>Depuis quand Yael Naim travaille-t-elle sur cet album ?<\/h3>\n<p>Le travail autour de \u00ab Solaire \u00bb a commenc\u00e9 plusieurs ann\u00e9es avant sa sortie en 2026, int\u00e9grant une phase d\u2019introspection et d\u2019\u00e9volution artistique prolong\u00e9e.<\/p>\n<h3>Quels th\u00e8mes sont abord\u00e9s dans \u00ab Solaire \u00bb ?<\/h3>\n<p>L\u2019album traite notamment de la libert\u00e9, de la fragilit\u00e9 humaine, du d\u00e9passement de soi, ainsi que d\u2019une qu\u00eate luminescente vers l\u2019\u00e9mancipation.<\/p>\n<h3>Comment l\u2019album \u00ab Solaire \u00bb s\u2019inscrit-il dans la carri\u00e8re de Yael Naim ?<\/h3>\n<p>Il repr\u00e9sente une \u00e9volution vers une musique plus \u00e9lectro-pop tout en gardant l\u2019empreinte intimiste qui caract\u00e9rise l\u2019artiste, marquant une \u00e9tape importante de sa renaissance artistique.<\/p>\n\n","protected":false},"excerpt":{"rendered":"<p>Yael Naim, artiste reconnue de la musique fran\u00e7aise, signe un retour remarqu\u00e9 avec son nouvel album \u00ab Solaire \u00bb, un opus m\u00e9langeant pop et \u00e9lectro, dans lequel elle explore son univers intime tout en diffusant une \u00e9nergie lumineuse. Cette sortie, tr\u00e8s attendue depuis plusieurs ann\u00e9es, marque une \u00e9tape importante dans le parcours artistique de la &#8230; <a title=\"Yael Naim illumine &lsquo;Sur le pont des arts&rsquo; avec un album intime et solaire\" class=\"read-more\" href=\"https:\/\/renouvelable-habitat.fr\/it\/yael-naim-illumine-sur-le-pont-des-arts-avec-un-album-intime-et-solaire\/\" aria-label=\"Per saperne di pi\u00f9 su Yael Naim illumine &lsquo;Sur le pont des arts&rsquo; avec un album intime et solaire\">Leggi tutto<\/a><\/p>","protected":false},"author":3,"featured_media":3925,"comment_status":"open","ping_status":"open","sticky":false,"template":"","format":"standard","meta":{"_seopress_robots_primary_cat":"","_seopress_titles_title":"Yael Naim : Un album intime et solaire sur le pont des arts","_seopress_titles_desc":"Yael Naim illumine 'Sur le pont des arts' avec un album intime et solaire, m\u00ealant \u00e9motion et lumi\u00e8re dans chaque note.","_seopress_robots_index":"","inline_featured_image":false,"footnotes":""},"categories":[16],"tags":[],"class_list":["post-3928","post","type-post","status-publish","format-standard","has-post-thumbnail","hentry","category-actualite","generate-columns","tablet-grid-50","mobile-grid-100","grid-parent","grid-33"],"_links":{"self":[{"href":"https:\/\/renouvelable-habitat.fr\/it\/wp-json\/wp\/v2\/posts\/3928","targetHints":{"allow":["GET"]}}],"collection":[{"href":"https:\/\/renouvelable-habitat.fr\/it\/wp-json\/wp\/v2\/posts"}],"about":[{"href":"https:\/\/renouvelable-habitat.fr\/it\/wp-json\/wp\/v2\/types\/post"}],"author":[{"embeddable":true,"href":"https:\/\/renouvelable-habitat.fr\/it\/wp-json\/wp\/v2\/users\/3"}],"replies":[{"embeddable":true,"href":"https:\/\/renouvelable-habitat.fr\/it\/wp-json\/wp\/v2\/comments?post=3928"}],"version-history":[{"count":0,"href":"https:\/\/renouvelable-habitat.fr\/it\/wp-json\/wp\/v2\/posts\/3928\/revisions"}],"wp:featuredmedia":[{"embeddable":true,"href":"https:\/\/renouvelable-habitat.fr\/it\/wp-json\/wp\/v2\/media\/3925"}],"wp:attachment":[{"href":"https:\/\/renouvelable-habitat.fr\/it\/wp-json\/wp\/v2\/media?parent=3928"}],"wp:term":[{"taxonomy":"category","embeddable":true,"href":"https:\/\/renouvelable-habitat.fr\/it\/wp-json\/wp\/v2\/categories?post=3928"},{"taxonomy":"post_tag","embeddable":true,"href":"https:\/\/renouvelable-habitat.fr\/it\/wp-json\/wp\/v2\/tags?post=3928"}],"curies":[{"name":"wp","href":"https:\/\/api.w.org\/{rel}","templated":true}]}}