{"id":4477,"date":"2026-08-31T08:53:22","date_gmt":"2026-08-31T07:53:22","guid":{"rendered":"https:\/\/renouvelable-habitat.fr\/lessor-fulgurant-de-lenergie-solaire-en-afrique-un-developpement-qui-echappe-en-partie-au-controle-des-gouvernements-locaux\/"},"modified":"2026-08-31T08:53:22","modified_gmt":"2026-08-31T07:53:22","slug":"lessor-fulgurant-de-lenergie-solaire-en-afrique-un-developpement-qui-echappe-en-partie-au-controle-des-gouvernements-locaux","status":"publish","type":"post","link":"https:\/\/renouvelable-habitat.fr\/it\/lessor-fulgurant-de-lenergie-solaire-en-afrique-un-developpement-qui-echappe-en-partie-au-controle-des-gouvernements-locaux\/","title":{"rendered":"L&rsquo;essor fulgurant de l&rsquo;\u00e9nergie solaire en Afrique : un d\u00e9veloppement qui \u00e9chappe en partie au contr\u00f4le des gouvernements locaux"},"content":{"rendered":"<p class=\"wp-block-paragraph\">L&rsquo;Afrique conna\u00eet actuellement un d\u00e9veloppement sans pr\u00e9c\u00e9dent de l\u2019<strong>\u00e9nergie solaire<\/strong>, qui s\u2019impose comme un levier majeur de la transition \u00e9nerg\u00e9tique et du <strong>d\u00e9veloppement durable<\/strong> sur le continent. En 2026, la capacit\u00e9 install\u00e9e a bondi, port\u00e9e en particulier par les installations d\u00e9centralis\u00e9es sur les toits des m\u00e9nages et des petites entreprises. Ce ph\u00e9nom\u00e8ne, tout \u00e0 la fois esp\u00e9r\u00e9 et inattendu, engendre une dynamique d&rsquo;<strong>ind\u00e9pendance \u00e9nerg\u00e9tique<\/strong> croissante des populations, sans pour autant que les gouvernements locaux puissent en contr\u00f4ler pleinement l\u2019expansion. Cette situation soul\u00e8ve de nombreux d\u00e9fis en mati\u00e8re de r\u00e9gulation, d&rsquo;am\u00e9nagement des <strong>infrastructures solaires<\/strong> et de planification \u00e9nerg\u00e9tique \u00e0 long terme.<\/p>\n\n<p class=\"wp-block-paragraph\">\u00c0 travers ce contexte, les \u00c9tats africains tentent d\u2019ajuster leurs strat\u00e9gies, mais l\u2019essor rapide et d\u00e9centralis\u00e9 de l\u2019\u00e9nergie photovolta\u00efque met \u00e0 mal leurs capacit\u00e9s de pilotage. En parall\u00e8le, la majorit\u00e9 des \u00e9quipements, notamment des panneaux solaires, est import\u00e9e principalement de Chine, ce qui accentue les enjeux g\u00e9opolitiques et \u00e9conomiques li\u00e9s \u00e0 cette ru\u00e9e vers le solaire. Ce d\u00e9veloppement, s\u2019il ouvre des perspectives prometteuses vers une transition \u00e9nerg\u00e9tique plus verte, invite aussi \u00e0 repenser les modes de gouvernance pour assurer une gestion \u00e9quilibr\u00e9e entre innovation locale et imp\u00e9ratifs \u00e9tatiques.<\/p>\n\n<h2 class=\"wp-block-heading\">Les raisons de l\u2019essor fulgurant de l\u2019\u00e9nergie solaire en Afrique<\/h2>\n\n<p class=\"wp-block-paragraph\">L\u2019Afrique b\u00e9n\u00e9ficie d\u2019un potentiel solaire exceptionnel, avec un ensoleillement quasi permanent qui place le continent parmi les r\u00e9gions les plus propices au d\u00e9veloppement de l\u2019\u00e9nergie renouvelable. L\u2019essor vigoureux de la fili\u00e8re solaire s\u2019explique par :<\/p>\n\n<ul class=\"wp-block-list\"><li>Une demande croissante en \u00e9lectricit\u00e9, face \u00e0 une population en forte augmentation et des infrastructures \u00e9lectriques insuffisantes.<\/li><li>Le d\u00e9ploiement rapide de solutions d\u00e9centralis\u00e9es, notamment les installations photovolta\u00efques sur les toits, adapt\u00e9es aux zones rurales et urbaines d\u00e9favoris\u00e9es.<\/li><li>Le soutien progressif d\u2019acteurs priv\u00e9s et internationaux qui investissent massivement dans le secteur solaire via des projets d\u00e9centralis\u00e9s.<\/li><li>L&rsquo;accessibilit\u00e9 accrue des technologies solaires due \u00e0 la baisse des co\u00fbts des panneaux et \u00e9quipements import\u00e9s.<\/li><\/ul>\n\n<p class=\"wp-block-paragraph\">Ces facteurs contribuent \u00e0 une transformation \u00e9nerg\u00e9tique marqu\u00e9e par une adoption massive de l\u2019\u00e9nergie solaire, bien au-del\u00e0 des cadres r\u00e9glementaires pr\u00e9existants.<\/p>\n\n<figure class=\"wp-block-image size-full\"><img decoding=\"async\" width=\"1344\" height=\"768\" src=\"https:\/\/renouvelable-habitat.fr\/wp-content\/uploads\/2026\/08\/Lessor-fulgurant-de-lenergie-solaire-en-Afrique-un-developpement-qui-echappe-en-partie-au-controle-des-gouvernements-locaux-1.jpg\" alt=\"d\u00e9couvrez comment le d\u00e9veloppement rapide de l&#039;\u00e9nergie solaire en afrique transforme le continent, tout en \u00e9chappant en partie au contr\u00f4le des gouvernements locaux.\" class=\"wp-image-4475\" srcset=\"https:\/\/renouvelable-habitat.fr\/wp-content\/uploads\/2026\/08\/Lessor-fulgurant-de-lenergie-solaire-en-Afrique-un-developpement-qui-echappe-en-partie-au-controle-des-gouvernements-locaux-1.jpg 1344w, https:\/\/renouvelable-habitat.fr\/wp-content\/uploads\/2026\/08\/Lessor-fulgurant-de-lenergie-solaire-en-Afrique-un-developpement-qui-echappe-en-partie-au-controle-des-gouvernements-locaux-1-300x171.jpg 300w, https:\/\/renouvelable-habitat.fr\/wp-content\/uploads\/2026\/08\/Lessor-fulgurant-de-lenergie-solaire-en-Afrique-un-developpement-qui-echappe-en-partie-au-controle-des-gouvernements-locaux-1-1024x585.jpg 1024w, https:\/\/renouvelable-habitat.fr\/wp-content\/uploads\/2026\/08\/Lessor-fulgurant-de-lenergie-solaire-en-Afrique-un-developpement-qui-echappe-en-partie-au-controle-des-gouvernements-locaux-1-768x439.jpg 768w, https:\/\/renouvelable-habitat.fr\/wp-content\/uploads\/2026\/08\/Lessor-fulgurant-de-lenergie-solaire-en-Afrique-un-developpement-qui-echappe-en-partie-au-controle-des-gouvernements-locaux-1-18x10.jpg 18w\" sizes=\"(max-width: 1344px) 100vw, 1344px\" \/><\/figure>\n\n<h3 class=\"wp-block-heading\">L\u2019impact sur les infrastructures et la gouvernance locale<\/h3>\n\n<p class=\"wp-block-paragraph\">Le d\u00e9veloppement rapide et d\u00e9centralis\u00e9 des infrastructures solaires pose un d\u00e9fi majeur aux gouvernements locaux. Souvent, ces derniers disposent d\u2019un <strong>contr\u00f4le limit\u00e9<\/strong> sur les centaines de milliers d\u2019installations individuelles, qui ne passent pas n\u00e9cessairement par les r\u00e9seaux \u00e9lectriques publics ni par des circuits officiels. Ce contexte entraine :<\/p>\n\n<ul class=\"wp-block-list\"><li>Des difficult\u00e9s dans la planification et la maintenance des r\u00e9seaux \u00e9lectriques traditionnels.<\/li><li>Un manque de donn\u00e9es consolid\u00e9es pour \u00e9laborer des politiques \u00e9nerg\u00e9tiques coh\u00e9rentes au niveau national.<\/li><li>Une d\u00e9pendance accrue aux importations, avec un impact sur la balance commerciale et la souverainet\u00e9 industrielle.<\/li><li>La n\u00e9cessit\u00e9 d\u2019adapter les dispositifs r\u00e9glementaires au nouveau mod\u00e8le d\u00e9centralis\u00e9.<\/li><\/ul>\n\n<p class=\"wp-block-paragraph\">En cons\u00e9quence, si le solaire favorise l&rsquo;ind\u00e9pendance \u00e9nerg\u00e9tique locale, il contraint aussi les \u00c9tats \u00e0 d\u00e9velopper de nouvelles approches pour encadrer la transition.<\/p>\n\n<h2 class=\"wp-block-heading\">Chiffres cl\u00e9s de la mont\u00e9e en puissance de l\u2019\u00e9nergie solaire en Afrique<\/h2>\n\n<figure class=\"wp-block-table\"><table>\n<thead>\n<tr>\n<th>Indicateur<\/th>\n<th>Valeur en 2026<\/th>\n<th>Comparaison avec 2025<\/th>\n<\/tr>\n<\/thead>\n<tbody>\n<tr>\n<td>Capacit\u00e9 solaire ajout\u00e9e (GW)<\/td>\n<td>17<\/td>\n<td>+54%<\/td>\n<\/tr>\n<tr>\n<td>Nombre de panneaux photovolta\u00efques install\u00e9s par jour<\/td>\n<td>100 000<\/td>\n<td>+30%<\/td>\n<\/tr>\n<tr>\n<td>Nombre de foyers aliment\u00e9s gr\u00e2ce au solaire<\/td>\n<td>3 millions suppl\u00e9mentaires<\/td>\n<td>+20%<\/td>\n<\/tr>\n<tr>\n<td>Proportion d\u2019installations d\u00e9centralis\u00e9es<\/td>\n<td>plus de 70%<\/td>\n<td>Stabilit\u00e9<\/td>\n<\/tr>\n<\/tbody>\n<\/table><\/figure>\n\n<p class=\"wp-block-paragraph\">Ces chiffres illustrent une <strong>croissance soutenue<\/strong>, aliment\u00e9e majoritairement par les syst\u00e8mes domestiques et d\u2019entreprise. Cela conforte l\u2019id\u00e9e que l\u2019essor solaire, bien que puissant, reste en grande partie ind\u00e9pendant des politiques publiques.<\/p>\n\n<figure class=\"is-provider-youtube is-type-video wp-block-embed wp-block-embed-youtube wp-embed-aspect-16-9 wp-has-aspect-ratio\"><div class=\"wp-block-embed__wrapper\">\n<iframe title=\"Comment d\u00e9velopper l&amp;apos;\u00e9nergie solaire en Afrique\u00a0?\" width=\"1200\" height=\"675\" src=\"https:\/\/www.youtube.com\/embed\/j6w1CQRycZA?feature=oembed\" frameborder=\"0\" allow=\"accelerometer; autoplay; clipboard-write; encrypted-media; gyroscope; picture-in-picture; web-share\" referrerpolicy=\"strict-origin-when-cross-origin\" allowfullscreen><\/iframe>\n<\/div><\/figure>\n\n<h3 class=\"wp-block-heading\">Enjeux g\u00e9opolitiques et perspectives industrielles<\/h3>\n\n<p class=\"wp-block-paragraph\">La dynamique d\u2019<strong>essor fulgurant<\/strong> en Afrique redessine \u00e9galement les \u00e9quilibres g\u00e9opolitiques et industriels mondiaux :<\/p>\n\n<ul class=\"wp-block-list\"><li>La forte d\u00e9pendance aux importations chinoises pour les panneaux solaires interroge sur la cr\u00e9ation d\u2019emplois locaux et la mont\u00e9e en comp\u00e9tences industrielles du continent.<\/li><li>Les flux commerciaux li\u00e9s au solaire renforcent les enjeux strat\u00e9giques entre l\u2019Europe, la Chine et l\u2019Afrique.<\/li><li>Des initiatives commencent \u00e0 \u00e9merger, visant \u00e0 d\u00e9velopper une production locale et r\u00e9gionale, afin de mieux contr\u00f4ler la cha\u00eene de valeur.<\/li><li>Le solaire africain pourrait devenir un mod\u00e8le de transition \u00e9nerg\u00e9tique, conditionn\u00e9 par la capacit\u00e9 des \u00c9tats \u00e0 accompagner durablement cette croissance d\u00e9centralis\u00e9e.<\/li><\/ul>\n\n<p class=\"wp-block-paragraph\">Pour approfondir ces questions, il est conseill\u00e9 de consulter l\u2019analyse sur <a href=\"https:\/\/afrikactus.com\/le-solaire-accelere-en-afrique-mais-les-etats-peinent-a-suivre-une-expansion-portee-par-les-toits-et-les-importations-20863\/\">le solaire en Afrique et ses limites politiques<\/a> ainsi que le dossier de RFI sur <a href=\"https:\/\/www.rfi.fr\/fr\/afrique\/20260829-l-essor-spectaculaire-de-l-%C3%A9nergie-solaire-%C3%A9chappe-en-partie-au-contr%C3%B4le-des-%C3%A9tats-africains\">l\u2019essor spectaculaire de l\u2019\u00e9nergie solaire qui \u00e9chappe \u00e0 la gouvernance \u00e9tatique<\/a>.<\/p>\n\n<figure class=\"wp-block-image size-full\"><img decoding=\"async\" width=\"1344\" height=\"768\" src=\"https:\/\/renouvelable-habitat.fr\/wp-content\/uploads\/2026\/08\/Lessor-fulgurant-de-lenergie-solaire-en-Afrique-un-developpement-qui-echappe-en-partie-au-controle-des-gouvernements-locaux-2.jpg\" alt=\"d\u00e9couvrez comment l&#039;\u00e9nergie solaire conna\u00eet un essor rapide en afrique, transformant le paysage \u00e9nerg\u00e9tique tout en \u00e9chappant en partie au contr\u00f4le des gouvernements locaux, et les impacts de cette dynamique sur le d\u00e9veloppement r\u00e9gional.\" class=\"wp-image-4476\" srcset=\"https:\/\/renouvelable-habitat.fr\/wp-content\/uploads\/2026\/08\/Lessor-fulgurant-de-lenergie-solaire-en-Afrique-un-developpement-qui-echappe-en-partie-au-controle-des-gouvernements-locaux-2.jpg 1344w, https:\/\/renouvelable-habitat.fr\/wp-content\/uploads\/2026\/08\/Lessor-fulgurant-de-lenergie-solaire-en-Afrique-un-developpement-qui-echappe-en-partie-au-controle-des-gouvernements-locaux-2-300x171.jpg 300w, https:\/\/renouvelable-habitat.fr\/wp-content\/uploads\/2026\/08\/Lessor-fulgurant-de-lenergie-solaire-en-Afrique-un-developpement-qui-echappe-en-partie-au-controle-des-gouvernements-locaux-2-1024x585.jpg 1024w, https:\/\/renouvelable-habitat.fr\/wp-content\/uploads\/2026\/08\/Lessor-fulgurant-de-lenergie-solaire-en-Afrique-un-developpement-qui-echappe-en-partie-au-controle-des-gouvernements-locaux-2-768x439.jpg 768w, https:\/\/renouvelable-habitat.fr\/wp-content\/uploads\/2026\/08\/Lessor-fulgurant-de-lenergie-solaire-en-Afrique-un-developpement-qui-echappe-en-partie-au-controle-des-gouvernements-locaux-2-18x10.jpg 18w\" sizes=\"(max-width: 1344px) 100vw, 1344px\" \/><\/figure>\n\n<h2 class=\"wp-block-heading\">Vers une transition \u00e9nerg\u00e9tique durable et ma\u00eetris\u00e9e en Afrique<\/h2>\n\n<p class=\"wp-block-paragraph\">Pour que l\u2019Afrique tire pleinement parti de l\u2019\u00e9nergie solaire dans un cadre ma\u00eetris\u00e9, plusieurs d\u00e9fis doivent \u00eatre relev\u00e9s :<\/p>\n\n<ol class=\"wp-block-list\"><li><strong>Renforcement des capacit\u00e9s institutionnelles<\/strong> afin d\u2019int\u00e9grer les syst\u00e8mes d\u00e9centralis\u00e9s dans la planification \u00e9nerg\u00e9tique nationale.<\/li><li><strong>D\u00e9veloppement des infrastructures de stockage<\/strong> pour garantir la stabilit\u00e9 et la continuit\u00e9 de l\u2019alimentation \u00e9lectrique.<\/li><li><strong>Soutien \u00e0 l\u2019industrialisation locale<\/strong> pour r\u00e9duire la d\u00e9pendance aux importations et cr\u00e9er des emplois durables.<\/li><li><strong>Am\u00e9lioration de la formation technique<\/strong> et promotion de l\u2019innovation adapt\u00e9e aux r\u00e9alit\u00e9s africaines.<\/li><li><strong>Mise en place de cadres r\u00e9glementaires <\/strong>favorisant un \u00e9quilibre entre initiative priv\u00e9e et contr\u00f4le \u00e9tatique.<\/li><\/ol>\n\n<p class=\"wp-block-paragraph\">Ces actions permettront de transformer l\u2019<strong>essor fulgurant<\/strong> de l\u2019\u00e9nergie solaire en un v\u00e9ritable levier de <strong>transition \u00e9nerg\u00e9tique<\/strong> durable et inclusive.<\/p>\n\n<figure class=\"is-provider-youtube is-type-video wp-block-embed wp-block-embed-youtube wp-embed-aspect-16-9 wp-has-aspect-ratio\"><div class=\"wp-block-embed__wrapper\">\n<iframe title=\"\u00c9nergie Solaire en Afrique: Le Potentiel Cach\u00e9 R\u00e9v\u00e9l\u00e9 #shorts\" width=\"1200\" height=\"675\" src=\"https:\/\/www.youtube.com\/embed\/V3GmX45AfcE?feature=oembed\" frameborder=\"0\" allow=\"accelerometer; autoplay; clipboard-write; encrypted-media; gyroscope; picture-in-picture; web-share\" referrerpolicy=\"strict-origin-when-cross-origin\" allowfullscreen><\/iframe>\n<\/div><\/figure>\n\n<script type=\"application\/ld+json\">\n{\"@context\":\"https:\/\/schema.org\",\"@type\":\"FAQPage\",\"mainEntity\":[{\"@type\":\"Question\",\"name\":\"Pourquoi la croissance de lu2019u00e9nergie solaire u00e9chappe-t-elle au contru00f4le des gouvernements locaux ?\",\"acceptedAnswer\":{\"@type\":\"Answer\",\"text\":\"Lu2019essor du00e9centralisu00e9, principalement via les installations sur les toits et hors ru00e9seau, rend difficile pour les gouvernements locaux de ru00e9guler et planifier efficacement ces infrastructures souvent installu00e9es par des acteurs privu00e9s ou individuels.\"}},{\"@type\":\"Question\",\"name\":\"Quels sont les principaux freins au du00e9veloppement solaire industriel en Afrique ?\",\"acceptedAnswer\":{\"@type\":\"Answer\",\"text\":\"La du00e9pendance aux importations de panneaux photovoltau00efques, le manque du2019industrialisation locale, et des capacitu00e9s institutionnelles limitu00e9es ralentissent la montu00e9e en puissance du2019une industrie solaire locale compu00e9titive.\"}},{\"@type\":\"Question\",\"name\":\"Comment lu2019u00e9nergie solaire contribue-t-elle u00e0 lu2019indu00e9pendance u00e9nergu00e9tique en Afrique ?\",\"acceptedAnswer\":{\"@type\":\"Answer\",\"text\":\"En fournissant une source du2019u00e9lectricitu00e9 accessible et renouvelable localement, le solaire permet aux populations du2019accu00e9der u00e0 lu2019u00e9nergie en dehors des ru00e9seaux centralisu00e9s, renforu00e7ant ainsi leur autonomie u00e9nergu00e9tique.\"}},{\"@type\":\"Question\",\"name\":\"Quelles mesures sont nu00e9cessaires pour mieux intu00e9grer le solaire dans les ru00e9seaux u00e9lectriques nationaux ?\",\"acceptedAnswer\":{\"@type\":\"Answer\",\"text\":\"Le renforcement des capacitu00e9s institutionnelles, lu2019adaptation des cadres ru00e9glementaires et le du00e9veloppement du2019infrastructures de stockage sont essentiels pour une intu00e9gration efficace et durable.\"}}]}\n<\/script>\n<h3>Pourquoi la croissance de l\u2019\u00e9nergie solaire \u00e9chappe-t-elle au contr\u00f4le des gouvernements locaux ?<\/h3>\n<p>L\u2019essor d\u00e9centralis\u00e9, principalement via les installations sur les toits et hors r\u00e9seau, rend difficile pour les gouvernements locaux de r\u00e9guler et planifier efficacement ces infrastructures souvent install\u00e9es par des acteurs priv\u00e9s ou individuels.<\/p>\n<h3>Quels sont les principaux freins au d\u00e9veloppement solaire industriel en Afrique ?<\/h3>\n<p>La d\u00e9pendance aux importations de panneaux photovolta\u00efques, le manque d\u2019industrialisation locale, et des capacit\u00e9s institutionnelles limit\u00e9es ralentissent la mont\u00e9e en puissance d\u2019une industrie solaire locale comp\u00e9titive.<\/p>\n<h3>Comment l\u2019\u00e9nergie solaire contribue-t-elle \u00e0 l\u2019ind\u00e9pendance \u00e9nerg\u00e9tique en Afrique ?<\/h3>\n<p>En fournissant une source d\u2019\u00e9lectricit\u00e9 accessible et renouvelable localement, le solaire permet aux populations d\u2019acc\u00e9der \u00e0 l\u2019\u00e9nergie en dehors des r\u00e9seaux centralis\u00e9s, renfor\u00e7ant ainsi leur autonomie \u00e9nerg\u00e9tique.<\/p>\n<h3>Quelles mesures sont n\u00e9cessaires pour mieux int\u00e9grer le solaire dans les r\u00e9seaux \u00e9lectriques nationaux ?<\/h3>\n<p>Le renforcement des capacit\u00e9s institutionnelles, l\u2019adaptation des cadres r\u00e9glementaires et le d\u00e9veloppement d\u2019infrastructures de stockage sont essentiels pour une int\u00e9gration efficace et durable.<\/p>\n\n","protected":false},"excerpt":{"rendered":"<p>L&rsquo;Afrique conna\u00eet actuellement un d\u00e9veloppement sans pr\u00e9c\u00e9dent de l\u2019\u00e9nergie solaire, qui s\u2019impose comme un levier majeur de la transition \u00e9nerg\u00e9tique et du d\u00e9veloppement durable sur le continent. En 2026, la capacit\u00e9 install\u00e9e a bondi, port\u00e9e en particulier par les installations d\u00e9centralis\u00e9es sur les toits des m\u00e9nages et des petites entreprises. Ce ph\u00e9nom\u00e8ne, tout \u00e0 la &#8230; <a title=\"L&rsquo;essor fulgurant de l&rsquo;\u00e9nergie solaire en Afrique : un d\u00e9veloppement qui \u00e9chappe en partie au contr\u00f4le des gouvernements locaux\" class=\"read-more\" href=\"https:\/\/renouvelable-habitat.fr\/it\/lessor-fulgurant-de-lenergie-solaire-en-afrique-un-developpement-qui-echappe-en-partie-au-controle-des-gouvernements-locaux\/\" aria-label=\"Per saperne di pi\u00f9 su L&rsquo;essor fulgurant de l&rsquo;\u00e9nergie solaire en Afrique : un d\u00e9veloppement qui \u00e9chappe en partie au contr\u00f4le des gouvernements locaux\">Leggi tutto<\/a><\/p>","protected":false},"author":3,"featured_media":4474,"comment_status":"open","ping_status":"open","sticky":false,"template":"","format":"standard","meta":{"_seopress_titles_title":"\u00c9nergie solaire en Afrique : un essor incontr\u00f4l\u00e9","_seopress_titles_desc":"D\u00e9couvrez l'essor rapide de l'\u00e9nergie solaire en Afrique et ses d\u00e9fis li\u00e9s au contr\u00f4le limit\u00e9 des gouvernements locaux face \u00e0 ce d\u00e9veloppement.","_seopress_robots_index":"","_seopress_robots_follow":"","_seopress_robots_imageindex":"","_seopress_robots_snippet":"","_seopress_robots_primary_cat":"","_seopress_robots_breadcrumbs":"","_seopress_robots_freeze_modified_date":"","_seopress_robots_custom_modified_date":"","_seopress_robots_canonical":"","_seopress_social_fb_title":"","_seopress_social_fb_desc":"","_seopress_social_fb_img":"","_seopress_social_fb_img_attachment_id":0,"_seopress_social_fb_img_width":0,"_seopress_social_fb_img_height":0,"_seopress_social_twitter_title":"","_seopress_social_twitter_desc":"","_seopress_social_twitter_img":"","_seopress_social_twitter_img_attachment_id":0,"_seopress_social_twitter_img_width":0,"_seopress_social_twitter_img_height":0,"_seopress_redirections_value":"","_seopress_redirections_enabled":"","_seopress_redirections_enabled_regex":"","_seopress_redirections_logged_status":"","_seopress_redirections_param":"","_seopress_redirections_type":0,"_seopress_analysis_target_kw":"","_seopress_news_disabled":"","_seopress_video_disabled":"","_seopress_video":[],"_seopress_pro_schemas_manual":[],"_seopress_pro_rich_snippets_disable_all":"","_seopress_pro_rich_snippets_disable":[],"_seopress_pro_schemas":[],"inline_featured_image":false,"footnotes":""},"categories":[16],"tags":[],"class_list":["post-4477","post","type-post","status-publish","format-standard","has-post-thumbnail","hentry","category-actualite","generate-columns","tablet-grid-50","mobile-grid-100","grid-parent","grid-33"],"_links":{"self":[{"href":"https:\/\/renouvelable-habitat.fr\/it\/wp-json\/wp\/v2\/posts\/4477","targetHints":{"allow":["GET"]}}],"collection":[{"href":"https:\/\/renouvelable-habitat.fr\/it\/wp-json\/wp\/v2\/posts"}],"about":[{"href":"https:\/\/renouvelable-habitat.fr\/it\/wp-json\/wp\/v2\/types\/post"}],"author":[{"embeddable":true,"href":"https:\/\/renouvelable-habitat.fr\/it\/wp-json\/wp\/v2\/users\/3"}],"replies":[{"embeddable":true,"href":"https:\/\/renouvelable-habitat.fr\/it\/wp-json\/wp\/v2\/comments?post=4477"}],"version-history":[{"count":0,"href":"https:\/\/renouvelable-habitat.fr\/it\/wp-json\/wp\/v2\/posts\/4477\/revisions"}],"wp:featuredmedia":[{"embeddable":true,"href":"https:\/\/renouvelable-habitat.fr\/it\/wp-json\/wp\/v2\/media\/4474"}],"wp:attachment":[{"href":"https:\/\/renouvelable-habitat.fr\/it\/wp-json\/wp\/v2\/media?parent=4477"}],"wp:term":[{"taxonomy":"category","embeddable":true,"href":"https:\/\/renouvelable-habitat.fr\/it\/wp-json\/wp\/v2\/categories?post=4477"},{"taxonomy":"post_tag","embeddable":true,"href":"https:\/\/renouvelable-habitat.fr\/it\/wp-json\/wp\/v2\/tags?post=4477"}],"curies":[{"name":"wp","href":"https:\/\/api.w.org\/{rel}","templated":true}]}}