{"id":4501,"date":"2026-09-05T08:08:17","date_gmt":"2026-09-05T07:08:17","guid":{"rendered":"https:\/\/renouvelable-habitat.fr\/les-mecanismes-fascinants-derriere-lacceleration-du-vent-solaire-a-des-vitesses-supersoniques-par-le-soleil\/"},"modified":"2026-09-05T08:08:17","modified_gmt":"2026-09-05T07:08:17","slug":"les-mecanismes-fascinants-derriere-lacceleration-du-vent-solaire-a-des-vitesses-supersoniques-par-le-soleil","status":"publish","type":"post","link":"https:\/\/renouvelable-habitat.fr\/it\/les-mecanismes-fascinants-derriere-lacceleration-du-vent-solaire-a-des-vitesses-supersoniques-par-le-soleil\/","title":{"rendered":"Les m\u00e9canismes fascinants derri\u00e8re l&rsquo;acc\u00e9l\u00e9ration du vent solaire \u00e0 des vitesses supersoniques par le Soleil"},"content":{"rendered":"<p class=\"wp-block-paragraph\">Le vent solaire, un flux continu de particules charg\u00e9es \u00e9ject\u00e9 par le Soleil, atteint des vitesses supersoniques qui soul\u00e8vent depuis longtemps des questions chez les astrophysiciens. Cette acc\u00e9l\u00e9ration impressionnante r\u00e9v\u00e8le des interactions complexes entre le plasma solaire, le champ magn\u00e9tique et les ondes Alfv\u00e9n qui se propagent \u00e0 travers l&rsquo;h\u00e9liosph\u00e8re. Gr\u00e2ce \u00e0 des missions spatiales r\u00e9centes, notamment la sonde Solar Orbiter de l&rsquo;Agence spatiale europ\u00e9enne (ESA), des d\u00e9couvertes majeures ont permis de mieux comprendre les m\u00e9canismes \u00e0 l&rsquo;origine de ces vitesses extr\u00eames, tout en \u00e9clairant les ph\u00e9nom\u00e8nes de courants \u00e9lectriques et la dynamique du temps spatial qui influent sur notre environnement plan\u00e9taire. Ces avanc\u00e9es, qui s&rsquo;appuient sur des mesures in situ \u00e0 une distance jamais atteinte pr\u00e8s du Soleil, fascinent par la complexit\u00e9 des processus physico-magn\u00e9tiques impliqu\u00e9s dans l&rsquo;acc\u00e9l\u00e9ration du vent solaire.<\/p>\n\n<h2 class=\"wp-block-heading\">Le r\u00f4le cl\u00e9 des ondes Alfv\u00e9n dans l&rsquo;acc\u00e9l\u00e9ration du vent solaire \u00e0 des vitesses supersoniques<\/h2>\n\n<p class=\"wp-block-paragraph\">Les ondes Alfv\u00e9n, oscillations magn\u00e9tohydrodynamiques se propageant dans le plasma solaire, jouent un r\u00f4le essentiel dans l&rsquo;acc\u00e9l\u00e9ration des particules du vent solaire. Leur interaction avec le champ magn\u00e9tique interplan\u00e9taire g\u00e9n\u00e8re des fluctuations \u00e9nerg\u00e9tiques qui facilitent le transfert de momentum aux ions et \u00e9lectrons, augmentant ainsi leur vitesse au-del\u00e0 du seuil supersonique. Ces m\u00e9canismes ont \u00e9t\u00e9 mis en lumi\u00e8re par des observations crois\u00e9es entre les missions Parker Solar Probe et Solar Orbiter, qui ont permis d&rsquo;observer comment les rafales rapides de vent solaire influencent la m\u00e9t\u00e9o spatiale autour de la Terre. De plus, la dynamique complexe des courants \u00e9lectriques dans la nappe de courant h\u00e9liosph\u00e9rique contribue \u00e0 un tri des ions selon leur charge et masse, affectant la composition chimique du vent solaire.<\/p>\n\n<figure class=\"wp-block-image size-full\"><img decoding=\"async\" width=\"1344\" height=\"768\" src=\"https:\/\/renouvelable-habitat.fr\/wp-content\/uploads\/2026\/09\/Les-mecanismes-fascinants-derriere-lacceleration-du-vent-solaire-a-des-vitesses-supersoniques-par-le-Soleil-1.jpg\" alt=\"d\u00e9couvrez les m\u00e9canismes fascinants qui expliquent comment le soleil acc\u00e9l\u00e8re le vent solaire \u00e0 des vitesses supersoniques, influen\u00e7ant notre syst\u00e8me solaire et au-del\u00e0.\" class=\"wp-image-4499\" srcset=\"https:\/\/renouvelable-habitat.fr\/wp-content\/uploads\/2026\/09\/Les-mecanismes-fascinants-derriere-lacceleration-du-vent-solaire-a-des-vitesses-supersoniques-par-le-Soleil-1.jpg 1344w, https:\/\/renouvelable-habitat.fr\/wp-content\/uploads\/2026\/09\/Les-mecanismes-fascinants-derriere-lacceleration-du-vent-solaire-a-des-vitesses-supersoniques-par-le-Soleil-1-300x171.jpg 300w, https:\/\/renouvelable-habitat.fr\/wp-content\/uploads\/2026\/09\/Les-mecanismes-fascinants-derriere-lacceleration-du-vent-solaire-a-des-vitesses-supersoniques-par-le-Soleil-1-1024x585.jpg 1024w, https:\/\/renouvelable-habitat.fr\/wp-content\/uploads\/2026\/09\/Les-mecanismes-fascinants-derriere-lacceleration-du-vent-solaire-a-des-vitesses-supersoniques-par-le-Soleil-1-768x439.jpg 768w, https:\/\/renouvelable-habitat.fr\/wp-content\/uploads\/2026\/09\/Les-mecanismes-fascinants-derriere-lacceleration-du-vent-solaire-a-des-vitesses-supersoniques-par-le-Soleil-1-18x10.jpg 18w\" sizes=\"(max-width: 1344px) 100vw, 1344px\" \/><\/figure>\n\n<h3 class=\"wp-block-heading\">La nappe de courant h\u00e9liosph\u00e9rique : un laboratoire naturel pour \u00e9tudier l\u2019acc\u00e9l\u00e9ration du vent solaire<\/h3>\n\n<p class=\"wp-block-paragraph\">Une formation magn\u00e9tique remarquable appel\u00e9e nappe de courant h\u00e9liosph\u00e9rique (heliospheric current sheet, HCS) s\u00e9pare les h\u00e9misph\u00e8res nord et sud du Soleil. Relev\u00e9e r\u00e9cemment gr\u00e2ce aux mesures pr\u00e9cises de Solar Orbiter \u00e0 environ 42 millions de kilom\u00e8tres du Soleil, cette structure magn\u00e9tique marque une zone o\u00f9 la polarit\u00e9 s\u2019inverse et o\u00f9 la composition ionique subit un changement net. En effet, la r\u00e9duction significative du ratio fer\/oxyg\u00e8ne aux fronti\u00e8res de la HCS illustre comment le Soleil trie les ions avant leur \u00e9jection, influen\u00e7ant ainsi la nature et la vitesse du vent solaire. Cette d\u00e9couverte indique que la HCS agit plus qu\u2019une simple fronti\u00e8re magn\u00e9tique, mais comme un acteur actif dans les processus d\u2019acc\u00e9l\u00e9ration.<\/p>\n\n<p class=\"wp-block-paragraph\">Par ailleurs, la proximit\u00e9 de Solar Orbiter avec le Soleil, bien plus rapproch\u00e9e que Mercure, a r\u00e9v\u00e9l\u00e9 le vent solaire dans un \u00e9tat jeune, pr\u00e9serv\u00e9, fournissant des informations cruciales sur les dynamiques initiales du plasma solaire et les ondes Alfv\u00e9n. Cette avanc\u00e9e compl\u00e8te les mod\u00e8les classiques sur la propagation et les origines du vent solaire, enrichissant consid\u00e9rablement notre compr\u00e9hension du syst\u00e8me solaire.<\/p>\n\n<h2 class=\"wp-block-heading\">Tableau comparatif : caract\u00e9ristiques du vent solaire proche du Soleil et en orbite terrestre<\/h2>\n\n<figure class=\"wp-block-table\"><table>\n<thead>\n<tr>\n<th>Caract\u00e9ristique<\/th>\n<th>Proche du Soleil (~42 millions km)<\/th>\n<th>En orbite terrestre (~150 millions km)<\/th>\n<\/tr>\n<\/thead>\n<tbody>\n<tr>\n<td>Vitesse moyenne<\/td>\n<td><strong>~600 \u00e0 800 km\/s<\/strong><\/td>\n<td><strong>~400 \u00e0 700 km\/s<\/strong><\/td>\n<\/tr>\n<tr>\n<td>Composition ionique (Fe\/O ratio)<\/td>\n<td><strong>Changement net \u00e0 la HCS<\/strong><\/td>\n<td><strong>Stable mais influenc\u00e9 par la variabilit\u00e9 solaire<\/strong><\/td>\n<\/tr>\n<tr>\n<td>Activit\u00e9 des ondes Alfv\u00e9n<\/td>\n<td><strong>Forte avec turbulences \u00e9nerg\u00e9tiques<\/strong><\/td>\n<td><strong>Diminu\u00e9e mais encore perceptible<\/strong><\/td>\n<\/tr>\n<tr>\n<td>Intensit\u00e9 champ magn\u00e9tique<\/td>\n<td><strong>\u00c9lev\u00e9e, avec inversion \u00e0 la HCS<\/strong><\/td>\n<td><strong>Faiblie, forme spirale d\u2019Archim\u00e8de<\/strong><\/td>\n<\/tr>\n<\/tbody>\n<\/table><\/figure>\n\n<h3 class=\"wp-block-heading\">Les m\u00e9canismes physiques derri\u00e8re l\u2019acc\u00e9l\u00e9ration observ\u00e9e<\/h3>\n\n<p class=\"wp-block-paragraph\">L&rsquo;acc\u00e9l\u00e9ration du vent solaire r\u00e9sulte d\u2019une combinaison complexe de ph\u00e9nom\u00e8nes. Le plasma solaire, compos\u00e9 principalement de protons et d\u2019\u00e9lectrons, interagit avec un champ magn\u00e9tique variable. Les fluctuations induites par les ondes Alfv\u00e9n permettent un transfert d\u2019\u00e9nergie au plasma, contribuant aux vitesses supersoniques observ\u00e9es. Par ailleurs, les courants \u00e9lectriques induits dans la nappe de courant h\u00e9liosph\u00e9rique influencent la configuration magn\u00e9tique locale, permettant une injection de particules \u00e9nerg\u00e9tiques dans le flux sortant.<\/p>\n\n<p class=\"wp-block-paragraph\">De plus, les observations r\u00e9centes mettent en \u00e9vidence que la dynamique turbulente du vent solaire inclut une cascade bidirectionnelle d\u2019\u00e9nergie qui gouverne la dissipation et l\u2019acc\u00e9l\u00e9ration du plasma. Les mod\u00e8les th\u00e9oriques actuels doivent d\u00e9sormais int\u00e9grer ces ph\u00e9nom\u00e8nes pour expliquer les vitesses atteintes par le vent solaire bien au-del\u00e0 de l\u2019orbite terrestre.<\/p>\n\n<figure class=\"is-provider-youtube is-type-video wp-block-embed wp-block-embed-youtube wp-embed-aspect-16-9 wp-has-aspect-ratio\"><div class=\"wp-block-embed__wrapper\">\n<iframe title=\"\ud83c\udf99\ufe0f Vent Solaire : la danse entre le Soleil et les plan\u00e8tes (L\u00e9a Griton)\" width=\"1200\" height=\"675\" src=\"https:\/\/www.youtube.com\/embed\/kd1ik_Mn1MA?feature=oembed\" frameborder=\"0\" allow=\"accelerometer; autoplay; clipboard-write; encrypted-media; gyroscope; picture-in-picture; web-share\" referrerpolicy=\"strict-origin-when-cross-origin\" allowfullscreen><\/iframe>\n<\/div><\/figure>\n\n<h2 class=\"wp-block-heading\">Applications et cons\u00e9quences des avanc\u00e9es sur la compr\u00e9hension du vent solaire<\/h2>\n\n<p class=\"wp-block-paragraph\">La meilleure connaissance des m\u00e9canismes qui propulsent le vent solaire \u00e0 des vitesses supersoniques a un impact direct sur la pr\u00e9vision des \u00e9v\u00e9nements de m\u00e9t\u00e9o spatiale. Ces vents \u00e0 haute \u00e9nergie interagissent avec le champ magn\u00e9tique terrestre et engendrent des perturbations pouvant affecter les satellites, les t\u00e9l\u00e9communications, et plus largement l\u2019infrastructure technologique terrestre. Comprendre pr\u00e9cis\u00e9ment la composition chimique ambiante et les ph\u00e9nom\u00e8nes li\u00e9s aux courants \u00e9lectriques permet d\u2019anticiper les temp\u00eates solaires avec une meilleure pr\u00e9cision.<\/p>\n\n<p class=\"wp-block-paragraph\">Cette recherche conduit aussi \u00e0 enrichir les mod\u00e8les spatiaux, en lien avec des programmes comme <a href=\"https:\/\/www.decouverte.org\/mission-cluster-vent-solaire\/\">Mission Cluster<\/a> qui \u00e9tudie les interactions entre le vent solaire et le champ magn\u00e9tique terrestre, ou les analyses sur la <a href=\"https:\/\/media4.obspm.fr\/public\/ressources_lu\/pages_introduction-soleil\/so-propagation-vent.html\">propagation du vent solaire<\/a> dans l\u2019espace interplan\u00e9taire. Ces avanc\u00e9es nourrissent \u00e9galement le temps spatial, une discipline essentielle pour la protection des infrastructures en orbite.<\/p>\n\n<figure class=\"wp-block-image size-full\"><img decoding=\"async\" width=\"1344\" height=\"768\" src=\"https:\/\/renouvelable-habitat.fr\/wp-content\/uploads\/2026\/09\/Les-mecanismes-fascinants-derriere-lacceleration-du-vent-solaire-a-des-vitesses-supersoniques-par-le-Soleil-2.jpg\" alt=\"d\u00e9couvrez les m\u00e9canismes fascinants qui expliquent comment le soleil acc\u00e9l\u00e8re le vent solaire \u00e0 des vitesses supersoniques, influen\u00e7ant notre environnement spatial.\" class=\"wp-image-4500\" srcset=\"https:\/\/renouvelable-habitat.fr\/wp-content\/uploads\/2026\/09\/Les-mecanismes-fascinants-derriere-lacceleration-du-vent-solaire-a-des-vitesses-supersoniques-par-le-Soleil-2.jpg 1344w, https:\/\/renouvelable-habitat.fr\/wp-content\/uploads\/2026\/09\/Les-mecanismes-fascinants-derriere-lacceleration-du-vent-solaire-a-des-vitesses-supersoniques-par-le-Soleil-2-300x171.jpg 300w, https:\/\/renouvelable-habitat.fr\/wp-content\/uploads\/2026\/09\/Les-mecanismes-fascinants-derriere-lacceleration-du-vent-solaire-a-des-vitesses-supersoniques-par-le-Soleil-2-1024x585.jpg 1024w, https:\/\/renouvelable-habitat.fr\/wp-content\/uploads\/2026\/09\/Les-mecanismes-fascinants-derriere-lacceleration-du-vent-solaire-a-des-vitesses-supersoniques-par-le-Soleil-2-768x439.jpg 768w, https:\/\/renouvelable-habitat.fr\/wp-content\/uploads\/2026\/09\/Les-mecanismes-fascinants-derriere-lacceleration-du-vent-solaire-a-des-vitesses-supersoniques-par-le-Soleil-2-18x10.jpg 18w\" sizes=\"(max-width: 1344px) 100vw, 1344px\" \/><\/figure>\n\n<figure class=\"is-provider-youtube is-type-video wp-block-embed wp-block-embed-youtube wp-embed-aspect-16-9 wp-has-aspect-ratio\"><div class=\"wp-block-embed__wrapper\">\n<iframe title=\"Vent Solaire\" width=\"1200\" height=\"900\" src=\"https:\/\/www.youtube.com\/embed\/FMvQg4FlCn8?feature=oembed\" frameborder=\"0\" allow=\"accelerometer; autoplay; clipboard-write; encrypted-media; gyroscope; picture-in-picture; web-share\" referrerpolicy=\"strict-origin-when-cross-origin\" allowfullscreen><\/iframe>\n<\/div><\/figure>\n\n<ul class=\"wp-block-list\"><li><strong>Ondes Alfv\u00e9n<\/strong> facilitant la transmission \u00e9nerg\u00e9tique dans le plasma solaire<\/li><li><strong>Inversion du champ magn\u00e9tique<\/strong> dans la nappe de courant h\u00e9liosph\u00e9rique influen\u00e7ant la composition ionique<\/li><li><strong>Interaction plasma-champ magn\u00e9tique<\/strong> induisant l\u2019acc\u00e9l\u00e9ration supersonique du vent solaire<\/li><li><strong>Courants \u00e9lectriques<\/strong> jouant un r\u00f4le dans le tri et l\u2019\u00e9jection des ions<\/li><li><strong>Dynamique turbulente<\/strong> g\u00e9n\u00e9rant une cascade d\u2019\u00e9nergie bidirectionnelle dans le vent solaire<\/li><\/ul>\n\n<script type=\"application\/ld+json\">\n{\"@context\":\"https:\/\/schema.org\",\"@type\":\"FAQPage\",\"mainEntity\":[{\"@type\":\"Question\",\"name\":\"Qu'est-ce que la nappe de courant hu00e9liosphu00e9rique ?\",\"acceptedAnswer\":{\"@type\":\"Answer\",\"text\":\"La nappe de courant hu00e9liosphu00e9rique est une immense structure magnu00e9tique qui su00e9pare les hu00e9misphu00e8res nord et sud du Soleil, marquu00e9e par une inversion du champ magnu00e9tique, jouant un ru00f4le crucial dans l'accu00e9lu00e9ration et la composition du vent solaire.\"}},{\"@type\":\"Question\",\"name\":\"Comment les ondes Alfvu00e9n influencent-elles le vent solaire ?\",\"acceptedAnswer\":{\"@type\":\"Answer\",\"text\":\"Les ondes Alfvu00e9n sont des oscillations dans le plasma portu00e9es par le champ magnu00e9tique. Elles transmettent de l'u00e9nergie aux particules du vent solaire, contribuant u00e0 leur accu00e9lu00e9ration jusqu'u00e0 des vitesses supersoniques.\"}},{\"@type\":\"Question\",\"name\":\"Pourquoi le vent solaire peut-il perturber les technologies terrestres ?\",\"acceptedAnswer\":{\"@type\":\"Answer\",\"text\":\"En atteignant des vitesses supersoniques, le vent solaire transporte particules u00e9nergu00e9tiques qui interagissent avec le champ magnu00e9tique terrestre, provoquant des tempu00eates gu00e9omagnu00e9tiques susceptibles de perturber satellites et ru00e9seaux de communication.\"}},{\"@type\":\"Question\",\"name\":\"Quels apports ont les missions comme Solar Orbiter et Parker Solar Probe ?\",\"acceptedAnswer\":{\"@type\":\"Answer\",\"text\":\"Ces missions fournissent des donnu00e9es in situ pru00e8s du Soleil, permettant d'observer directement les mu00e9canismes d'accu00e9lu00e9ration du vent solaire et d'affiner les modu00e8les thu00e9oriques de plasma et champ magnu00e9tique.\"}}]}\n<\/script>\n<h3>Qu&rsquo;est-ce que la nappe de courant h\u00e9liosph\u00e9rique ?<\/h3>\n<p>La nappe de courant h\u00e9liosph\u00e9rique est une immense structure magn\u00e9tique qui s\u00e9pare les h\u00e9misph\u00e8res nord et sud du Soleil, marqu\u00e9e par une inversion du champ magn\u00e9tique, jouant un r\u00f4le crucial dans l&rsquo;acc\u00e9l\u00e9ration et la composition du vent solaire.<\/p>\n<h3>Comment les ondes Alfv\u00e9n influencent-elles le vent solaire ?<\/h3>\n<p>Les ondes Alfv\u00e9n sont des oscillations dans le plasma port\u00e9es par le champ magn\u00e9tique. Elles transmettent de l&rsquo;\u00e9nergie aux particules du vent solaire, contribuant \u00e0 leur acc\u00e9l\u00e9ration jusqu&rsquo;\u00e0 des vitesses supersoniques.<\/p>\n<h3>Pourquoi le vent solaire peut-il perturber les technologies terrestres ?<\/h3>\n<p>En atteignant des vitesses supersoniques, le vent solaire transporte particules \u00e9nerg\u00e9tiques qui interagissent avec le champ magn\u00e9tique terrestre, provoquant des temp\u00eates g\u00e9omagn\u00e9tiques susceptibles de perturber satellites et r\u00e9seaux de communication.<\/p>\n<h3>Quels apports ont les missions comme Solar Orbiter et Parker Solar Probe ?<\/h3>\n<p>Ces missions fournissent des donn\u00e9es in situ pr\u00e8s du Soleil, permettant d&rsquo;observer directement les m\u00e9canismes d&rsquo;acc\u00e9l\u00e9ration du vent solaire et d&rsquo;affiner les mod\u00e8les th\u00e9oriques de plasma et champ magn\u00e9tique.<\/p>\n\n","protected":false},"excerpt":{"rendered":"<p>Le vent solaire, un flux continu de particules charg\u00e9es \u00e9ject\u00e9 par le Soleil, atteint des vitesses supersoniques qui soul\u00e8vent depuis longtemps des questions chez les astrophysiciens. Cette acc\u00e9l\u00e9ration impressionnante r\u00e9v\u00e8le des interactions complexes entre le plasma solaire, le champ magn\u00e9tique et les ondes Alfv\u00e9n qui se propagent \u00e0 travers l&rsquo;h\u00e9liosph\u00e8re. Gr\u00e2ce \u00e0 des missions spatiales &#8230; <a title=\"Les m\u00e9canismes fascinants derri\u00e8re l&rsquo;acc\u00e9l\u00e9ration du vent solaire \u00e0 des vitesses supersoniques par le Soleil\" class=\"read-more\" href=\"https:\/\/renouvelable-habitat.fr\/it\/les-mecanismes-fascinants-derriere-lacceleration-du-vent-solaire-a-des-vitesses-supersoniques-par-le-soleil\/\" aria-label=\"Per saperne di pi\u00f9 su Les m\u00e9canismes fascinants derri\u00e8re l&rsquo;acc\u00e9l\u00e9ration du vent solaire \u00e0 des vitesses supersoniques par le Soleil\">Leggi tutto<\/a><\/p>","protected":false},"author":3,"featured_media":4498,"comment_status":"open","ping_status":"open","sticky":false,"template":"","format":"standard","meta":{"_seopress_titles_title":"Les secrets du vent solaire supersonique d\u00e9voil\u00e9s","_seopress_titles_desc":"D\u00e9couvrez comment le Soleil acc\u00e9l\u00e8re le vent solaire \u00e0 des vitesses supersoniques gr\u00e2ce \u00e0 des m\u00e9canismes fascinants et essentiels \u00e0 notre compr\u00e9hension cosmique.","_seopress_robots_index":"","_seopress_robots_follow":"","_seopress_robots_imageindex":"","_seopress_robots_snippet":"","_seopress_robots_primary_cat":"","_seopress_robots_breadcrumbs":"","_seopress_robots_freeze_modified_date":"","_seopress_robots_custom_modified_date":"","_seopress_robots_canonical":"","_seopress_social_fb_title":"","_seopress_social_fb_desc":"","_seopress_social_fb_img":"","_seopress_social_fb_img_attachment_id":0,"_seopress_social_fb_img_width":0,"_seopress_social_fb_img_height":0,"_seopress_social_twitter_title":"","_seopress_social_twitter_desc":"","_seopress_social_twitter_img":"","_seopress_social_twitter_img_attachment_id":0,"_seopress_social_twitter_img_width":0,"_seopress_social_twitter_img_height":0,"_seopress_redirections_value":"","_seopress_redirections_enabled":"","_seopress_redirections_enabled_regex":"","_seopress_redirections_logged_status":"","_seopress_redirections_param":"","_seopress_redirections_type":0,"_seopress_analysis_target_kw":"","_seopress_news_disabled":"","_seopress_video_disabled":"","_seopress_video":[],"_seopress_pro_schemas_manual":[],"_seopress_pro_rich_snippets_disable_all":"","_seopress_pro_rich_snippets_disable":[],"_seopress_pro_schemas":[],"inline_featured_image":false,"footnotes":""},"categories":[16],"tags":[],"class_list":["post-4501","post","type-post","status-publish","format-standard","has-post-thumbnail","hentry","category-actualite","generate-columns","tablet-grid-50","mobile-grid-100","grid-parent","grid-33"],"_links":{"self":[{"href":"https:\/\/renouvelable-habitat.fr\/it\/wp-json\/wp\/v2\/posts\/4501","targetHints":{"allow":["GET"]}}],"collection":[{"href":"https:\/\/renouvelable-habitat.fr\/it\/wp-json\/wp\/v2\/posts"}],"about":[{"href":"https:\/\/renouvelable-habitat.fr\/it\/wp-json\/wp\/v2\/types\/post"}],"author":[{"embeddable":true,"href":"https:\/\/renouvelable-habitat.fr\/it\/wp-json\/wp\/v2\/users\/3"}],"replies":[{"embeddable":true,"href":"https:\/\/renouvelable-habitat.fr\/it\/wp-json\/wp\/v2\/comments?post=4501"}],"version-history":[{"count":0,"href":"https:\/\/renouvelable-habitat.fr\/it\/wp-json\/wp\/v2\/posts\/4501\/revisions"}],"wp:featuredmedia":[{"embeddable":true,"href":"https:\/\/renouvelable-habitat.fr\/it\/wp-json\/wp\/v2\/media\/4498"}],"wp:attachment":[{"href":"https:\/\/renouvelable-habitat.fr\/it\/wp-json\/wp\/v2\/media?parent=4501"}],"wp:term":[{"taxonomy":"category","embeddable":true,"href":"https:\/\/renouvelable-habitat.fr\/it\/wp-json\/wp\/v2\/categories?post=4501"},{"taxonomy":"post_tag","embeddable":true,"href":"https:\/\/renouvelable-habitat.fr\/it\/wp-json\/wp\/v2\/tags?post=4501"}],"curies":[{"name":"wp","href":"https:\/\/api.w.org\/{rel}","templated":true}]}}