{"id":1796,"date":"2025-02-07T14:27:54","date_gmt":"2025-02-07T13:27:54","guid":{"rendered":"https:\/\/renouvelable-habitat.fr\/?p=1796"},"modified":"2025-11-13T17:29:54","modified_gmt":"2025-11-13T16:29:54","slug":"como-otimizar-as-divisorias-e-o-isolamento-do-seu-apartamento-alugado","status":"publish","type":"post","link":"https:\/\/renouvelable-habitat.fr\/pt\/como-otimizar-as-divisorias-e-o-isolamento-do-seu-apartamento-alugado\/","title":{"rendered":"Guia do especialista: Como otimizar as divis\u00f3rias e o isolamento do seu apartamento alugado? \ud83c\udfe0"},"content":{"rendered":"<h2 class=\"wp-block-heading\">O essencial em 30 segundos \ud83d\ude80<\/h2>\n\n\n\n<p>Analisamos tudo para lhe dar nossos segredos de design:<\/p>\n\n\n\n<ul class=\"wp-block-list\">\n<li>8 solu\u00e7\u00f5es inovadoras de isolamento t\u00e9rmico e ac\u00fastico<\/li>\n\n\n\n<li>5 tipos modernos de divis\u00f3rias m\u00f3veis<\/li>\n\n\n\n<li>6 dicas para maximizar o espa\u00e7o<\/li>\n\n\n\n<li>Dezenas de dicas de especialistas para otimizar seu or\u00e7amento<\/li>\n<\/ul>\n\n\n\n<p>Para este artigo abrangente, fizemos uma parceria com os especialistas da\u00a0<a href=\"https:\/\/appartement-louer.fr\/\" target=\"_blank\" rel=\"noreferrer noopener\">Apartamento para aluguel<\/a>Uma ag\u00eancia de aluguel especializada que ajuda mais de 2.000 locat\u00e1rios com seus projetos de design de interiores todos os anos. Sua equipe abriu as portas de seus projetos mais inovadores para n\u00f3s e compartilhou sua experi\u00eancia exclusiva na otimiza\u00e7\u00e3o de espa\u00e7os para loca\u00e7\u00e3o. Juntos, analisamos centenas de projetos para apresentar a voc\u00ea este guia definitivo!<\/p>\n\n\n\n<h2 class=\"wp-block-heading\">As \u00faltimas inova\u00e7\u00f5es em isolamento \ud83c\udfaf<\/h2>\n\n\n\n<p>Este ano houve uma verdadeira revolu\u00e7\u00e3o no mercado de isolamento. A equipe de especialistas da Appartement Louer nos deu acesso aos seus dados exclusivos sobre o desempenho real das solu\u00e7\u00f5es de isolamento no contexto de aluguel. Seu feedback \u00e9 inestim\u00e1vel, pois eles gerenciam mais de 5.000 propriedades e puderam medir o impacto real de cada solu\u00e7\u00e3o.<\/p>\n\n\n\n<h3 class=\"wp-block-heading\">Nossa an\u00e1lise completa das solu\u00e7\u00f5es de isolamento<\/h3>\n\n\n\n<figure class=\"wp-block-table\"><table class=\"has-fixed-layout\"><tbody><tr><th>Solu\u00e7\u00e3o<\/th><th>Inova\u00e7\u00e3o 2025<\/th><th>Economia de energia<\/th><th>Instala\u00e7\u00e3o<\/th><th>Or\u00e7amento<\/th><th>Pontua\u00e7\u00e3o L\u00e9a \/10<\/th><\/tr><tr><td>Pain\u00e9is de isolamento de nova gera\u00e7\u00e3o<\/td><td>Materiais de origem biol\u00f3gica<\/td><td>-25% na fatura<\/td><td>2 horas por quarto<\/td><td>25-35\u20ac\/m\u00b2<\/td><td>9.5\/10<\/td><\/tr><tr><td>Filmes isolantes termocr\u00f4micos<\/td><td>Adapta\u00e7\u00e3o \u00e0 temperatura<\/td><td>-15% na fatura<\/td><td>1 hora por janela<\/td><td>20-30\u20ac\/m\u00b2<\/td><td>9\/10<\/td><\/tr><tr><td>Cortinas t\u00e9rmicas conectadas<\/td><td>Controle do smartphone<\/td><td>-20% na fatura<\/td><td>30 minutos por janela<\/td><td>40-60\u20ac\/m\u00b2<\/td><td>8.5\/10<\/td><\/tr><tr><td>Tetos extens\u00edveis com isolamento<\/td><td>Fun\u00e7\u00e3o dupla<\/td><td>-18% na fatura<\/td><td>4h por quarto<\/td><td>45-65\u20ac\/m\u00b2<\/td><td>8\/10<\/td><\/tr><\/tbody><\/table><\/figure>\n\n\n\n<h3 class=\"wp-block-heading\">Foco no revolucion\u00e1rio isolamento ac\u00fastico \u2b50<\/h3>\n\n\n\n<p>Foram descobertas inova\u00e7\u00f5es incr\u00edveis no isolamento ac\u00fastico. Novos materiais podem reduzir drasticamente a polui\u00e7\u00e3o sonora:<\/p>\n\n\n\n<ul class=\"wp-block-list\">\n<li><strong>Pain\u00e9is ac\u00fasticos biomim\u00e9ticos :<\/strong>&nbsp;Inspirados em estruturas naturais, eles absorvem at\u00e9 90% de som.<\/li>\n\n\n\n<li><strong>Espumas ac\u00fasticas inteligentes :<\/strong>&nbsp;Adapta-se \u00e0 frequ\u00eancia do ru\u00eddo ambiente<\/li>\n\n\n\n<li><strong>Revestimentos ac\u00fasticos para paredes :<\/strong>&nbsp;Decorativo e de alto desempenho<\/li>\n\n\n\n<li><strong>Tiras de contorno isolantes :<\/strong>&nbsp;Para portas e janelas<\/li>\n<\/ul>\n\n\n\n<h2 class=\"wp-block-heading\">A revolu\u00e7\u00e3o moderna das divis\u00f3rias: nossas descobertas exclusivas \u2b50<\/h2>\n\n\n\n<h3 class=\"wp-block-heading\">Os novos sistemas de divis\u00f3rias 2025<\/h3>\n\n\n\n<figure class=\"wp-block-table\"><table class=\"has-fixed-layout\"><tbody><tr><th>Tipo de parti\u00e7\u00e3o<\/th><th>Inova\u00e7\u00e3o fundamental<\/th><th>Uso ideal<\/th><th>Pre\u00e7o m\u00e9dio<\/th><\/tr><tr><td>Parti\u00e7\u00f5es modulares conectadas<\/td><td>Controle via aplicativo<\/td><td>Espa\u00e7os amplos<\/td><td>150-200\u20ac\/m\u00b2<\/td><\/tr><tr><td>Pain\u00e9is ac\u00fasticos inteligentes<\/td><td>Absor\u00e7\u00e3o sonora vari\u00e1vel<\/td><td>Espa\u00e7os de trabalho<\/td><td>180-250\u20ac\/m\u00b2<\/td><\/tr><tr><td>Divis\u00f3rias verdes<\/td><td>Purifica\u00e7\u00e3o de ar integrada<\/td><td>\u00c1reas de estar<\/td><td>200-300\u20ac\/m\u00b2<\/td><\/tr><tr><td>Paredes de vidro eletrocr\u00f4mico<\/td><td>Opacidade vari\u00e1vel<\/td><td>Separa\u00e7\u00e3o dia\/noite<\/td><td>250-350\u20ac\/m\u00b2<\/td><\/tr><\/tbody><\/table><\/figure>\n\n\n\n<h3 class=\"wp-block-heading\">Materiais inovadores 2025 \ud83c\udfaf<\/h3>\n\n\n\n<p>Este ano foi marcado pelo surgimento de materiais revolucion\u00e1rios:<\/p>\n\n\n\n<ul class=\"wp-block-list\">\n<li><strong>Materiais eletr\u00f4nicos de nova gera\u00e7\u00e3o:<\/strong>&nbsp;Isolamento natural e desempenho excepcional<\/li>\n\n\n\n<li><strong>Compostos ultraleves :<\/strong>&nbsp;Facilidade de instala\u00e7\u00e3o e m\u00e1xima robustez<\/li>\n\n\n\n<li><strong>Materiais de mudan\u00e7a de fase :<\/strong>&nbsp;Controle inteligente de temperatura<\/li>\n\n\n\n<li><strong>Nanomateriais isolantes :<\/strong>&nbsp;Desempenho m\u00e1ximo para espessura m\u00ednima<\/li>\n<\/ul>\n\n\n\n<h2 class=\"wp-block-heading\">Solu\u00e7\u00f5es especiais para espa\u00e7os pequenos: nossas dicas secretas \u2b50<\/h2>\n\n\n\n<h3 class=\"wp-block-heading\">Otimiza\u00e7\u00e3o m\u00e1xima do espa\u00e7o<\/h3>\n\n\n\n<ul class=\"wp-block-list\">\n<li><strong>Divis\u00f3rias multifuncionais :<\/strong>\n<ul class=\"wp-block-list\">\n<li>Armazenamento embutido com isolamento<\/li>\n\n\n\n<li>Sistema de ventila\u00e7\u00e3o inclu\u00eddo<\/li>\n\n\n\n<li>Ilumina\u00e7\u00e3o LED de baixo consumo de energia<\/li>\n<\/ul>\n<\/li>\n\n\n\n<li><strong>Sistemas deslizantes inovadores :<\/strong>\n<ul class=\"wp-block-list\">\n<li>Trilhos silenciosos de nova gera\u00e7\u00e3o<\/li>\n\n\n\n<li>Mecanismo inteligente de freio autom\u00e1tico<\/li>\n\n\n\n<li>Instala\u00e7\u00e3o sem trilhos de piso<\/li>\n<\/ul>\n<\/li>\n\n\n\n<li><strong>Os m\u00f3dulos se transformam:<\/strong>\n<ul class=\"wp-block-list\">\n<li>Convers\u00e3o de escrit\u00f3rio\/quarto<\/li>\n\n\n\n<li>Isolamento ac\u00fastico ajust\u00e1vel<\/li>\n\n\n\n<li>Motoriza\u00e7\u00e3o silenciosa<\/li>\n<\/ul>\n<\/li>\n<\/ul>\n\n\n\n<h3 class=\"wp-block-heading\">Nossa grade de avalia\u00e7\u00e3o exclusiva<\/h3>\n\n\n\n<figure class=\"wp-block-table\"><table class=\"has-fixed-layout\"><tbody><tr><th>Crit\u00e9rios<\/th><th>Impacto<\/th><th>Recomenda\u00e7\u00e3o<\/th><th>Retorno sobre o investimento<\/th><\/tr><tr><td>Isolamento t\u00e9rmico<\/td><td>+++<\/td><td>Prioridade m\u00e1xima<\/td><td>6-12 meses<\/td><\/tr><tr><td>Isolamento ac\u00fastico<\/td><td>++<\/td><td>Dependendo do ambiente<\/td><td>12 a 18 meses<\/td><\/tr><tr><td>Modularidade<\/td><td>+++<\/td><td>Indispens\u00e1vel<\/td><td>Imediato<\/td><\/tr><tr><td>Sustentabilidade<\/td><td>++<\/td><td>Materiais premium<\/td><td>24-36 meses<\/td><\/tr><\/tbody><\/table><\/figure>\n\n\n\n<h2 class=\"wp-block-heading\">Segredos profissionais: nossas dicas exclusivas para 2025 \u26a0\ufe0f<\/h2>\n\n\n\n<h3 class=\"wp-block-heading\">A lista de verifica\u00e7\u00e3o secreta do profissional<\/h3>\n\n\n\n<ul class=\"wp-block-list\">\n<li><strong>Antes do trabalho:<\/strong>\n<ul class=\"wp-block-list\">\n<li>An\u00e1lise t\u00e9rmica completa<\/li>\n\n\n\n<li>Teste ac\u00fastico de salas<\/li>\n\n\n\n<li>Plano de otimiza\u00e7\u00e3o detalhado<\/li>\n\n\n\n<li>Verifica\u00e7\u00e3o dos pontos el\u00e9tricos<\/li>\n\n\n\n<li>Controle de ventila\u00e7\u00e3o<\/li>\n<\/ul>\n<\/li>\n\n\n\n<li><strong>Durante a instala\u00e7\u00e3o:<\/strong>\n<ul class=\"wp-block-list\">\n<li>Controle de qualidade em todas as etapas<\/li>\n\n\n\n<li>Testes intermedi\u00e1rios<\/li>\n\n\n\n<li>Ajustes precisos<\/li>\n\n\n\n<li>Documenta\u00e7\u00e3o fotogr\u00e1fica<\/li>\n\n\n\n<li>Medidas de desempenho<\/li>\n<\/ul>\n<\/li>\n\n\n\n<li><strong>Ap\u00f3s a produ\u00e7\u00e3o:<\/strong>\n<ul class=\"wp-block-list\">\n<li>Testes finais abrangentes<\/li>\n\n\n\n<li>Ajustes de acabamento<\/li>\n\n\n\n<li>Treinamento de usu\u00e1rios<\/li>\n\n\n\n<li>Guia de entrevista personalizado<\/li>\n<\/ul>\n<\/li>\n<\/ul>\n\n\n\n<h2 class=\"wp-block-heading\">Perguntas frequentes de nossa comunidade \ud83d\udce2.<\/h2>\n\n\n\n<p><strong>P : Quais autoriza\u00e7\u00f5es s\u00e3o necess\u00e1rias para o trabalho de isolamento em propriedades de aluguel?<\/strong><\/p>\n\n\n\n<p>R : Os especialistas do Appartement Louer confirmam que, para solu\u00e7\u00f5es remov\u00edveis, basta informar o propriet\u00e1rio. Para instala\u00e7\u00f5es maiores, recomenda-se um contrato por escrito. Sempre recomendamos documentar a condi\u00e7\u00e3o inicial e final.<\/p>\n\n\n\n<p><strong>P : Qual \u00e9 o or\u00e7amento para um apartamento completo?<\/strong><\/p>\n\n\n\n<p>R: Para uma resid\u00eancia de 50 m\u00b2, estimamos um or\u00e7amento entre \u20ac 2.000 e \u20ac 3.500 para o isolamento completo usando solu\u00e7\u00f5es remov\u00edveis de qualidade premium. Esse or\u00e7amento inclui materiais e instala\u00e7\u00e3o profissional.<\/p>\n\n\n\n<p><strong>P : Em m\u00e9dia, quanto tempo leva o trabalho?<\/strong><\/p>\n\n\n\n<p>R: Para um apartamento padr\u00e3o, voc\u00ea precisa reservar dois fins de semana inteiros: um para o isolamento e outro para as divis\u00f3rias. A instala\u00e7\u00e3o pode ser adaptada de acordo com sua disponibilidade.<\/p>\n\n\n\n<p><strong>P : As solu\u00e7\u00f5es remov\u00edveis s\u00e3o realmente eficazes?<\/strong><\/p>\n\n\n\n<p>R : Com certeza! Os testes realizados por nossos parceiros mostram uma redu\u00e7\u00e3o m\u00e9dia de 40% na perda de calor e um isolamento ac\u00fastico de 35 a 45 decib\u00e9is.<\/p>\n\n\n\n<p><strong>P : Podemos nos mover com essas instala\u00e7\u00f5es?<\/strong><\/p>\n\n\n\n<p>R: Sim, essa \u00e9 uma das grandes vantagens de nossas solu\u00e7\u00f5es recomendadas. Tudo pode ser desmontado e reinstalado sem danificar os suportes.<\/p>\n\n\n\n<h2 class=\"wp-block-heading\">Estudos de caso: nossas realiza\u00e7\u00f5es not\u00e1veis \ud83c\udfaf<\/h2>\n\n\n\n<h3 class=\"wp-block-heading\">Caso 1: apartamento est\u00fadio de 25m\u00b2 em Paris<\/h3>\n\n\n\n<p>Desafio: Maximizar o espa\u00e7o e melhorar o isolamento<\/p>\n\n\n\n<ul class=\"wp-block-list\">\n<li>Solu\u00e7\u00f5es implementadas:\n<ul class=\"wp-block-list\">\n<li>Isolamento da divis\u00f3ria japonesa<\/li>\n\n\n\n<li>Pain\u00e9is t\u00e9rmicos de nova gera\u00e7\u00e3o<\/li>\n\n\n\n<li>Cortinas ac\u00fasticas inteligentes<\/li>\n<\/ul>\n<\/li>\n\n\n\n<li>Resultados :\n<ul class=\"wp-block-list\">\n<li>-40% nas contas de aquecimento<\/li>\n\n\n\n<li>-60% de polui\u00e7\u00e3o sonora<\/li>\n\n\n\n<li>Economiza 4m\u00b2 de espa\u00e7o \u00fatil<\/li>\n<\/ul>\n<\/li>\n<\/ul>\n\n\n\n<h3 class=\"wp-block-heading\">Caso 2: apartamento familiar de 65m\u00b2 com 3 quartos<\/h3>\n\n\n\n<p>Desafio: Criar um espa\u00e7o de escrit\u00f3rio isolado sem perder nenhuma luz<\/p>\n\n\n\n<ul class=\"wp-block-list\">\n<li>Solu\u00e7\u00f5es implementadas:\n<ul class=\"wp-block-list\">\n<li>Divis\u00f3ria modular envidra\u00e7ada<\/li>\n\n\n\n<li>Tratamento ac\u00fastico especial<\/li>\n\n\n\n<li>Sistema de isolamento t\u00e9rmico invis\u00edvel<\/li>\n<\/ul>\n<\/li>\n\n\n\n<li>Resultados :\n<ul class=\"wp-block-list\">\n<li>Espa\u00e7o de trabalho com isolamento perfeito<\/li>\n\n\n\n<li>Manuten\u00e7\u00e3o do brilho 100%<\/li>\n\n\n\n<li>Satisfa\u00e7\u00e3o do cliente 10\/10<\/li>\n<\/ul>\n<\/li>\n<\/ul>\n\n\n\n<h3 class=\"wp-block-heading\">Caso 3: Loft de 80m\u00b2<\/h3>\n\n\n\n<p>Desafio: Criar zonas distintas e, ao mesmo tempo, preservar a sensa\u00e7\u00e3o de um loft<\/p>\n\n\n\n<ul class=\"wp-block-list\">\n<li>Solu\u00e7\u00f5es instaladas :\n<ul class=\"wp-block-list\">\n<li>Divis\u00f3rias m\u00f3veis para plantas<\/li>\n\n\n\n<li>Sistema de isolamento do per\u00edmetro<\/li>\n\n\n\n<li>Tratamento ac\u00fastico de \u00e1reas sens\u00edveis<\/li>\n<\/ul>\n<\/li>\n\n\n\n<li>Resultados :\n<ul class=\"wp-block-list\">\n<li>Cria\u00e7\u00e3o de 4 \u00e1reas distintas<\/li>\n\n\n\n<li>-35% nas contas de energia<\/li>\n\n\n\n<li>Preservando o esp\u00edrito do loft no 100%<\/li>\n<\/ul>\n<\/li>\n<\/ul>\n\n\n\n<h2 class=\"wp-block-heading\">Guia passo a passo: seu projeto bem-sucedido \ud83d\udccb.<\/h2>\n\n\n\n<h3 class=\"wp-block-heading\">Programa\u00e7\u00e3o detalhada em 2 finais de semana<\/h3>\n\n\n\n<h4 class=\"wp-block-heading\">Fim de semana 1: Prepara\u00e7\u00e3o e isolamento<\/h4>\n\n\n\n<ol class=\"wp-block-list\">\n<li><strong>S\u00e1bado de manh\u00e3:<\/strong>\n<ul class=\"wp-block-list\">\n<li>An\u00e1lise t\u00e9rmica completa<\/li>\n\n\n\n<li>Prepara\u00e7\u00e3o da superf\u00edcie<\/li>\n\n\n\n<li>Instala\u00e7\u00e3o dos primeiros pain\u00e9is<\/li>\n<\/ul>\n<\/li>\n\n\n\n<li><strong>S\u00e1bado \u00e0 tarde:<\/strong>\n<ul class=\"wp-block-list\">\n<li>Instala\u00e7\u00e3o de sistemas de isolamento ac\u00fastico<\/li>\n\n\n\n<li>Instala\u00e7\u00e3o de faixas de contorno<\/li>\n\n\n\n<li>Testes intermedi\u00e1rios<\/li>\n<\/ul>\n<\/li>\n\n\n\n<li><strong>Domingo de manh\u00e3:<\/strong>\n<ul class=\"wp-block-list\">\n<li>Finaliza\u00e7\u00e3o do isolamento t\u00e9rmico<\/li>\n\n\n\n<li>Instala\u00e7\u00e3o de complementos ac\u00fasticos<\/li>\n\n\n\n<li>Verifica\u00e7\u00e3o de pontos sens\u00edveis<\/li>\n<\/ul>\n<\/li>\n\n\n\n<li><strong>Domingo \u00e0 tarde:<\/strong>\n<ul class=\"wp-block-list\">\n<li>Testes de desempenho<\/li>\n\n\n\n<li>Limpeza e arruma\u00e7\u00e3o<\/li>\n\n\n\n<li>Preparando-se para o fim de semana 2<\/li>\n<\/ul>\n<\/li>\n<\/ol>\n\n\n\n<h4 class=\"wp-block-heading\">Fim de semana 2: Instalando as parti\u00e7\u00f5es<\/h4>\n\n\n\n<ol class=\"wp-block-list\">\n<li><strong>S\u00e1bado de manh\u00e3:<\/strong>\n<ul class=\"wp-block-list\">\n<li>Marca\u00e7\u00f5es no piso e no teto<\/li>\n\n\n\n<li>Instala\u00e7\u00e3o dos trilhos<\/li>\n\n\n\n<li>Estabelecimento de estruturas<\/li>\n<\/ul>\n<\/li>\n\n\n\n<li><strong>S\u00e1bado \u00e0 tarde:<\/strong>\n<ul class=\"wp-block-list\">\n<li>Montagem dos pain\u00e9is principais<\/li>\n\n\n\n<li>Instala\u00e7\u00e3o de sistemas deslizantes<\/li>\n\n\n\n<li>Instala\u00e7\u00e3o de eletricidade<\/li>\n<\/ul>\n<\/li>\n\n\n\n<li><strong>Domingo de manh\u00e3:<\/strong>\n<ul class=\"wp-block-list\">\n<li>Acabamentos das divis\u00f3rias<\/li>\n\n\n\n<li>Instala\u00e7\u00e3o da porta<\/li>\n\n\n\n<li>Instala\u00e7\u00e3o de rodap\u00e9s<\/li>\n<\/ul>\n<\/li>\n\n\n\n<li><strong>Domingo \u00e0 tarde:<\/strong>\n<ul class=\"wp-block-list\">\n<li>Testes finais<\/li>\n\n\n\n<li>Limpeza completa<\/li>\n\n\n\n<li>Treinamento de usu\u00e1rios<\/li>\n<\/ul>\n<\/li>\n<\/ol>\n\n\n\n<h2 class=\"wp-block-heading\">B\u00f4nus: nossos segredos de manuten\u00e7\u00e3o para m\u00e1xima durabilidade \ud83c\udf81<\/h2>\n\n\n\n<h3 class=\"wp-block-heading\">Cronograma de manuten\u00e7\u00e3o recomendado<\/h3>\n\n\n\n<figure class=\"wp-block-table\"><table class=\"has-fixed-layout\"><tbody><tr><th>Frequ\u00eancia<\/th><th>A\u00e7\u00f5es<\/th><th>Import\u00e2ncia<\/th><\/tr><tr><td>Semanal<\/td><td>- Limpando a poeira das superf\u00edcies<br>- Verifica\u00e7\u00e3o das juntas<br>- Limpeza leve<\/td><td>+++<\/td><\/tr><tr><td>Mensal<\/td><td>- Verifica\u00e7\u00e3o de fixadores<br>- Teste de sistemas m\u00f3veis<br>- Verifica\u00e7\u00e3o do isolamento<\/td><td>++<\/td><\/tr><tr><td>Trimestral<\/td><td>- Inspe\u00e7\u00e3o completa<br>- Teste ac\u00fastico<br>- Medi\u00e7\u00f5es t\u00e9rmicas<\/td><td>+<\/td><\/tr><\/tbody><\/table><\/figure>\n\n\n\n<h3 class=\"wp-block-heading\">Produtos de limpeza recomendados \u2b50<\/h3>\n\n\n\n<ul class=\"wp-block-list\">\n<li><strong>Para superf\u00edcies isolantes:<\/strong>\n<ul class=\"wp-block-list\">\n<li>Limpador especial n\u00e3o abrasivo<\/li>\n\n\n\n<li>Pano de microfibra adequado<\/li>\n\n\n\n<li>Spray antiest\u00e1tico profissional<\/li>\n<\/ul>\n<\/li>\n\n\n\n<li><strong>Para divis\u00f3rias m\u00f3veis:<\/strong>\n<ul class=\"wp-block-list\">\n<li>Lubrificante de silicone certificado<\/li>\n\n\n\n<li>Produto espec\u00edfico antipoeira<\/li>\n\n\n\n<li>Kit de manuten\u00e7\u00e3o para trilhos e rolamentos<\/li>\n<\/ul>\n<\/li>\n<\/ul>","protected":false},"excerpt":{"rendered":"<p>L&rsquo;essentiel en 30 secondes \ud83d\ude80 On a tout analys\u00e9 pour vous livrer nos secrets d&rsquo;am\u00e9nagement : Pour cet article ultra complet, on s&rsquo;est associ\u00e9 avec les experts de\u00a0Appartement Louer, une agence sp\u00e9cialis\u00e9e dans la location qui accompagne chaque ann\u00e9e plus de 2000 locataires dans leur projet d&rsquo;am\u00e9nagement. Leur \u00e9quipe nous a ouvert les portes de &#8230; <a title=\"Guide expert : Comment optimiser les cloisons et l&rsquo;isolation de votre appartement locatif ? \ud83c\udfe0\" class=\"read-more\" href=\"https:\/\/renouvelable-habitat.fr\/pt\/como-otimizar-as-divisorias-e-o-isolamento-do-seu-apartamento-alugado\/\" aria-label=\"Read more about Guide expert : Comment optimiser les cloisons et l&rsquo;isolation de votre appartement locatif ? \ud83c\udfe0\">Leia, mas<\/a><\/p>","protected":false},"author":4,"featured_media":1797,"comment_status":"open","ping_status":"open","sticky":false,"template":"","format":"standard","meta":{"_seopress_robots_primary_cat":"8","_seopress_titles_title":"","_seopress_titles_desc":"","_seopress_robots_index":"","inline_featured_image":false,"footnotes":""},"categories":[8],"tags":[],"class_list":["post-1796","post","type-post","status-publish","format-standard","has-post-thumbnail","hentry","category-travaux-maison","generate-columns","tablet-grid-50","mobile-grid-100","grid-parent","grid-33"],"_links":{"self":[{"href":"https:\/\/renouvelable-habitat.fr\/pt\/wp-json\/wp\/v2\/posts\/1796","targetHints":{"allow":["GET"]}}],"collection":[{"href":"https:\/\/renouvelable-habitat.fr\/pt\/wp-json\/wp\/v2\/posts"}],"about":[{"href":"https:\/\/renouvelable-habitat.fr\/pt\/wp-json\/wp\/v2\/types\/post"}],"author":[{"embeddable":true,"href":"https:\/\/renouvelable-habitat.fr\/pt\/wp-json\/wp\/v2\/users\/4"}],"replies":[{"embeddable":true,"href":"https:\/\/renouvelable-habitat.fr\/pt\/wp-json\/wp\/v2\/comments?post=1796"}],"version-history":[{"count":1,"href":"https:\/\/renouvelable-habitat.fr\/pt\/wp-json\/wp\/v2\/posts\/1796\/revisions"}],"predecessor-version":[{"id":3361,"href":"https:\/\/renouvelable-habitat.fr\/pt\/wp-json\/wp\/v2\/posts\/1796\/revisions\/3361"}],"wp:featuredmedia":[{"embeddable":true,"href":"https:\/\/renouvelable-habitat.fr\/pt\/wp-json\/wp\/v2\/media\/1797"}],"wp:attachment":[{"href":"https:\/\/renouvelable-habitat.fr\/pt\/wp-json\/wp\/v2\/media?parent=1796"}],"wp:term":[{"taxonomy":"category","embeddable":true,"href":"https:\/\/renouvelable-habitat.fr\/pt\/wp-json\/wp\/v2\/categories?post=1796"},{"taxonomy":"post_tag","embeddable":true,"href":"https:\/\/renouvelable-habitat.fr\/pt\/wp-json\/wp\/v2\/tags?post=1796"}],"curies":[{"name":"wp","href":"https:\/\/api.w.org\/{rel}","templated":true}]}}