{"id":1879,"date":"2025-03-03T09:33:07","date_gmt":"2025-03-03T08:33:07","guid":{"rendered":"https:\/\/renouvelable-habitat.fr\/?p=1879"},"modified":"2025-07-24T17:11:31","modified_gmt":"2025-07-24T16:11:31","slug":"colonne-de-douche-personnalisation-sur-mesure-pour-une-salle-de-bain-unique","status":"publish","type":"post","link":"https:\/\/renouvelable-habitat.fr\/pt\/colonne-de-douche-personnalisation-sur-mesure-pour-une-salle-de-bain-unique\/","title":{"rendered":"Colonne de douche : personnalisation sur mesure pour une salle de bain unique"},"content":{"rendered":"<figure class=\"wp-block-image size-large\"><img alt=\"\" decoding=\"async\" width=\"1024\" height=\"576\" src=\"https:\/\/renouvelable-habitat.fr\/wp-content\/uploads\/2025\/03\/c9282c993e64d89fc56a1a112a0d26a6-1024x576.jpg\" class=\"wp-image-1880\" srcset=\"https:\/\/renouvelable-habitat.fr\/wp-content\/uploads\/2025\/03\/c9282c993e64d89fc56a1a112a0d26a6-1024x576.jpg 1024w, https:\/\/renouvelable-habitat.fr\/wp-content\/uploads\/2025\/03\/c9282c993e64d89fc56a1a112a0d26a6-300x169.jpg 300w, https:\/\/renouvelable-habitat.fr\/wp-content\/uploads\/2025\/03\/c9282c993e64d89fc56a1a112a0d26a6-768x432.jpg 768w, https:\/\/renouvelable-habitat.fr\/wp-content\/uploads\/2025\/03\/c9282c993e64d89fc56a1a112a0d26a6-1536x864.jpg 1536w, https:\/\/renouvelable-habitat.fr\/wp-content\/uploads\/2025\/03\/c9282c993e64d89fc56a1a112a0d26a6-2048x1152.jpg 2048w, https:\/\/renouvelable-habitat.fr\/wp-content\/uploads\/2025\/03\/c9282c993e64d89fc56a1a112a0d26a6-18x10.jpg 18w\" sizes=\"(max-width: 1024px) 100vw, 1024px\" \/><\/figure>\n\n\n\n<p>La colonne de douche r\u00e8gne en ma\u00eetre dans la salle de bain moderne. Elle incarne l\u2019alliance parfaite entre esth\u00e9tique raffin\u00e9e, confort absolu et technologies de pointe. Loin d\u2019\u00eatre un simple \u00e9l\u00e9ment fonctionnel, elle s\u2019\u00e9rige en v\u00e9ritable acteur du bien-\u00eatre quotidien. Sa capacit\u00e9 \u00e0 se m\u00e9tamorphoser selon les d\u00e9sirs de chacun r\u00e9pond aux exigences les plus pointues en mati\u00e8re de design et d\u2019exp\u00e9rience aquatique.<\/p>\n\n\n\n<h2 class=\"wp-block-heading\">Mat\u00e9riaux et finitions : l\u2019art de s\u2019approprier l\u2019espace<\/h2>\n\n\n\n<p>Le choix des mat\u00e9riaux sculpte l\u2019identit\u00e9 visuelle de la colonne de douche. Le&nbsp;<strong>verre tremp\u00e9<\/strong>&nbsp;conserve sa place de choix, notamment avec le retour en gr\u00e2ce du style stri\u00e9. Les cabines mariant l\u2019acier inoxydable \u00e0 d\u2019autres m\u00e9taux sont de plus en plus populaires. Parall\u00e8lement, les finitions dor\u00e9es insufflent une touche de sophistication luxueuse aux installations contemporaines. Quant aux robinetteries aux reflets d\u2019or, elles m\u00e9tamorphosent la salle de bain en un \u00e9crin d\u2019\u00e9l\u00e9gance intemporelle.<\/p>\n\n\n\n<p>Dans les espaces contraints, les colonnes encastr\u00e9es excellent \u00e0 optimiser chaque centim\u00e8tre carr\u00e9 gr\u00e2ce \u00e0 leur design \u00e9pur\u00e9. Leur installation requiert toutefois une expertise technique pointue, cruciale pour garantir une \u00e9tanch\u00e9it\u00e9 parfaite et une int\u00e9gration discr\u00e8te des raccordements. Ces mod\u00e8les n\u00e9cessitent g\u00e9n\u00e9ralement un espace de 90 x 75 cm pour le mitigeur thermostatique, ainsi qu\u2019une profondeur d\u2019au moins dix centim\u00e8tres dans la ma\u00e7onnerie. Les cadres m\u00e9talliques aux finitions cuivre, titane, bronze ou dor\u00e9es s\u2019harmonisent \u00e0 merveille avec les autres \u00e9l\u00e9ments de la pi\u00e8ce d\u2019eau.<\/p>\n\n\n\n<p>Aujourd\u2019hui, un&nbsp;<a href=\"https:\/\/www.sawiday.fr\/douches\/colonnes-de-douche\/\" target=\"_blank\" rel=\"noreferrer noopener\">large choix de colonnes de douche<\/a>&nbsp;s\u2019offre aux amateurs de design et de fonctionnalit\u00e9. Que l\u2019on penche pour un mod\u00e8le classique, avant-gardiste ou r\u00e9solument design, il existe assur\u00e9ment une colonne de douche capable de sublimer chaque salle de bain.<\/p>\n\n\n\n<h2 class=\"wp-block-heading\">Fonctionnalit\u00e9s aquatiques : entre bien-\u00eatre et \u00e9conomie<\/h2>\n\n\n\n<p>O&nbsp;<strong>syst\u00e8mes hydrauliques<\/strong>&nbsp;modernes \u00e9l\u00e8vent la douche au rang d\u2019exp\u00e9rience sensorielle unique. Les jets ajustables proposent jusqu\u2019\u00e0 cinq modes distincts : pluie, massage, bulles, pluie + massage et pluie + bulles. Cette diversit\u00e9 permet une personnalisation totale de l\u2019exp\u00e9rience sous la douche, adapt\u00e9e aux pr\u00e9f\u00e9rences et aux besoins sp\u00e9cifiques de chaque utilisateur.<\/p>\n\n\n\n<p>Le mitigeur thermostatique est un incontournable des installations contemporaines. Il assure une temp\u00e9rature constante et pr\u00e9vient les fluctuations intempestives, m\u00eame en cas de variations du r\u00e9seau. Ce dispositif ing\u00e9nieux r\u00e9gule efficacement la chaleur de l\u2019eau, ce qui \u00e9pargne aux utilisateurs les d\u00e9sagr\u00e9ments d\u2019une douche \u00e9cossaise lorsque l\u2019eau est sollicit\u00e9e dans une autre pi\u00e8ce. De surcro\u00eet, les mitigeurs \u00e9quip\u00e9s de limiteurs de d\u00e9bit contribuent \u00e0 r\u00e9duire la consommation d\u2019eau sans pour autant sacrifier le confort quotidien.<\/p>\n\n\n\n<h2 class=\"wp-block-heading\">Ergonomie et rangements int\u00e9gr\u00e9s : praticit\u00e9 au quotidien<\/h2>\n\n\n\n<p>L\u2019innovation en mati\u00e8re d\u2019am\u00e9nagement se manifeste notamment par des solutions de&nbsp;<strong>rangement intelligentes<\/strong>. Certains syst\u00e8mes cr\u00e9ent des espaces de stockage invisibles sur deux ou quatre niveaux pour tous les accessoires de bain. Ces modules encastr\u00e9s s\u2019int\u00e8grent harmonieusement aux murs et se fondent dans l\u2019architecture de la pi\u00e8ce, devenant quasi imperceptibles une fois ferm\u00e9s. Cette approche ing\u00e9nieuse offre un espace de rangement suppl\u00e9mentaire dans des zones autrement d\u00e9laiss\u00e9es.<\/p>\n\n\n\n<p>L\u2019ergonomie b\u00e9n\u00e9ficie \u00e9galement d\u2019une refonte majeure avec l\u2019introduction de coulisseaux pour douchette r\u00e9glables en hauteur et orientables. Ces m\u00e9canismes astucieux garantissent un confort optimal pour tous les utilisateurs, quelle que soit leur stature. Les porte-savons chrom\u00e9s int\u00e9gr\u00e9s aux barres de douche offrent quant \u00e0 eux un rangement pratique et facilement accessible pendant l\u2019utilisation.<\/p>\n\n\n\n<h2 class=\"wp-block-heading\">Technologies connect\u00e9es : l\u2019\u00e8re de la douche intelligente<\/h2>\n\n\n\n<p>O&nbsp;<strong>technologies connect\u00e9es<\/strong>&nbsp;r\u00e9volutionnent l\u2019exp\u00e9rience de l\u2019utilisateur dans la salle de bain. L\u2019accent est mis sur des \u00e9quipements intelligents qui offrent un confort optimal gr\u00e2ce \u00e0 des fonctionnalit\u00e9s automatis\u00e9es. Les baignoires et douches connect\u00e9es permettent de r\u00e9gler \u00e0 distance des param\u00e8tres essentiels tels que la temp\u00e9rature de l\u2019eau, la pression et les programmes de jets via une application mobile ou des commandes vocales.<\/p>\n\n\n\n<p>Les syst\u00e8mes de gestion thermique assurent un confort sans pareil avec des r\u00e9glages pr\u00e9cis adapt\u00e9s \u00e0 chaque utilisateur. La r\u00e9gulation intelligente de l\u2019eau permet \u00e9galement de diminuer la consommation \u00e9nerg\u00e9tique en ajustant automatiquement la temp\u00e9rature et la pression selon les besoins sp\u00e9cifiques. Ces fonctionnalit\u00e9s novatrices transforment la douche quotidienne en un moment v\u00e9ritablement personnalis\u00e9 et luxueux.<\/p>","protected":false},"excerpt":{"rendered":"<p>La colonne de douche r\u00e8gne en ma\u00eetre dans la salle de bain moderne. Elle incarne l\u2019alliance parfaite entre esth\u00e9tique raffin\u00e9e, confort absolu et technologies de pointe. Loin d\u2019\u00eatre un simple \u00e9l\u00e9ment fonctionnel, elle s\u2019\u00e9rige en v\u00e9ritable acteur du bien-\u00eatre quotidien. Sa capacit\u00e9 \u00e0 se m\u00e9tamorphoser selon les d\u00e9sirs de chacun r\u00e9pond aux exigences les plus &#8230; <a title=\"Colonne de douche : personnalisation sur mesure pour une salle de bain unique\" class=\"read-more\" href=\"https:\/\/renouvelable-habitat.fr\/pt\/colonne-de-douche-personnalisation-sur-mesure-pour-une-salle-de-bain-unique\/\" aria-label=\"Read more about Colonne de douche : personnalisation sur mesure pour une salle de bain unique\">Leia, mas<\/a><\/p>","protected":false},"author":4,"featured_media":1880,"comment_status":"open","ping_status":"open","sticky":false,"template":"","format":"standard","meta":{"_seopress_robots_primary_cat":"8","_seopress_titles_title":"","_seopress_titles_desc":"","_seopress_robots_index":"","inline_featured_image":false,"footnotes":""},"categories":[8],"tags":[],"class_list":["post-1879","post","type-post","status-publish","format-standard","has-post-thumbnail","hentry","category-travaux-maison","generate-columns","tablet-grid-50","mobile-grid-100","grid-parent","grid-33"],"_links":{"self":[{"href":"https:\/\/renouvelable-habitat.fr\/pt\/wp-json\/wp\/v2\/posts\/1879","targetHints":{"allow":["GET"]}}],"collection":[{"href":"https:\/\/renouvelable-habitat.fr\/pt\/wp-json\/wp\/v2\/posts"}],"about":[{"href":"https:\/\/renouvelable-habitat.fr\/pt\/wp-json\/wp\/v2\/types\/post"}],"author":[{"embeddable":true,"href":"https:\/\/renouvelable-habitat.fr\/pt\/wp-json\/wp\/v2\/users\/4"}],"replies":[{"embeddable":true,"href":"https:\/\/renouvelable-habitat.fr\/pt\/wp-json\/wp\/v2\/comments?post=1879"}],"version-history":[{"count":0,"href":"https:\/\/renouvelable-habitat.fr\/pt\/wp-json\/wp\/v2\/posts\/1879\/revisions"}],"wp:featuredmedia":[{"embeddable":true,"href":"https:\/\/renouvelable-habitat.fr\/pt\/wp-json\/wp\/v2\/media\/1880"}],"wp:attachment":[{"href":"https:\/\/renouvelable-habitat.fr\/pt\/wp-json\/wp\/v2\/media?parent=1879"}],"wp:term":[{"taxonomy":"category","embeddable":true,"href":"https:\/\/renouvelable-habitat.fr\/pt\/wp-json\/wp\/v2\/categories?post=1879"},{"taxonomy":"post_tag","embeddable":true,"href":"https:\/\/renouvelable-habitat.fr\/pt\/wp-json\/wp\/v2\/tags?post=1879"}],"curies":[{"name":"wp","href":"https:\/\/api.w.org\/{rel}","templated":true}]}}