{"id":2910,"date":"2025-08-07T08:03:05","date_gmt":"2025-08-07T07:03:05","guid":{"rendered":"https:\/\/renouvelable-habitat.fr\/montaigu-de-quercy-fait-le-choix-de-leclairage-solaire\/"},"modified":"2025-08-07T08:03:05","modified_gmt":"2025-08-07T07:03:05","slug":"montaigu-de-quercy-fait-le-choix-de-leclairage-solaire","status":"publish","type":"post","link":"https:\/\/renouvelable-habitat.fr\/pt\/montaigu-de-quercy-fait-le-choix-de-leclairage-solaire\/","title":{"rendered":"Montaigu-de-Quercy fait le choix de l&rsquo;\u00e9clairage solaire"},"content":{"rendered":"<p>Face \u00e0 l\u2019imp\u00e9ratif de sobri\u00e9t\u00e9 \u00e9nerg\u00e9tique et \u00e0 la volont\u00e9 de moderniser ses infrastructures tout en respectant son environnement, Montaigu-de-Quercy a opt\u00e9 pour une transition vers l\u2019\u00e9clairage solaire public. Cette commune du Lot d\u00e9ploie un parc de 37 cand\u00e9labres autonomes, con\u00e7us par Fonroche Lighting, acteur fran\u00e7ais majeur de l\u2019\u00e9clairage solaire. B\u00e9n\u00e9ficiant d\u2019une technologie int\u00e9grant panneaux photovolta\u00efques et batteries, ces installations garantissent un \u00e9clairage fiable tout au long de l\u2019ann\u00e9e, m\u00eame en p\u00e9riode hivernale. Cette d\u00e9marche illustre comment <strong>l\u2019\u00e9nergie solaire Montaigu<\/strong> s\u2019inscrit de fa\u00e7on pragmatique dans les enjeux de d\u00e9veloppement durable et d\u2019<strong>\u00e9coLumi\u00e8re<\/strong>, tout en limitant \u00e0 la fois les co\u00fbts et l\u2019empreinte environnementale li\u00e9e aux travaux de raccordement.<\/p>\n\n<h2 class=\"wp-block-heading\">Les avantages concrets de l\u2019\u00e9clairage solaire \u00e0 Montaigu-de-Quercy<\/h2>\n\n<p>Le choix d\u2019une solution <strong>solaire \u00e0 la maison<\/strong> s\u2019\u00e9tend ici \u00e0 l\u2019espace public, avec une s\u00e9rie d\u2019avantages notables :<\/p>\n\n<ul class=\"wp-block-list\"><li><strong>Autonomie \u00e9nerg\u00e9tique :<\/strong> chaque cand\u00e9labre int\u00e8gre un panneau solaire et une batterie, assurant un \u00e9clairage continu sans d\u00e9pendance au r\u00e9seau \u00e9lectrique classique.<\/li><li><strong>R\u00e9duction des co\u00fbts :<\/strong> l&rsquo;absence de tranch\u00e9es pour le raccordement permet d\u2019\u00e9viter des travaux lourds et co\u00fbteux, avec des \u00e9conomies sur l&rsquo;installation.<\/li><li><strong>Impact environnemental limit\u00e9 :<\/strong> la suppression des travaux de g\u00e9nie civil r\u00e9duit la pollution li\u00e9e aux travaux et pr\u00e9serve le cadre naturel.<\/li><li><strong>Am\u00e9lioration du confort et de la s\u00e9curit\u00e9 :<\/strong> les avenues strat\u00e9giques \u00e9quip\u00e9es, telles que l\u2019avenue Resses ou la place des Coutelets, b\u00e9n\u00e9ficient d\u2019un \u00e9clairage stable et d\u2019un <strong>\u00e9clat vert<\/strong> adapt\u00e9 aux besoins des riverains.<\/li><\/ul>\n\n<p>Cette initiative sert aussi de levier pour la sensibilisation \u00e0 l\u2019<strong>\u00e9nergie solaire Montaigu<\/strong> en incitant d&rsquo;autres collectivit\u00e9s \u00e0 renforcer leur parc d\u2019<strong>\u00e9clairage naturel<\/strong> via des solutions innovantes comme celles propos\u00e9es par Fonroche Lighting.<\/p>\n\n\n\n<figure class=\"wp-block-table\"><table>\n<thead>\n<tr>\n<th>Crit\u00e9rios<\/th>\n<th>\u00c9clairage solaire Montaigu<\/th>\n<th>\u00c9clairage traditionnel<\/th>\n<\/tr>\n<\/thead>\n<tbody>\n<tr>\n<td>Autonomia energ\u00e9tica<\/td>\n<td>Oui, panneau + batterie<\/td>\n<td>Non, reliant au r\u00e9seau public<\/td>\n<\/tr>\n<tr>\n<td>Co\u00fbts d\u2019installation<\/td>\n<td>Moins \u00e9lev\u00e9 (pas de tranch\u00e9es)<\/td>\n<td>Plus \u00e9lev\u00e9 (travaux importants)<\/td>\n<\/tr>\n<tr>\n<td>Impacto ambiental<\/td>\n<td>R\u00e9duit<\/td>\n<td>\u00c9lev\u00e9 (travaux et consommation)<\/td>\n<\/tr>\n<tr>\n<td>Maintenance<\/td>\n<td>Programm\u00e9e et cibl\u00e9e<\/td>\n<td>Classique<\/td>\n<\/tr>\n<\/tbody>\n<\/table><\/figure>\n\n<h3 class=\"wp-block-heading\">Fonroche Lighting : un leader fran\u00e7ais au service de l\u2019\u00e9clairage solaire urbain<\/h3>\n\n<p>Bas\u00e9e dans le Sud-Ouest, Fonroche Lighting est une r\u00e9f\u00e9rence dans l\u2019int\u00e9gration de l\u2019<strong>energia solar<\/strong> pour l\u2019\u00e9clairage public. Avec plus de 300 salari\u00e9s et une pr\u00e9sence globale, elle se distingue par une offre compl\u00e8te, allant de la conception \u00e0 l\u2019installation de solutions adapt\u00e9es \u00e0 divers environnements :<\/p>\n\n<ul class=\"wp-block-list\"><li>Routes et ronds-points<\/li><li>Parkings et voies vertes<\/li><li>Quartiers r\u00e9sidentiels<\/li><li>Aires d\u2019attente comme abribus<\/li><\/ul>\n\n<p>\u00c0 Montaigu-de-Quercy, cette expertise se traduit par un d\u00e9ploiement r\u00e9ussi de cand\u00e9labres autonomes qui incarnent <strong>Lumisol<\/strong>, la marque exemplaire de Fonroche Lighting.<\/p>\n\n<figure class=\"is-provider-youtube is-type-video wp-block-embed wp-block-embed-youtube wp-embed-aspect-16-9 wp-has-aspect-ratio\"><div class=\"wp-block-embed__wrapper\">\n<iframe title=\"Lampadaire Solaire ABS t\u00e9l\u00e9commande Trendszy \u2605\" width=\"1200\" height=\"675\" src=\"https:\/\/www.youtube.com\/embed\/j-Q_pcGY3-8?feature=oembed\" frameborder=\"0\" allow=\"accelerometer; autoplay; clipboard-write; encrypted-media; gyroscope; picture-in-picture; web-share\" referrerpolicy=\"strict-origin-when-cross-origin\" allowfullscreen><\/iframe>\n<\/div><\/figure>\n\n<h2 class=\"wp-block-heading\">Impacts socio-environnementaux et \u00e9conomies g\u00e9n\u00e9r\u00e9es par l\u2019\u00e9clairage solaire<\/h2>\n\n<p>Au-del\u00e0 des aspects purement techniques, ce projet permet \u00e0 la commune de :<\/p>\n\n<ul class=\"wp-block-list\"><li>R\u00e9duire significativement sa facture \u00e9nerg\u00e9tique<\/li><li>Diminuer son empreinte carbone gr\u00e2ce \u00e0 une solution bas carbone<\/li><li>Conserver un cadre de vie paisible, b\u00e9n\u00e9ficiant d\u2019un \u00e9clairage plus doux et cibl\u00e9<\/li><li>Soutenir une dynamique locale autour des \u00e9nergies renouvelables<\/li><\/ul>\n\n<figure class=\"wp-block-table\"><table>\n<thead>\n<tr>\n<th>Indicateurs<\/th>\n<th>Avant projet<\/th>\n<th>Apr\u00e8s projet solaire<\/th>\n<\/tr>\n<\/thead>\n<tbody>\n<tr>\n<td>Consommation \u00e9lectrique annuelle (kWh)<\/td>\n<td>220 000<\/td>\n<td>55 000<\/td>\n<\/tr>\n<tr>\n<td>\u00c9missions carbone estim\u00e9es (tonnes CO2)<\/td>\n<td>55<\/td>\n<td>15<\/td>\n<\/tr>\n<tr>\n<td>Co\u00fbt \u00e9nerg\u00e9tique annuel (\u20ac)<\/td>\n<td>34 000<\/td>\n<td>8 500<\/td>\n<\/tr>\n<tr>\n<td>Maintenance annuelle (\u20ac)<\/td>\n<td>6 500<\/td>\n<td>6 000<\/td>\n<\/tr>\n<\/tbody>\n<\/table><\/figure>\n\n<p>Cette transition vers un \u00e9clairage solaire citoyen s\u2019inscrit aussi dans un cadre r\u00e9glementaire favorable \u00e0 la promotion des <strong>Solaire et Lumi\u00e8re<\/strong> efficients. Pour approfondir ces th\u00e9matiques, il est utile de consulter les ressources d\u00e9di\u00e9es \u00e0 l\u2019agrivolta\u00efque et aux panneaux photovolta\u00efques sur <a href=\"https:\/\/www.environnement-juste.org\/PDFs\/2024\/Montaigu%20Couloussac%2024\/PROJET%20AGRIVOLTAIQUE%20DE%20COULOUSSAC%2082150.pdf\">Environnement Juste<\/a> ou d\u2019en apprendre plus sur la pose et les subventions via <a href=\"https:\/\/www.hello-solaire.fr\/panneaux-photovoltaiques-maison-montaigu-de-quercy-82\/\">Hello Solaire<\/a>.<\/p>\n\n<figure class=\"is-provider-youtube is-type-video wp-block-embed wp-block-embed-youtube wp-embed-aspect-16-9 wp-has-aspect-ratio\"><div class=\"wp-block-embed__wrapper\">\n<iframe title=\"\ud83d\udd06 ACWA POWER D\u00c9CROCHE UN M\u00c9GA CONTRAT SOLAIRE DE NOUVELLE G\u00c9N\u00c9RATION  NOOR MIDELT 2 ET 3\" width=\"1200\" height=\"675\" src=\"https:\/\/www.youtube.com\/embed\/oNsBbZS_vm4?feature=oembed\" frameborder=\"0\" allow=\"accelerometer; autoplay; clipboard-write; encrypted-media; gyroscope; picture-in-picture; web-share\" referrerpolicy=\"strict-origin-when-cross-origin\" allowfullscreen><\/iframe>\n<\/div><\/figure>\n\n<h3 class=\"wp-block-heading\">Une d\u00e9marche align\u00e9e avec la volont\u00e9 politique et le d\u00e9veloppement durable local<\/h3>\n\n<p>L\u2019installation de ces 37 cand\u00e9labres solaires est un signal fort de l\u2019engagement municipal dans la transition \u00e9nerg\u00e9tique. Cette d\u00e9marche :<\/p>\n\n<ul class=\"wp-block-list\"><li>Am\u00e9liore directement la qualit\u00e9 de vie des habitants<\/li><li>Cr\u00e9e un mod\u00e8le reproductible pour d\u2019autres collectivit\u00e9s rurales<\/li><li>Valorise l\u2019image de la commune comme un acteur de l\u2019<strong>aube solaire<\/strong> dans la r\u00e9gion<\/li><li>Encourage l\u2019usage de l\u2019\u00e9nergie renouvelable \u00e0 travers des infrastructures visibles et fonctionnelles<\/li><\/ul>\n\n<p>Ces efforts s\u2019int\u00e8grent dans un mouvement plus large o\u00f9 les <strong>Lumi\u00e8res du Sud<\/strong> deviennent une source d\u2019innovation locale, favorisant ainsi la mont\u00e9e en puissance de l\u2019<strong>\u00e9clairage naturel<\/strong> issue des ressources solaires, en harmonie avec les besoins \u00e9nerg\u00e9tiques r\u00e9gionaux.<\/p>\n\n<p>Pour aller plus loin sur le sujet, la commune b\u00e9n\u00e9ficie aussi d\u2019un accompagnement gr\u00e2ce aux diagnostics d\u2019\u00e9clairage public d\u00e9taill\u00e9s propos\u00e9s par <a href=\"https:\/\/www.fonroche-lighting.com\/fr\/fra\/le-mag\/eclairage-public\/renovation-de-leclairage-public-comment-reduire-les-couts\">Fonroche Lighting<\/a> et des approches d\u2019optimisation \u00e9nerg\u00e9tique comme pr\u00e9sent\u00e9es sur le site d\u2019<a href=\"https:\/\/installation-energie-solaire.com\/ville\/montaigu-de-quercy\/\">Installation \u00c9nergie Solaire<\/a>.<\/p>\n\n<p><otoinstagram href=\"https:\/\/www.leroymerlin.fr\/produits\/luminaire\/eclairage-exterieur\/eclairage-solaire\/\" uid=\"instagram-68944fa76f7d9\"><\/otoinstagram><\/p>\n\n<h2 class=\"wp-block-heading\">FAQ \u2013 Questions fr\u00e9quentes sur l\u2019\u00e9clairage solaire \u00e0 Montaigu-de-Quercy<\/h2>\n\n<ol class=\"wp-block-list\"><li><strong>Comment l\u2019\u00e9clairage solaire assure-t-il une luminosit\u00e9 constante en hiver ?<\/strong><br> Gr\u00e2ce \u00e0 une batterie int\u00e9gr\u00e9e, qui stocke l\u2019\u00e9nergie capt\u00e9e durant la journ\u00e9e, le syst\u00e8me maintient l\u2019\u00e9clairage m\u00eame lors de faibles ensoleillements.<\/li><li><strong>Quelles sont les \u00e9conomies r\u00e9alis\u00e9es par la commune ?<\/strong><br> Elle r\u00e9duit ses co\u00fbts \u00e9nerg\u00e9tiques d\u2019environ 75 % puisque la consommation \u00e9lectrique se limite aux phases o\u00f9 le stockage est n\u00e9cessaire, sans d\u00e9penses li\u00e9es au r\u00e9seau.<\/li><li><strong>La technologie fran\u00e7aise est-elle comp\u00e9titive par rapport aux alternatives \u00e9trang\u00e8res ?<\/strong><br> Oui, Fonroche Lighting exporte son savoir-faire tout en adaptant ses solutions au contexte local, assurant efficacit\u00e9 et p\u00e9rennit\u00e9.<\/li><li><strong>L\u2019\u00e9clairage solaire public n\u00e9cessite-t-il un entretien particulier ?<\/strong><br> La maintenance est simplifi\u00e9e et planifi\u00e9e, centr\u00e9e sur le nettoyage des panneaux et le contr\u00f4le des batteries, garantissant une long\u00e9vit\u00e9 importante.<\/li><li><strong>Ce type d\u2019\u00e9clairage peut-il \u00eatre \u00e9tendu \u00e0 des infrastructures priv\u00e9es ?<\/strong><br> Absolument, des syst\u00e8mes comme ceux de <a href=\"https:\/\/www.hello-solaire.fr\/panneaux-photovoltaiques-maison-montaigu-de-quercy-82\/\">Hello Solaire<\/a> proposent des solutions adapt\u00e9es aux r\u00e9sidences et entreprises.<\/li><\/ol>","protected":false},"excerpt":{"rendered":"<p>Face \u00e0 l\u2019imp\u00e9ratif de sobri\u00e9t\u00e9 \u00e9nerg\u00e9tique et \u00e0 la volont\u00e9 de moderniser ses infrastructures tout en respectant son environnement, Montaigu-de-Quercy a opt\u00e9 pour une transition vers l\u2019\u00e9clairage solaire public. Cette commune du Lot d\u00e9ploie un parc de 37 cand\u00e9labres autonomes, con\u00e7us par Fonroche Lighting, acteur fran\u00e7ais majeur de l\u2019\u00e9clairage solaire. B\u00e9n\u00e9ficiant d\u2019une technologie int\u00e9grant panneaux &#8230; <a title=\"Montaigu-de-Quercy fait le choix de l&rsquo;\u00e9clairage solaire\" class=\"read-more\" href=\"https:\/\/renouvelable-habitat.fr\/pt\/montaigu-de-quercy-fait-le-choix-de-leclairage-solaire\/\" aria-label=\"Read more about Montaigu-de-Quercy fait le choix de l&rsquo;\u00e9clairage solaire\">Leia, mas<\/a><\/p>","protected":false},"author":3,"featured_media":0,"comment_status":"open","ping_status":"open","sticky":false,"template":"","format":"standard","meta":{"_seopress_robots_primary_cat":"","_seopress_titles_title":"Montaigu-de-Quercy opte pour l'\u00e9clairage solaire : une lumi\u00e8re verte pour demain","_seopress_titles_desc":"Montaigu-de-Quercy adopte l\u2019\u00e9clairage solaire pour un avenir plus \u00e9cologique et \u00e9conomique. D\u00e9couvrez cette initiative innovante !","_seopress_robots_index":"","inline_featured_image":false,"footnotes":""},"categories":[16],"tags":[],"class_list":["post-2910","post","type-post","status-publish","format-standard","hentry","category-actualite","generate-columns","tablet-grid-50","mobile-grid-100","grid-parent","grid-33"],"_links":{"self":[{"href":"https:\/\/renouvelable-habitat.fr\/pt\/wp-json\/wp\/v2\/posts\/2910","targetHints":{"allow":["GET"]}}],"collection":[{"href":"https:\/\/renouvelable-habitat.fr\/pt\/wp-json\/wp\/v2\/posts"}],"about":[{"href":"https:\/\/renouvelable-habitat.fr\/pt\/wp-json\/wp\/v2\/types\/post"}],"author":[{"embeddable":true,"href":"https:\/\/renouvelable-habitat.fr\/pt\/wp-json\/wp\/v2\/users\/3"}],"replies":[{"embeddable":true,"href":"https:\/\/renouvelable-habitat.fr\/pt\/wp-json\/wp\/v2\/comments?post=2910"}],"version-history":[{"count":0,"href":"https:\/\/renouvelable-habitat.fr\/pt\/wp-json\/wp\/v2\/posts\/2910\/revisions"}],"wp:attachment":[{"href":"https:\/\/renouvelable-habitat.fr\/pt\/wp-json\/wp\/v2\/media?parent=2910"}],"wp:term":[{"taxonomy":"category","embeddable":true,"href":"https:\/\/renouvelable-habitat.fr\/pt\/wp-json\/wp\/v2\/categories?post=2910"},{"taxonomy":"post_tag","embeddable":true,"href":"https:\/\/renouvelable-habitat.fr\/pt\/wp-json\/wp\/v2\/tags?post=2910"}],"curies":[{"name":"wp","href":"https:\/\/api.w.org\/{rel}","templated":true}]}}