{"id":4054,"date":"2026-05-03T08:44:02","date_gmt":"2026-05-03T07:44:02","guid":{"rendered":"https:\/\/renouvelable-habitat.fr\/route-du-vent-solaire-reparation-du-trou-beant-de-treogat-avant-la-saison-estivale\/"},"modified":"2026-05-03T08:44:02","modified_gmt":"2026-05-03T07:44:02","slug":"route-du-vent-solaire-reparation-du-trou-beant-de-treogat-avant-la-saison-estivale","status":"publish","type":"post","link":"https:\/\/renouvelable-habitat.fr\/pt\/route-du-vent-solaire-reparation-du-trou-beant-de-treogat-avant-la-saison-estivale\/","title":{"rendered":"Route du Vent solaire : r\u00e9paration du trou b\u00e9ant de Tr\u00e9ogat avant la saison estivale"},"content":{"rendered":"<p>La Route du Vent solaire, axe incontournable pour le tourisme en Pays bigouden, a r\u00e9cemment subi des d\u00e9gradations importantes notamment avec l\u2019apparition d\u2019un <strong>trou b\u00e9ant<\/strong> \u00e0 hauteur de Tr\u00e9ogat, provoquant la fermeture partielle de cette portion. Face \u00e0 ces d\u00e9g\u00e2ts, la collectivit\u00e9 locale a lanc\u00e9 des <strong>travaux routiers de r\u00e9paration<\/strong> afin d&rsquo;assurer la <strong>s\u00e9curit\u00e9 routi\u00e8re<\/strong> et la continuit\u00e9 de cette infrastructure avant la saison estivale, p\u00e9riode d\u2019affluence touristique majeure. Cette intervention rapide vise aussi \u00e0 pr\u00e9server l\u2019attractivit\u00e9 \u00e9conomique li\u00e9e au flux de visiteurs sur la route reliant Pouldreuzic \u00e0 la pointe du Raz.<\/p>\n\n<p>Les intemp\u00e9ries r\u00e9centes, en particulier les \u00e9pisodes d&rsquo;inondations et de temp\u00eates, ont fortement impact\u00e9 la structure de la chauss\u00e9e, acc\u00e9l\u00e9rant l\u2019\u00e9rosion c\u00f4ti\u00e8re qui menace r\u00e9guli\u00e8rement cet itin\u00e9raire. Les mesures adopt\u00e9es consistent notamment en la pose de big bags de sable pour stabiliser les abords fragilis\u00e9s et en une remise en \u00e9tat durable de la portion effondr\u00e9e. Un enjeu crucial se joue dans cette <strong>maintenance<\/strong>, entre protection du patrimoine routier et adaptation \u00e0 un environnement naturel en constante \u00e9volution.<\/p>\n\n<h2 class=\"wp-block-heading\">Travaux urgents pour colmater le trou b\u00e9ant \u00e0 Tr\u00e9ogat<\/h2>\n\n<p>Le trou apparu fin avril sur la Route du Vent solaire a provoqu\u00e9 l\u2019interdiction d\u2019acc\u00e8s \u00e0 cette section, suscitant inqui\u00e9tudes et crispations parmi les riverains et acteurs touristiques. Les travaux engag\u00e9s consistent en un remblaiement robustes et un renforcement du sol sous-jacent afin d\u2019assurer la stabilit\u00e9 de la chauss\u00e9e. Cette op\u00e9ration, planifi\u00e9e pour s\u2019achever fin mai, permettra la r\u00e9ouverture compl\u00e8te avant la mont\u00e9e en charge touristique de l\u2019\u00e9t\u00e9.<\/p>\n\n<figure class=\"wp-block-image size-full\"><img decoding=\"async\" width=\"1344\" height=\"768\" src=\"https:\/\/renouvelable-habitat.fr\/wp-content\/uploads\/2026\/05\/Route-du-Vent-solaire-reparation-du-trou-beant-de-Treogat-avant-la-saison-estivale-1.jpg\" alt=\"d\u00e9couvrez l&#039;intervention essentielle de r\u00e9paration du trou b\u00e9ant \u00e0 tr\u00e9ogat sur la route du vent solaire, assurant s\u00e9curit\u00e9 et fluidit\u00e9 avant la saison estivale.\" class=\"wp-image-4052\" srcset=\"https:\/\/renouvelable-habitat.fr\/wp-content\/uploads\/2026\/05\/Route-du-Vent-solaire-reparation-du-trou-beant-de-Treogat-avant-la-saison-estivale-1.jpg 1344w, https:\/\/renouvelable-habitat.fr\/wp-content\/uploads\/2026\/05\/Route-du-Vent-solaire-reparation-du-trou-beant-de-Treogat-avant-la-saison-estivale-1-300x171.jpg 300w, https:\/\/renouvelable-habitat.fr\/wp-content\/uploads\/2026\/05\/Route-du-Vent-solaire-reparation-du-trou-beant-de-Treogat-avant-la-saison-estivale-1-1024x585.jpg 1024w, https:\/\/renouvelable-habitat.fr\/wp-content\/uploads\/2026\/05\/Route-du-Vent-solaire-reparation-du-trou-beant-de-Treogat-avant-la-saison-estivale-1-768x439.jpg 768w, https:\/\/renouvelable-habitat.fr\/wp-content\/uploads\/2026\/05\/Route-du-Vent-solaire-reparation-du-trou-beant-de-Treogat-avant-la-saison-estivale-1-18x10.jpg 18w\" sizes=\"(max-width: 1344px) 100vw, 1344px\" \/><\/figure>\n\n<p>La gestion rapide de la situation a \u00e9t\u00e9 rendue possible gr\u00e2ce \u00e0 la coordination entre les autorit\u00e9s locales et les entreprises sp\u00e9cialis\u00e9es dans les travaux routiers. Cette intervention fait partie d\u2019un plan plus global visant \u00e0 consolider les routes touristiques face aux al\u00e9as climatiques croissants en Finist\u00e8re. Le respect des normes de s\u00e9curit\u00e9 routi\u00e8re demeure une priorit\u00e9 tout au long de cette op\u00e9ration.<\/p>\n\n<h3 class=\"wp-block-heading\">Enjeux de la s\u00e9curit\u00e9 et de la p\u00e9rennit\u00e9 des infrastructures<\/h3>\n\n<p>Cette r\u00e9paration est plus qu\u2019une simple remise en \u00e9tat ponctuelle : elle vise \u00e0 garantir la <strong>p\u00e9rennit\u00e9 des infrastructures<\/strong> dans un contexte o\u00f9 l\u2019\u00e9rosion c\u00f4ti\u00e8re et les ph\u00e9nom\u00e8nes climatiques extr\u00eames se multiplient. La Route du Vent solaire, reliant la pointe de Penmarc\u2019h au Cap-Sizun, est un axe cl\u00e9 pour le d\u00e9veloppement touristique et \u00e9conomique de la r\u00e9gion. Sans intervention adapt\u00e9e, le risque de nouvelles d\u00e9gradations est \u00e9lev\u00e9, mettant en danger tant les usagers que la vitalit\u00e9 locale.<\/p>\n\n<p>Des analyses g\u00e9otechniques ont \u00e9t\u00e9 men\u00e9es en amont pour identifier les zones \u00e0 risque et orienter les travaux vers des solutions durables. Le choix des mat\u00e9riaux et des techniques de consolidation int\u00e8gre d\u00e9sormais une dimension \u00e9cologique, avec un souci de limiter l\u2019impact sur le littoral fragile.<\/p>\n\n<h2 class=\"wp-block-heading\">Impact des intemp\u00e9ries et strat\u00e9gies d\u2019adaptation<\/h2>\n\n<p>Les \u00e9pisodes r\u00e9cents d\u2019inondations et de temp\u00eates ont \u00e9t\u00e9 particuli\u00e8rement violents sur le littoral bigouden, occasionnant un recul acc\u00e9l\u00e9r\u00e9 des dunes et un affaiblissement du talus porteur de la voie. Pour maintenir la fonctionnalit\u00e9 de cette infrastructure architecturale et paysag\u00e8re, des dispositifs de protection ont \u00e9t\u00e9 install\u00e9s aux endroits critiques, notamment des ganivelles et des sacs de sable strat\u00e9giquement plac\u00e9s.<\/p>\n\n<figure class=\"wp-block-image size-full\"><img decoding=\"async\" width=\"1344\" height=\"768\" src=\"https:\/\/renouvelable-habitat.fr\/wp-content\/uploads\/2026\/05\/Route-du-Vent-solaire-reparation-du-trou-beant-de-Treogat-avant-la-saison-estivale-2.jpg\" alt=\"d\u00e9couvrez les travaux de r\u00e9paration du trou b\u00e9ant \u00e0 tr\u00e9ogat sur la route du vent solaire, r\u00e9alis\u00e9s avant la saison estivale pour assurer une circulation s\u00e9curis\u00e9e et agr\u00e9able.\" class=\"wp-image-4053\" srcset=\"https:\/\/renouvelable-habitat.fr\/wp-content\/uploads\/2026\/05\/Route-du-Vent-solaire-reparation-du-trou-beant-de-Treogat-avant-la-saison-estivale-2.jpg 1344w, https:\/\/renouvelable-habitat.fr\/wp-content\/uploads\/2026\/05\/Route-du-Vent-solaire-reparation-du-trou-beant-de-Treogat-avant-la-saison-estivale-2-300x171.jpg 300w, https:\/\/renouvelable-habitat.fr\/wp-content\/uploads\/2026\/05\/Route-du-Vent-solaire-reparation-du-trou-beant-de-Treogat-avant-la-saison-estivale-2-1024x585.jpg 1024w, https:\/\/renouvelable-habitat.fr\/wp-content\/uploads\/2026\/05\/Route-du-Vent-solaire-reparation-du-trou-beant-de-Treogat-avant-la-saison-estivale-2-768x439.jpg 768w, https:\/\/renouvelable-habitat.fr\/wp-content\/uploads\/2026\/05\/Route-du-Vent-solaire-reparation-du-trou-beant-de-Treogat-avant-la-saison-estivale-2-18x10.jpg 18w\" sizes=\"(max-width: 1344px) 100vw, 1344px\" \/><\/figure>\n\n<p>Une liste des actions mises en place figure ci-dessous, illustrant l\u2019effort continu contre la d\u00e9gradation:<\/p>\n\n<ul class=\"wp-block-list\"><li>Installation de big bags de sable pour ralentir le grignotage de la dune.<\/li><li>Surveillance r\u00e9guli\u00e8re des zones fragilis\u00e9es par un dispositif de pr\u00e9vention.<\/li><li>Programmes d\u2019entretien et de renforcement de la chauss\u00e9e sur les sections vuln\u00e9rables.<\/li><li>Dialogue avec les experts en g\u00e9otechnique pour anticiper de futures interventions.<\/li><li>Information et coordination avec les usagers pour garantir une circulation s\u00e9curis\u00e9e.<\/li><\/ul>\n\n<h3 class=\"wp-block-heading\">Planification et calendrier des travaux avant la saison estivale<\/h3>\n\n<p>Les <strong>travaux routiers<\/strong> sur la Route du Vent solaire \u00e0 Tr\u00e9ogat s\u2019inscrivent dans un cadre temporel serr\u00e9 visant une livraison avant l\u2019\u00e9t\u00e9. La p\u00e9riode estivale est en effet cruciale pour le tourisme local et r\u00e9gional ; le maintien d\u2019un itin\u00e9raire fluide est essentiel pour ne pas p\u00e9naliser l\u2019\u00e9conomie touristique. Les collectivit\u00e9s privil\u00e9gient une strat\u00e9gie alliant urgence et durabilit\u00e9 :<\/p>\n\n<figure class=\"wp-block-table\"><table>\n<thead>\n<tr>\n<th>Phase des travaux<\/th>\n<th>Description<\/th>\n<th>Date pr\u00e9vue<\/th>\n<\/tr>\n<\/thead>\n<tbody>\n<tr>\n<td>Inspection et diagnostic<\/td>\n<td>\u00c9valuation de l\u2019\u00e9tat du sol et de la chauss\u00e9e<\/td>\n<td>Fin avril<\/td>\n<\/tr>\n<tr>\n<td>Remblaiement et renforcement<\/td>\n<td>Remplissage du trou et consolidation sous-jacente<\/td>\n<td>D\u00e9but \u00e0 mi-mai<\/td>\n<\/tr>\n<tr>\n<td>R\u00e9fection de la chauss\u00e9e<\/td>\n<td>R\u00e9fection compl\u00e8te et marquage routier<\/td>\n<td>Fin mai<\/td>\n<\/tr>\n<tr>\n<td>R\u00e9ouverture \u00e0 la circulation<\/td>\n<td>Retour \u00e0 la normale sur la RD 40<\/td>\n<td>Fin mai<\/td>\n<\/tr>\n<\/tbody>\n<\/table><\/figure>\n\n<figure class=\"is-provider-youtube is-type-video wp-block-embed wp-block-embed-youtube wp-embed-aspect-16-9 wp-has-aspect-ratio\"><div class=\"wp-block-embed__wrapper\">\n<iframe title=\"Zilly -- Route du Vent Solaire\" width=\"1200\" height=\"675\" src=\"https:\/\/www.youtube.com\/embed\/lv53_iEAdpo?feature=oembed\" frameborder=\"0\" allow=\"accelerometer; autoplay; clipboard-write; encrypted-media; gyroscope; picture-in-picture; web-share\" referrerpolicy=\"strict-origin-when-cross-origin\" allowfullscreen><\/iframe>\n<\/div><\/figure>\n\n<h2 class=\"wp-block-heading\">Discussions locales et perspectives \u00e0 moyen terme<\/h2>\n\n<p>L\u2019\u00e9pisode du <strong>trou b\u00e9ant<\/strong> \u00e0 Tr\u00e9ogat a relanc\u00e9 le d\u00e9bat sur la <strong>maintenance<\/strong> \u00e0 long terme et la viabilit\u00e9 des routes touristiques expos\u00e9es aux caprices du climat. Le conseil municipal de Pouldreuzic a \u00e9voqu\u00e9 plusieurs options, notamment la mise en place d\u2019un plan de sauvegarde p\u00e9renne, int\u00e9grant des am\u00e9nagements renforc\u00e9s et des syst\u00e8mes d\u2019alerte avanc\u00e9s.<\/p>\n\n<p>Des voix s&rsquo;interrogent sur la capacit\u00e9 des infrastructures actuelles \u00e0 r\u00e9sister face \u00e0 l\u2019aggravation attendue de l\u2019\u00e9rosion et des \u00e9pisodes climatiques extr\u00eames. La balance entre co\u00fbt des travaux et b\u00e9n\u00e9fices pour l\u2019\u00e9conomie touristique engage une r\u00e9flexion collective importante.<\/p>\n\n<figure class=\"is-provider-youtube is-type-video wp-block-embed wp-block-embed-youtube wp-embed-aspect-16-9 wp-has-aspect-ratio\"><div class=\"wp-block-embed__wrapper\">\n<iframe title=\"Route du vent Solaire\" width=\"1200\" height=\"675\" src=\"https:\/\/www.youtube.com\/embed\/W82nigv6S24?feature=oembed\" frameborder=\"0\" allow=\"accelerometer; autoplay; clipboard-write; encrypted-media; gyroscope; picture-in-picture; web-share\" referrerpolicy=\"strict-origin-when-cross-origin\" allowfullscreen><\/iframe>\n<\/div><\/figure>\n\n<h3 class=\"wp-block-heading\">Les enjeux \u00e9conomiques et touristiques li\u00e9s \u00e0 la Route du Vent solaire<\/h3>\n\n<p>La Route du Vent solaire, longue de 77 km, est un itin\u00e9raire touristique majeur qui relie la pointe de Penmarc\u2019h \u00e0 celle du Raz. Sa fermeture ou ses difficult\u00e9s d&rsquo;acc\u00e8s impacteraient directement la fr\u00e9quentation touristique et par cons\u00e9quent les commerces et activit\u00e9s locales. Outre la s\u00e9curit\u00e9 routi\u00e8re, la r\u00e9paration du trou \u00e0 Tr\u00e9ogat est essentielle pour le maintien de cette attractivit\u00e9.<\/p>\n\n<p>La dynamique \u00e9conomique du Pays bigouden repose en partie sur la fluidit\u00e9 de ce corridor. Perte d&rsquo;acc\u00e8s ou d\u00e9gradation prolong\u00e9e de la route peuvent provoquer un effet domino sur les secteurs de l\u2019h\u00f4tellerie, de la restauration et des loisirs.<\/p>\n\n<h3 class=\"wp-block-heading\">Liens compl\u00e9mentaires pour approfondir le sujet<\/h3>\n\n<p>Pour une vision plus compl\u00e8te des impacts des intemp\u00e9ries sur la RD 40, consultez l\u2019article sur <a href=\"https:\/\/lorient.maville.com\/actu\/actudet_-inondations-en-finistere-c-est-choquant-les-images-spectaculaires-de-la-rd40-detruite-par-les-intemperies-_region-7154661_actu.Htm\">les inondations en Finist\u00e8re<\/a> et la discussion sur la p\u00e9rennit\u00e9 de la <a href=\"https:\/\/youssafir.com\/fr\/blog\/est-ce-que-ces-routes-touristiques-vont-etre-maintenues-a-pouldreuzic-des-travaux-pour-sauver-a-moyen-terme-la-route-du-vent-solaire-7001861\">maintenance des routes touristiques<\/a> \u00e0 Pouldreuzic.<\/p>\n\n<script type=\"application\/ld+json\">\n{\"@context\":\"https:\/\/schema.org\",\"@type\":\"FAQPage\",\"mainEntity\":[{\"@type\":\"Question\",\"name\":\"Pourquoi la Route du Vent solaire est-elle si importante ?\",\"acceptedAnswer\":{\"@type\":\"Answer\",\"text\":\"Cette route est un axe touristique majeur du Pays bigouden, reliant des points stratu00e9giques cu00f4tiers, essentielle u00e0 lu2019u00e9conomie locale et u00e0 la mobilitu00e9 estivale.\"}},{\"@type\":\"Question\",\"name\":\"Quelles sont les causes principales du trou au niveau de Tru00e9ogat ?\",\"acceptedAnswer\":{\"@type\":\"Answer\",\"text\":\"Les intempu00e9ries successives, notamment les tempu00eates et inondations, ont causu00e9 une u00e9rosion accu00e9lu00e9ru00e9e et un affaissement de la chaussu00e9e.\"}},{\"@type\":\"Question\",\"name\":\"Quels moyens sont mis en place pour assurer la su00e9curitu00e9 routiu00e8re ?\",\"acceptedAnswer\":{\"@type\":\"Answer\",\"text\":\"Les travaux incluent un remblaiement solide, la pose de big bags de sable pour stabilisation, et un renforcement gu00e9otechnique du sol.\"}},{\"@type\":\"Question\",\"name\":\"Quand la circulation sera-t-elle ru00e9tablie ?\",\"acceptedAnswer\":{\"@type\":\"Answer\",\"text\":\"La ru00e9ouverture de la route est pru00e9vue pour fin mai, juste avant la saison estivale.\"}},{\"@type\":\"Question\",\"name\":\"Quelle est la stratu00e9gie long terme pour cette route ?\",\"acceptedAnswer\":{\"@type\":\"Answer\",\"text\":\"Un plan de sauvegarde durable est envisagu00e9, alliant surveillance, entretien renforcu00e9, et adaptations face u00e0 lu2019u00e9rosion cu00f4tiu00e8re.\"}}]}\n<\/script>\n<h3>Pourquoi la Route du Vent solaire est-elle si importante ?<\/h3>\n<p>Cette route est un axe touristique majeur du Pays bigouden, reliant des points strat\u00e9giques c\u00f4tiers, essentielle \u00e0 l\u2019\u00e9conomie locale et \u00e0 la mobilit\u00e9 estivale.<\/p>\n<h3>Quelles sont les causes principales du trou au niveau de Tr\u00e9ogat ?<\/h3>\n<p>Les intemp\u00e9ries successives, notamment les temp\u00eates et inondations, ont caus\u00e9 une \u00e9rosion acc\u00e9l\u00e9r\u00e9e et un affaissement de la chauss\u00e9e.<\/p>\n<h3>Quels moyens sont mis en place pour assurer la s\u00e9curit\u00e9 routi\u00e8re ?<\/h3>\n<p>Les travaux incluent un remblaiement solide, la pose de big bags de sable pour stabilisation, et un renforcement g\u00e9otechnique du sol.<\/p>\n<h3>Quand la circulation sera-t-elle r\u00e9tablie ?<\/h3>\n<p>La r\u00e9ouverture de la route est pr\u00e9vue pour fin mai, juste avant la saison estivale.<\/p>\n<h3>Quelle est la strat\u00e9gie long terme pour cette route ?<\/h3>\n<p>Un plan de sauvegarde durable est envisag\u00e9, alliant surveillance, entretien renforc\u00e9, et adaptations face \u00e0 l\u2019\u00e9rosion c\u00f4ti\u00e8re.<\/p>\n\n","protected":false},"excerpt":{"rendered":"<p>La Route du Vent solaire, axe incontournable pour le tourisme en Pays bigouden, a r\u00e9cemment subi des d\u00e9gradations importantes notamment avec l\u2019apparition d\u2019un trou b\u00e9ant \u00e0 hauteur de Tr\u00e9ogat, provoquant la fermeture partielle de cette portion. Face \u00e0 ces d\u00e9g\u00e2ts, la collectivit\u00e9 locale a lanc\u00e9 des travaux routiers de r\u00e9paration afin d&rsquo;assurer la s\u00e9curit\u00e9 routi\u00e8re &#8230; <a title=\"Route du Vent solaire : r\u00e9paration du trou b\u00e9ant de Tr\u00e9ogat avant la saison estivale\" class=\"read-more\" href=\"https:\/\/renouvelable-habitat.fr\/pt\/route-du-vent-solaire-reparation-du-trou-beant-de-treogat-avant-la-saison-estivale\/\" aria-label=\"Read more about Route du Vent solaire : r\u00e9paration du trou b\u00e9ant de Tr\u00e9ogat avant la saison estivale\">Leia, mas<\/a><\/p>","protected":false},"author":3,"featured_media":4051,"comment_status":"open","ping_status":"open","sticky":false,"template":"","format":"standard","meta":{"_seopress_robots_primary_cat":"","_seopress_titles_title":"Route du Vent solaire : R\u00e9parer le trou de Tr\u00e9ogat avant l'\u00e9t\u00e9","_seopress_titles_desc":"R\u00e9paration urgente du trou b\u00e9ant \u00e0 Tr\u00e9ogat sur la Route du Vent solaire avant l'\u00e9t\u00e9 pour assurer s\u00e9curit\u00e9 et confort des voyageurs.","_seopress_robots_index":"","inline_featured_image":false,"footnotes":""},"categories":[16],"tags":[],"class_list":["post-4054","post","type-post","status-publish","format-standard","has-post-thumbnail","hentry","category-actualite","generate-columns","tablet-grid-50","mobile-grid-100","grid-parent","grid-33"],"_links":{"self":[{"href":"https:\/\/renouvelable-habitat.fr\/pt\/wp-json\/wp\/v2\/posts\/4054","targetHints":{"allow":["GET"]}}],"collection":[{"href":"https:\/\/renouvelable-habitat.fr\/pt\/wp-json\/wp\/v2\/posts"}],"about":[{"href":"https:\/\/renouvelable-habitat.fr\/pt\/wp-json\/wp\/v2\/types\/post"}],"author":[{"embeddable":true,"href":"https:\/\/renouvelable-habitat.fr\/pt\/wp-json\/wp\/v2\/users\/3"}],"replies":[{"embeddable":true,"href":"https:\/\/renouvelable-habitat.fr\/pt\/wp-json\/wp\/v2\/comments?post=4054"}],"version-history":[{"count":0,"href":"https:\/\/renouvelable-habitat.fr\/pt\/wp-json\/wp\/v2\/posts\/4054\/revisions"}],"wp:featuredmedia":[{"embeddable":true,"href":"https:\/\/renouvelable-habitat.fr\/pt\/wp-json\/wp\/v2\/media\/4051"}],"wp:attachment":[{"href":"https:\/\/renouvelable-habitat.fr\/pt\/wp-json\/wp\/v2\/media?parent=4054"}],"wp:term":[{"taxonomy":"category","embeddable":true,"href":"https:\/\/renouvelable-habitat.fr\/pt\/wp-json\/wp\/v2\/categories?post=4054"},{"taxonomy":"post_tag","embeddable":true,"href":"https:\/\/renouvelable-habitat.fr\/pt\/wp-json\/wp\/v2\/tags?post=4054"}],"curies":[{"name":"wp","href":"https:\/\/api.w.org\/{rel}","templated":true}]}}