{"id":731,"date":"2024-07-31T07:53:21","date_gmt":"2024-07-31T06:53:21","guid":{"rendered":"https:\/\/renouvelable-habitat.fr\/?p=731"},"modified":"2024-10-10T09:53:06","modified_gmt":"2024-10-10T08:53:06","slug":"porta-de-garagem-emperrada","status":"publish","type":"post","link":"https:\/\/renouvelable-habitat.fr\/pt\/porta-de-garagem-emperrada\/","title":{"rendered":"Porta de garagem basculante emperrada\u00a0"},"content":{"rendered":"<p>O <strong>portas de garagem basculantes<\/strong> s\u00e3o muito populares gra\u00e7as \u00e0 sua facilidade de uso e praticidade. No entanto, \u00e0s vezes eles podem emperrar, causando transtornos aos propriet\u00e1rios. Aqui, exploramos os <strong>Poss\u00edveis causas de obstru\u00e7\u00e3o<\/strong> de um <a href=\"https:\/\/renouvelable-habitat.fr\/pt\/problema-de-porta-seccional-de-garagem\/\">port\u00e3o de garagem basculante<\/a> assim como <strong>solu\u00e7\u00f5es pr\u00e1ticas<\/strong> para remediar a situa\u00e7\u00e3o. Vamos dar uma olhada tamb\u00e9m em <strong>medidas preventivas<\/strong> para evitar essas situa\u00e7\u00f5es. Voc\u00ea pode acabar com <strong>fechamento<\/strong> e<strong>abertura<\/strong> se o <strong>trava<\/strong> ou o <strong>sistema<\/strong> da porta n\u00e3o s\u00e3o mantidas regularmente.<\/p>\n\n\n<div class=\"gb-container gb-container-fd14856d\">\n\n<h4 class=\"gb-headline gb-headline-3185f73d gb-headline-text\">Descubra as solu\u00e7\u00f5es para <a href=\"https:\/\/renouvelable-habitat.fr\/pt\/problema-de-porta-seccional-de-garagem\/\">problemas com portas seccionais de garagem<\/a>.<\/h4>\n\n<\/div>\n\n\n<h2 class=\"wp-block-heading\"><strong>Causas de portas de garagem basculantes emperradas<\/strong><\/h2>\n\n\n<div class=\"gb-container gb-container-183f8fbb\">\n\n<figure class=\"wp-block-embed is-type-video is-provider-youtube wp-block-embed-youtube wp-embed-aspect-16-9 wp-has-aspect-ratio\"><div class=\"wp-block-embed__wrapper\">\n<iframe title=\"Tuto #1 Como abrir uma porta sem chaves?\" width=\"1200\" height=\"675\" src=\"https:\/\/www.youtube.com\/embed\/0cEn_I8Xmfc?feature=oembed\" frameborder=\"0\" allow=\"accelerometer; autoplay; clipboard-write; encrypted-media; gyroscope; picture-in-picture; web-share\" referrerpolicy=\"strict-origin-when-cross-origin\" allowfullscreen><\/iframe>\n<\/div><\/figure>\n\n<\/div>\n\n\n<h3 class=\"wp-block-heading\"><strong>Obst\u00e1culo no trilho<\/strong><\/h3>\n\n\n\n<p>Um obst\u00e1culo no trilho \u00e9 um dos problemas mais comuns. Detritos, latas ou outros objetos podem ficar presos nos trilhos, impedindo que a porta se mova livremente. Inspecione os trilhos regularmente e remova todos os objetos que possam interferir no bom funcionamento. \u00c9 essencial <strong>verificar<\/strong> os trilhos <strong>manualmente<\/strong> para evitar qualquer <strong>interrup\u00e7\u00e3o<\/strong> da porta de sua garagem<\/p>\n\n\n\n<h3 class=\"wp-block-heading\"><strong>Problema com as molas<\/strong><\/h3>\n\n\n\n<p>O <strong>nascentes<\/strong> desempenham um papel fundamental na abertura e no fechamento do port\u00e3o da garagem. Uma mola danificada ou quebrada pode fazer com que a porta emperre. Se voc\u00ea suspeitar de um problema na mola, \u00e9 aconselh\u00e1vel chamar um profissional para fazer um reparo seguro e eficaz. Portanto, um conselho: se voc\u00ea notar <strong>interrup\u00e7\u00f5es<\/strong> \u00e9 melhor recorrer aos servi\u00e7os de um especialista. <strong>profissional<\/strong> para um <strong>reparo.<\/strong><\/p>\n\n\n\n<h3 class=\"wp-block-heading\"><strong>Desalinhamento da porta<\/strong><\/h3>\n\n\n\n<p>Com o tempo, o port\u00e3o da garagem pode ficar deformado ou desalinhado. Mesmo um leve desalinhamento pode dificultar ou impedir a eleva\u00e7\u00e3o. Certifique-se de verificar o alinhamento periodicamente e ajust\u00e1-lo, se necess\u00e1rio, para garantir uma abertura suave.<\/p>\n\n\n\n<h3 class=\"wp-block-heading\"><strong>Desgaste de componentes<\/strong><\/h3>\n\n\n\n<p>Todos os mecanismos t\u00eam pe\u00e7as sujeitas a desgaste. O <strong>dobradi\u00e7as<\/strong>Para funcionar corretamente, os piv\u00f4s e outros componentes mec\u00e2nicos devem estar em boas condi\u00e7\u00f5es. Substitua-os assim que apresentarem sinais de fraqueza ou deteriora\u00e7\u00e3o.<\/p>\n\n\n\n<h2 class=\"wp-block-heading\"><strong>Solu\u00e7\u00f5es para destravar uma porta de garagem<\/strong><\/h2>\n\n\n\n<figure class=\"gb-block-image gb-block-image-0256fe1d\"><img decoding=\"async\" width=\"775\" height=\"369\" class=\"gb-image gb-image-0256fe1d\" src=\"https:\/\/renouvelable-habitat.fr\/wp-content\/uploads\/2024\/07\/porte-de-garage-basculante-bloquee-ouverte.jpg\" alt=\"Porta de garagem basculante emperrada\" title=\"porta de garagem aberta em cima do bloco\" srcset=\"https:\/\/renouvelable-habitat.fr\/wp-content\/uploads\/2024\/07\/porte-de-garage-basculante-bloquee-ouverte.jpg 775w, https:\/\/renouvelable-habitat.fr\/wp-content\/uploads\/2024\/07\/porte-de-garage-basculante-bloquee-ouverte-300x143.jpg 300w, https:\/\/renouvelable-habitat.fr\/wp-content\/uploads\/2024\/07\/porte-de-garage-basculante-bloquee-ouverte-768x366.jpg 768w\" sizes=\"(max-width: 775px) 100vw, 775px\" \/><\/figure>\n\n\n\n<h3 class=\"wp-block-heading\"><strong>Verifica\u00e7\u00e3o e limpeza dos trilhos<\/strong><\/h3>\n\n\n\n<p>A primeira etapa \u00e9 inspecionar os trilhos para verificar se h\u00e1 alguma obstru\u00e7\u00e3o. Use uma lanterna para ajud\u00e1-lo a ver os cantos escuros e remova qualquer sujeira ou objeto que esteja bloqueando o caminho. Certifique-se de que os trilhos estejam retos e n\u00e3o torcidos. Se notar algum problema, corrija-o ou chame um especialista.<\/p>\n\n\n\n<h3 class=\"wp-block-heading\"><strong>Inspe\u00e7\u00e3o de primavera<\/strong><\/h3>\n\n\n\n<p>As molas precisam de aten\u00e7\u00e3o especial. Inspecione-as para verificar se h\u00e1 rachaduras ou quebras. N\u00e3o tente consertar ou substituir uma mola por conta pr\u00f3pria sem o conhecimento adequado. Confie essa tarefa a um especialista para evitar o risco de les\u00f5es. L'<strong>instala\u00e7\u00e3o<\/strong> novo <strong>modelos<\/strong> deve ser confiado a um <strong>profissional<\/strong> para garantir <strong>seguran\u00e7a<\/strong> \u00f3timo.<\/p>\n\n\n\n<h3 class=\"wp-block-heading\"><strong>Ajuste de alinhamento<\/strong><\/h3>\n\n\n\n<p>Uma ferramenta como qualquer outra <strong>n\u00edvel de bolha<\/strong> pode ser \u00fatil para verificar o alinhamento do port\u00e3o da garagem. Se necess\u00e1rio, ajuste os fixadores para restaurar o alinhamento perfeito. \u00c0s vezes, os parafusos podem estar soltos e precisam ser reapertados. Fa\u00e7a essa verifica\u00e7\u00e3o regularmente para manter o desempenho do port\u00e3o. O ajuste do alinhamento pode evitar <strong>problemas<\/strong> de <strong>desbloqueio.<\/strong><\/p>\n\n\n\n<h2 class=\"wp-block-heading\"><strong>T\u00e9cnicas de desbloqueio manual<\/strong><\/h2>\n\n\n\n<figure class=\"gb-block-image gb-block-image-f5f17414\"><img decoding=\"async\" width=\"811\" height=\"420\" class=\"gb-image gb-image-f5f17414\" src=\"https:\/\/renouvelable-habitat.fr\/wp-content\/uploads\/2024\/07\/1-inspection-des-ressorts-porte-de-garage-basculante.jpg\" alt=\"Inspe\u00e7\u00e3o da mola Porta de garagem basculante \" title=\"1-inspe\u00e7\u00e3o de molas de porta de garagem suspensa\" srcset=\"https:\/\/renouvelable-habitat.fr\/wp-content\/uploads\/2024\/07\/1-inspection-des-ressorts-porte-de-garage-basculante.jpg 811w, https:\/\/renouvelable-habitat.fr\/wp-content\/uploads\/2024\/07\/1-inspection-des-ressorts-porte-de-garage-basculante-300x155.jpg 300w, https:\/\/renouvelable-habitat.fr\/wp-content\/uploads\/2024\/07\/1-inspection-des-ressorts-porte-de-garage-basculante-768x398.jpg 768w\" sizes=\"(max-width: 811px) 100vw, 811px\" \/><\/figure>\n\n\n\n<h3 class=\"wp-block-heading\"><strong>Uso do cabo de emerg\u00eancia<\/strong><\/h3>\n\n\n\n<p>A maioria dos port\u00f5es de garagem manuais tem um <strong>Cabo de libera\u00e7\u00e3o de emerg\u00eancia<\/strong> preso aos trilhos. Puxar esse cabo desengata o mecanismo el\u00e9trico, permitindo que a porta seja aberta e fechada manualmente. Recomendo que voc\u00ea saiba como usar o <strong>cabo de emerg\u00eancia<\/strong> para <strong>aberto<\/strong> a porta <strong>manualmente<\/strong> em caso de pane.<\/p>\n\n\n\n<ul class=\"wp-block-list\">\n<li>Identifica\u00e7\u00e3o do cabo de emerg\u00eancia<\/li>\n\n\n\n<li>Puxe o cabo para desengatar o mecanismo<\/li>\n\n\n\n<li>Use for\u00e7a manual para levantar a porta<\/li>\n\n\n\n<li>Reativar o mecanismo quando o problema for resolvido<\/li>\n<\/ul>\n\n\n\n<h3 class=\"wp-block-heading\"><strong>Bypass eletr\u00f4nico<\/strong><\/h3>\n\n\n\n<p>Se a sua porta estiver equipada com um sistema eletr\u00f4nico, \u00e9 poss\u00edvel executar um <strong>reinicializa\u00e7\u00e3o do motor<\/strong>. Consulte o manual do port\u00e3o da garagem para obter instru\u00e7\u00f5es espec\u00edficas sobre como reiniciar o motor e realizar uma nova sincroniza\u00e7\u00e3o. A <strong>redefinir<\/strong> pode ser necess\u00e1rio se o <strong>sistema el\u00e9trico<\/strong> de sua porta se encontra <strong>problemas<\/strong>.<\/p>\n\n\n\n<h2 class=\"wp-block-heading\"><strong>Precau\u00e7\u00f5es e manuten\u00e7\u00e3o preventiva<\/strong><\/h2>\n\n\n<div class=\"gb-container gb-container-232660c6\">\n\n<figure class=\"wp-block-embed is-type-video is-provider-youtube wp-block-embed-youtube wp-embed-aspect-16-9 wp-has-aspect-ratio\"><div class=\"wp-block-embed__wrapper\">\n<iframe title=\"Manuten\u00e7\u00e3o de portas de garagem ZAPF\" width=\"1200\" height=\"675\" src=\"https:\/\/www.youtube.com\/embed\/9CUmOlUR7SI?feature=oembed\" frameborder=\"0\" allow=\"accelerometer; autoplay; clipboard-write; encrypted-media; gyroscope; picture-in-picture; web-share\" referrerpolicy=\"strict-origin-when-cross-origin\" allowfullscreen><\/iframe>\n<\/div><\/figure>\n\n<\/div>\n\n\n<h3 class=\"wp-block-heading\"><strong>Inspe\u00e7\u00e3o regular<\/strong><\/h3>\n\n\n\n<p>Planeje inspe\u00e7\u00f5es regulares para identificar poss\u00edveis problemas antes que eles se tornem graves. Esse simples ato \u00e9 essencial para manter o port\u00e3o da garagem em boas condi\u00e7\u00f5es de funcionamento e evitar surpresas desagrad\u00e1veis. A <strong>inspe\u00e7\u00e3o<\/strong> para detectar <strong>pe\u00e7as<\/strong> e evitar quebras dispendiosas.<\/p>\n\n\n\n<h3 class=\"wp-block-heading\"><strong>Componentes de lubrifica\u00e7\u00e3o<\/strong><\/h3>\n\n\n\n<p>Lubrifique os trilhos, as dobradi\u00e7as e outras pe\u00e7as m\u00f3veis pelo menos uma vez por ano. Use lubrificantes recomendados pelo fabricante para garantir movimentos sem atrito e reduzir o desgaste prematuro.&nbsp;<\/p>\n\n\n\n<h3 class=\"wp-block-heading\"><strong>Atualiza\u00e7\u00e3o anual<\/strong><\/h3>\n\n\n\n<p>Recomenda-se a realiza\u00e7\u00e3o de um ajuste completo por um profissional todos os anos. Isso inclui uma inspe\u00e7\u00e3o completa das molas, cabos, trilhos e outros componentes vitais do port\u00e3o da garagem. O t\u00e9cnico pode, ent\u00e3o, fazer os ajustes necess\u00e1rios para garantir uma opera\u00e7\u00e3o ideal.<\/p>\n\n\n\n<h2 class=\"wp-block-heading\"><strong>Dicas adicionais para uso seguro<\/strong><\/h2>\n\n\n\n<p>Ao instalar ou fazer a manuten\u00e7\u00e3o de um port\u00e3o de garagem, \u00e9 comum encontrar v\u00e1rios problemas t\u00e9cnicos. Por exemplo, al\u00e9m dos desafios apresentados por um port\u00e3o de garagem emperrado, muitos propriet\u00e1rios tamb\u00e9m precisam lidar com <strong>problemas com sua porta seccional de garagem<\/strong>. Essas portas, que geralmente s\u00e3o motorizadas, podem apresentar falhas espec\u00edficas, como mau funcionamento do motor, dificuldades para fechar corretamente ou problemas no controle remoto. Para obter um entendimento completo e solu\u00e7\u00f5es detalhadas para <strong>problemas com portas seccionais de garagem<\/strong>Veja nosso guia para <a href=\"https:\/\/renouvelable-habitat.fr\/pt\/problema-de-porta-seccional-de-garagem\/\">problemas com portas seccionais de garagem<\/a>. Voc\u00ea encontrar\u00e1 conselhos pr\u00e1ticos sobre como diagnosticar e resolver esses problemas comuns, garantindo que o port\u00e3o da sua garagem funcione da melhor forma poss\u00edvel. Saiba como escolher o produto certo <a href=\"https:\/\/renouvelable-habitat.fr\/pt\/qual-porta-de-garagem-e-mais-isolante\/\">a porta de garagem mais isolante<\/a>.<\/p>\n\n\n\n<h3 class=\"wp-block-heading\"><strong>Evite cargas excessivas<\/strong><\/h3>\n\n\n\n<p>Nunca coloque peso excessivo sobre ou pr\u00f3ximo ao port\u00e3o da garagem. Objetos pesados podem afetar o equil\u00edbrio do port\u00e3o ou at\u00e9 mesmo fazer com que ele emperre. Sempre mantenha o espa\u00e7o ao redor da porta livre. Recomendo adicionar um <strong>cadeado<\/strong> para refor\u00e7ar o <strong>seguran\u00e7a<\/strong> da porta de sua garagem tamb\u00e9m.<\/p>\n\n\n\n<h3 class=\"wp-block-heading\"><strong>Supervis\u00e3o de crian\u00e7as e animais de estima\u00e7\u00e3o<\/strong><\/h3>\n\n\n\n<p>Evite que crian\u00e7as e animais de estima\u00e7\u00e3o brinquem perto da garagem, especialmente quando a porta estiver em movimento. Essas precau\u00e7\u00f5es reduzem consideravelmente o risco de acidentes e garantem a seguran\u00e7a de todos os membros de sua fam\u00edlia. Voc\u00ea deve verificar se o <strong>manuseio<\/strong> e <strong>rodas<\/strong> est\u00e3o sempre em boas condi\u00e7\u00f5es.<\/p>\n\n\n\n<h3 class=\"wp-block-heading\"><strong>Treinamento para o uso correto<\/strong><\/h3>\n\n\n\n<p>Treine todos os usu\u00e1rios dom\u00e9sticos sobre o uso adequado do mecanismo do port\u00e3o da garagem. Mostre a eles como manusear o cabo de emerg\u00eancia corretamente e avise-os sobre os poss\u00edveis perigos do uso indevido. Eu o incentivo a explicar aos membros de sua fam\u00edlia como <strong>desbloqueio<\/strong> a porta em caso de <strong>bloqueio<\/strong>.<\/p>","protected":false},"excerpt":{"rendered":"<p>As portas basculantes de garagem s\u00e3o muito populares gra\u00e7as \u00e0 sua facilidade de utiliza\u00e7\u00e3o e praticidade. Por\u00e9m, \u00e0s vezes eles ficam bloqueados, causando transtornos aos propriet\u00e1rios. Aqui, vamos explorar as poss\u00edveis causas do emperramento de uma porta suspensa de garagem e solu\u00e7\u00f5es pr\u00e1ticas para consert\u00e1-la. Vamos discutir tamb\u00e9m as medidas preventivas a adotar\u2026 <a title=\"Porta de garagem basculante emperrada\u00a0\" class=\"read-more\" href=\"https:\/\/renouvelable-habitat.fr\/pt\/porta-de-garagem-emperrada\/\" aria-label=\"Leia mais sobre Porta basculante de garagem bloqueada\u00a0\">Leia, mas<\/a><\/p>","protected":false},"author":3,"featured_media":734,"comment_status":"open","ping_status":"open","sticky":false,"template":"","format":"standard","meta":{"_seopress_robots_primary_cat":"8","_seopress_titles_title":"Comment faire avec une Porte de garage basculante bloqu\u00e9e ?","_seopress_titles_desc":"Comment faire avec une Porte de garage basculante bloqu\u00e9e ? Regardons ici des solutions pratiques pour y rem\u00e9dier !","_seopress_robots_index":"","inline_featured_image":false,"footnotes":""},"categories":[8],"tags":[],"class_list":["post-731","post","type-post","status-publish","format-standard","has-post-thumbnail","hentry","category-travaux-maison","generate-columns","tablet-grid-50","mobile-grid-100","grid-parent","grid-33"],"_links":{"self":[{"href":"https:\/\/renouvelable-habitat.fr\/pt\/wp-json\/wp\/v2\/posts\/731","targetHints":{"allow":["GET"]}}],"collection":[{"href":"https:\/\/renouvelable-habitat.fr\/pt\/wp-json\/wp\/v2\/posts"}],"about":[{"href":"https:\/\/renouvelable-habitat.fr\/pt\/wp-json\/wp\/v2\/types\/post"}],"author":[{"embeddable":true,"href":"https:\/\/renouvelable-habitat.fr\/pt\/wp-json\/wp\/v2\/users\/3"}],"replies":[{"embeddable":true,"href":"https:\/\/renouvelable-habitat.fr\/pt\/wp-json\/wp\/v2\/comments?post=731"}],"version-history":[{"count":0,"href":"https:\/\/renouvelable-habitat.fr\/pt\/wp-json\/wp\/v2\/posts\/731\/revisions"}],"wp:featuredmedia":[{"embeddable":true,"href":"https:\/\/renouvelable-habitat.fr\/pt\/wp-json\/wp\/v2\/media\/734"}],"wp:attachment":[{"href":"https:\/\/renouvelable-habitat.fr\/pt\/wp-json\/wp\/v2\/media?parent=731"}],"wp:term":[{"taxonomy":"category","embeddable":true,"href":"https:\/\/renouvelable-habitat.fr\/pt\/wp-json\/wp\/v2\/categories?post=731"},{"taxonomy":"post_tag","embeddable":true,"href":"https:\/\/renouvelable-habitat.fr\/pt\/wp-json\/wp\/v2\/tags?post=731"}],"curies":[{"name":"wp","href":"https:\/\/api.w.org\/{rel}","templated":true}]}}